{"id":1077,"date":"2018-02-09T08:52:43","date_gmt":"2018-02-09T08:52:43","guid":{"rendered":"https:\/\/www.signum.cat\/?p=1077"},"modified":"2022-02-21T11:36:17","modified_gmt":"2022-02-21T10:36:17","slug":"edificis-intel%c2%b7ligents-financament-en-edificacions","status":"publish","type":"post","link":"https:\/\/www.signum.cat\/ca\/edificis-intel%c2%b7ligents-financament-en-edificacions\/","title":{"rendered":"Edificis intel\u00b7ligents &#8211; Finan\u00e7ament en Edificacions"},"content":{"rendered":"<p>El passat 6 de Febrer, el <a href=\"https:\/\/ec.europa.eu\/info\/news\/smart-finance-smart-buildings-investing-energy-efficiency-buildings-2018-feb-07_en\" target=\"_blank\" rel=\"noopener\">Consell del Banc Europeu d&#8217;Inversions<\/a>, va aprovar un nou instrument financer, <strong>Smart Finance for Smart Buildings. <\/strong><\/p>\n<p>L&#8217;Objectiu \u00e9s fer m\u00e9s atractives per inversors privats, els projectes d&#8217;efici\u00e8ncia energ\u00e8tica en edificis residencials.<\/p>\n<p>Amb la pretensi\u00f3 de desbloquejar 10.000 milions d&#8217;euros d&#8217;aqu\u00ed al 2020, en fons p\u00fablics i privats per a <a href=\"https:\/\/www.signum.cat\/ca\/eficiencia-energetica-un-futur-mes-sostenible\/\">projectes d&#8217;efici\u00e8ncia energ\u00e8tica.<\/a><\/p>\n<p>&nbsp;<\/p>\n<p>&nbsp;<\/p>\n<p>&nbsp;<\/p>\n","protected":false},"excerpt":{"rendered":"<p>El passat 6 de Febrer, el Consell del Banc Europeu d&#8217;Inversions, va aprovar un nou instrument financer, Smart Finance for Smart Buildings. L&#8217;Objectiu \u00e9s fer m\u00e9s atractives per inversors privats, els projectes d&#8217;efici\u00e8ncia energ\u00e8tica en edificis residencials. Amb la pretensi\u00f3&#8230;<\/p>\n","protected":false},"author":3,"featured_media":1093,"comment_status":"closed","ping_status":"open","sticky":false,"template":"","format":"standard","meta":{"_kad_post_transparent":"default","_kad_post_title":"default","_kad_post_layout":"default","_kad_post_sidebar_id":"","_kad_post_content_style":"default","_kad_post_vertical_padding":"default","_kad_post_feature":"","_kad_post_feature_position":"","_kad_post_header":false,"_kad_post_footer":false,"footnotes":"","_joinchat":[]},"categories":[6,7],"tags":[],"yoast_head":"<!-- This site is optimized with the Yoast SEO plugin v21.7 - https:\/\/yoast.com\/wordpress\/plugins\/seo\/ -->\n<title>Edificis intel\u00b7ligents - Finan\u00e7ament en Edificacions - SIGNUM<\/title>\n<meta name=\"description\" content=\"L&#039;Objectiu \u00e9s fer m\u00e9s atractives per inversors privats, els projectes d&#039;efici\u00e8ncia energ\u00e8tica en edificis intel\u00b7ligents residencials).\" \/>\n<meta name=\"robots\" content=\"index, follow, max-snippet:-1, max-image-preview:large, max-video-preview:-1\" \/>\n<link rel=\"canonical\" href=\"https:\/\/www.signum.cat\/ca\/edificis-intel\u00b7ligents-financament-en-edificacions\/\" \/>\n<meta property=\"og:locale\" content=\"ca_ES\" \/>\n<meta property=\"og:type\" content=\"article\" \/>\n<meta property=\"og:title\" content=\"Edificis intel\u00b7ligents - Finan\u00e7ament en Edificacions - SIGNUM\" \/>\n<meta property=\"og:description\" content=\"L&#039;Objectiu \u00e9s fer m\u00e9s atractives per inversors privats, els projectes d&#039;efici\u00e8ncia energ\u00e8tica en edificis intel\u00b7ligents residencials).\" \/>\n<meta property=\"og:url\" content=\"https:\/\/www.signum.cat\/ca\/edificis-intel\u00b7ligents-financament-en-edificacions\/\" \/>\n<meta property=\"og:site_name\" content=\"SIGNUM\" \/>\n<meta property=\"article:published_time\" content=\"2018-02-09T08:52:43+00:00\" \/>\n<meta property=\"article:modified_time\" content=\"2022-02-21T10:36:17+00:00\" \/>\n<meta property=\"og:image\" content=\"https:\/\/www.signum.cat\/wp-content\/uploads\/2018\/02\/dimensionamento-eficiente-edificios-2014-e1518167339509.jpg\" \/>\n\t<meta property=\"og:image:width\" content=\"540\" \/>\n\t<meta property=\"og:image:height\" content=\"430\" \/>\n\t<meta property=\"og:image:type\" content=\"image\/jpeg\" \/>\n<meta name=\"author\" content=\"Albert\" \/>\n<meta name=\"twitter:card\" content=\"summary_large_image\" \/>\n<meta name=\"twitter:label1\" content=\"Written by\" \/>\n\t<meta name=\"twitter:data1\" content=\"Albert\" \/>\n\t<meta name=\"twitter:label2\" content=\"Est. reading time\" \/>\n\t<meta name=\"twitter:data2\" content=\"1 minute\" \/>\n<script type=\"application\/ld+json\" class=\"yoast-schema-graph\">{\"@context\":\"https:\/\/schema.org\",\"@graph\":[{\"@type\":\"Article\",\"@id\":\"https:\/\/www.signum.cat\/ca\/edificis-intel%c2%b7ligents-financament-en-edificacions\/#article\",\"isPartOf\":{\"@id\":\"https:\/\/www.signum.cat\/ca\/edificis-intel%c2%b7ligents-financament-en-edificacions\/\"},\"author\":{\"name\":\"Albert\",\"@id\":\"https:\/\/www.signum.cat\/#\/schema\/person\/650f872a1fac397fa3c11e5e2484db29\"},\"headline\":\"Edificis intel\u00b7ligents &#8211; Finan\u00e7ament en Edificacions\",\"datePublished\":\"2018-02-09T08:52:43+00:00\",\"dateModified\":\"2022-02-21T10:36:17+00:00\",\"mainEntityOfPage\":{\"@id\":\"https:\/\/www.signum.cat\/ca\/edificis-intel%c2%b7ligents-financament-en-edificacions\/\"},\"wordCount\":72,\"publisher\":{\"@id\":\"https:\/\/www.signum.cat\/#organization\"},\"articleSection\":[\"Inversions\",\"Noticies\"],\"inLanguage\":\"ca-ES\"},{\"@type\":\"WebPage\",\"@id\":\"https:\/\/www.signum.cat\/ca\/edificis-intel%c2%b7ligents-financament-en-edificacions\/\",\"url\":\"https:\/\/www.signum.cat\/ca\/edificis-intel%c2%b7ligents-financament-en-edificacions\/\",\"name\":\"Edificis intel\u00b7ligents - Finan\u00e7ament en Edificacions - SIGNUM\",\"isPartOf\":{\"@id\":\"https:\/\/www.signum.cat\/#website\"},\"datePublished\":\"2018-02-09T08:52:43+00:00\",\"dateModified\":\"2022-02-21T10:36:17+00:00\",\"description\":\"L'Objectiu \u00e9s fer m\u00e9s atractives per inversors privats, els projectes d'efici\u00e8ncia energ\u00e8tica en edificis intel\u00b7ligents residencials).\",\"breadcrumb\":{\"@id\":\"https:\/\/www.signum.cat\/ca\/edificis-intel%c2%b7ligents-financament-en-edificacions\/#breadcrumb\"},\"inLanguage\":\"ca-ES\",\"potentialAction\":[{\"@type\":\"ReadAction\",\"target\":[\"https:\/\/www.signum.cat\/ca\/edificis-intel%c2%b7ligents-financament-en-edificacions\/\"]}]},{\"@type\":\"BreadcrumbList\",\"@id\":\"https:\/\/www.signum.cat\/ca\/edificis-intel%c2%b7ligents-financament-en-edificacions\/#breadcrumb\",\"itemListElement\":[{\"@type\":\"ListItem\",\"position\":1,\"name\":\"Portada\",\"item\":\"https:\/\/www.signum.cat\/ca\/\"},{\"@type\":\"ListItem\",\"position\":2,\"name\":\"Edificis intel\u00b7ligents &#8211; Finan\u00e7ament en Edificacions\"}]},{\"@type\":\"WebSite\",\"@id\":\"https:\/\/www.signum.cat\/#website\",\"url\":\"https:\/\/www.signum.cat\/\",\"name\":\"SIGNUM\",\"description\":\"Electricidad, dom\u00f3tica e inm\u00f3tica\",\"publisher\":{\"@id\":\"https:\/\/www.signum.cat\/#organization\"},\"potentialAction\":[{\"@type\":\"SearchAction\",\"target\":{\"@type\":\"EntryPoint\",\"urlTemplate\":\"https:\/\/www.signum.cat\/?s={search_term_string}\"},\"query-input\":\"required name=search_term_string\"}],\"inLanguage\":\"ca-ES\"},{\"@type\":\"Organization\",\"@id\":\"https:\/\/www.signum.cat\/#organization\",\"name\":\"SIGNUM\",\"url\":\"https:\/\/www.signum.cat\/\",\"logo\":{\"@type\":\"ImageObject\",\"inLanguage\":\"ca-ES\",\"@id\":\"https:\/\/www.signum.cat\/#\/schema\/logo\/image\/\",\"url\":\"https:\/\/www.signum.cat\/wp-content\/uploads\/2021\/02\/Logo-SIGNUM-Favicon-1.png\",\"contentUrl\":\"https:\/\/www.signum.cat\/wp-content\/uploads\/2021\/02\/Logo-SIGNUM-Favicon-1.png\",\"width\":80,\"height\":73,\"caption\":\"SIGNUM\"},\"image\":{\"@id\":\"https:\/\/www.signum.cat\/#\/schema\/logo\/image\/\"}},{\"@type\":\"Person\",\"@id\":\"https:\/\/www.signum.cat\/#\/schema\/person\/650f872a1fac397fa3c11e5e2484db29\",\"name\":\"Albert\"}]}<\/script>\n<!-- \/ Yoast SEO plugin. -->","yoast_head_json":{"title":"Edificis intel\u00b7ligents - Finan\u00e7ament en Edificacions - SIGNUM","description":"L'Objectiu \u00e9s fer m\u00e9s atractives per inversors privats, els projectes d'efici\u00e8ncia energ\u00e8tica en edificis intel\u00b7ligents residencials).","robots":{"index":"index","follow":"follow","max-snippet":"max-snippet:-1","max-image-preview":"max-image-preview:large","max-video-preview":"max-video-preview:-1"},"canonical":"https:\/\/www.signum.cat\/ca\/edificis-intel\u00b7ligents-financament-en-edificacions\/","og_locale":"ca_ES","og_type":"article","og_title":"Edificis intel\u00b7ligents - Finan\u00e7ament en Edificacions - SIGNUM","og_description":"L'Objectiu \u00e9s fer m\u00e9s atractives per inversors privats, els projectes d'efici\u00e8ncia energ\u00e8tica en edificis intel\u00b7ligents residencials).","og_url":"https:\/\/www.signum.cat\/ca\/edificis-intel\u00b7ligents-financament-en-edificacions\/","og_site_name":"SIGNUM","article_published_time":"2018-02-09T08:52:43+00:00","article_modified_time":"2022-02-21T10:36:17+00:00","og_image":[{"width":540,"height":430,"url":"https:\/\/www.signum.cat\/wp-content\/uploads\/2018\/02\/dimensionamento-eficiente-edificios-2014-e1518167339509.jpg","type":"image\/jpeg"}],"author":"Albert","twitter_card":"summary_large_image","twitter_misc":{"Written by":"Albert","Est. reading time":"1 minute"},"schema":{"@context":"https:\/\/schema.org","@graph":[{"@type":"Article","@id":"https:\/\/www.signum.cat\/ca\/edificis-intel%c2%b7ligents-financament-en-edificacions\/#article","isPartOf":{"@id":"https:\/\/www.signum.cat\/ca\/edificis-intel%c2%b7ligents-financament-en-edificacions\/"},"author":{"name":"Albert","@id":"https:\/\/www.signum.cat\/#\/schema\/person\/650f872a1fac397fa3c11e5e2484db29"},"headline":"Edificis intel\u00b7ligents &#8211; Finan\u00e7ament en Edificacions","datePublished":"2018-02-09T08:52:43+00:00","dateModified":"2022-02-21T10:36:17+00:00","mainEntityOfPage":{"@id":"https:\/\/www.signum.cat\/ca\/edificis-intel%c2%b7ligents-financament-en-edificacions\/"},"wordCount":72,"publisher":{"@id":"https:\/\/www.signum.cat\/#organization"},"articleSection":["Inversions","Noticies"],"inLanguage":"ca-ES"},{"@type":"WebPage","@id":"https:\/\/www.signum.cat\/ca\/edificis-intel%c2%b7ligents-financament-en-edificacions\/","url":"https:\/\/www.signum.cat\/ca\/edificis-intel%c2%b7ligents-financament-en-edificacions\/","name":"Edificis intel\u00b7ligents - Finan\u00e7ament en Edificacions - SIGNUM","isPartOf":{"@id":"https:\/\/www.signum.cat\/#website"},"datePublished":"2018-02-09T08:52:43+00:00","dateModified":"2022-02-21T10:36:17+00:00","description":"L'Objectiu \u00e9s fer m\u00e9s atractives per inversors privats, els projectes d'efici\u00e8ncia energ\u00e8tica en edificis intel\u00b7ligents residencials).","breadcrumb":{"@id":"https:\/\/www.signum.cat\/ca\/edificis-intel%c2%b7ligents-financament-en-edificacions\/#breadcrumb"},"inLanguage":"ca-ES","potentialAction":[{"@type":"ReadAction","target":["https:\/\/www.signum.cat\/ca\/edificis-intel%c2%b7ligents-financament-en-edificacions\/"]}]},{"@type":"BreadcrumbList","@id":"https:\/\/www.signum.cat\/ca\/edificis-intel%c2%b7ligents-financament-en-edificacions\/#breadcrumb","itemListElement":[{"@type":"ListItem","position":1,"name":"Portada","item":"https:\/\/www.signum.cat\/ca\/"},{"@type":"ListItem","position":2,"name":"Edificis intel\u00b7ligents &#8211; Finan\u00e7ament en Edificacions"}]},{"@type":"WebSite","@id":"https:\/\/www.signum.cat\/#website","url":"https:\/\/www.signum.cat\/","name":"SIGNUM","description":"Electricidad, dom\u00f3tica e inm\u00f3tica","publisher":{"@id":"https:\/\/www.signum.cat\/#organization"},"potentialAction":[{"@type":"SearchAction","target":{"@type":"EntryPoint","urlTemplate":"https:\/\/www.signum.cat\/?s={search_term_string}"},"query-input":"required name=search_term_string"}],"inLanguage":"ca-ES"},{"@type":"Organization","@id":"https:\/\/www.signum.cat\/#organization","name":"SIGNUM","url":"https:\/\/www.signum.cat\/","logo":{"@type":"ImageObject","inLanguage":"ca-ES","@id":"https:\/\/www.signum.cat\/#\/schema\/logo\/image\/","url":"https:\/\/www.signum.cat\/wp-content\/uploads\/2021\/02\/Logo-SIGNUM-Favicon-1.png","contentUrl":"https:\/\/www.signum.cat\/wp-content\/uploads\/2021\/02\/Logo-SIGNUM-Favicon-1.png","width":80,"height":73,"caption":"SIGNUM"},"image":{"@id":"https:\/\/www.signum.cat\/#\/schema\/logo\/image\/"}},{"@type":"Person","@id":"https:\/\/www.signum.cat\/#\/schema\/person\/650f872a1fac397fa3c11e5e2484db29","name":"Albert"}]}},"_links":{"self":[{"href":"https:\/\/www.signum.cat\/ca\/wp-json\/wp\/v2\/posts\/1077"}],"collection":[{"href":"https:\/\/www.signum.cat\/ca\/wp-json\/wp\/v2\/posts"}],"about":[{"href":"https:\/\/www.signum.cat\/ca\/wp-json\/wp\/v2\/types\/post"}],"author":[{"embeddable":true,"href":"https:\/\/www.signum.cat\/ca\/wp-json\/wp\/v2\/users\/3"}],"replies":[{"embeddable":true,"href":"https:\/\/www.signum.cat\/ca\/wp-json\/wp\/v2\/comments?post=1077"}],"version-history":[{"count":18,"href":"https:\/\/www.signum.cat\/ca\/wp-json\/wp\/v2\/posts\/1077\/revisions"}],"predecessor-version":[{"id":2899,"href":"https:\/\/www.signum.cat\/ca\/wp-json\/wp\/v2\/posts\/1077\/revisions\/2899"}],"wp:featuredmedia":[{"embeddable":true,"href":"https:\/\/www.signum.cat\/ca\/wp-json\/wp\/v2\/media\/1093"}],"wp:attachment":[{"href":"https:\/\/www.signum.cat\/ca\/wp-json\/wp\/v2\/media?parent=1077"}],"wp:term":[{"taxonomy":"category","embeddable":true,"href":"https:\/\/www.signum.cat\/ca\/wp-json\/wp\/v2\/categories?post=1077"},{"taxonomy":"post_tag","embeddable":true,"href":"https:\/\/www.signum.cat\/ca\/wp-json\/wp\/v2\/tags?post=1077"}],"curies":[{"name":"wp","href":"https:\/\/api.w.org\/{rel}","templated":true}]}}