{"id":1222,"date":"2018-03-01T19:11:05","date_gmt":"2018-03-01T19:11:05","guid":{"rendered":"https:\/\/www.signum.cat\/?p=1222"},"modified":"2021-01-13T11:13:48","modified_gmt":"2021-01-13T10:13:48","slug":"edificios-inteligentes-1-edificios-de-viviendas","status":"publish","type":"post","link":"https:\/\/www.signum.cat\/ca\/edificios-inteligentes-1-edificios-de-viviendas\/","title":{"rendered":"Edificis Intel\u00b7ligents 1 &#8211; Edificis d&#8217;habitatges"},"content":{"rendered":"<p>En la lluita pel canvi clim\u00e0tic, cal aprofitar al m\u00e0xim els recursos energ\u00e8tics distribuint intel\u2022ligentment l&#8217;energia consumida per al funcionament de qualsevol edifici. En el post d&#8217;avui anem a abordar un exemple d&#8217;un edifici d&#8217;habitatge que resumirem en els punts d&#8217;una instal\u2022laci\u00f3 de gesti\u00f3 i control d&#8217;un edifici tipus de 3 plantes amb 6 habitatges i garatge de dues plantes.<\/p>\n<p>Ens centrem avui principalment en els serveis comuns, el nostre disseny es basa en els seg\u00fcents punts:<\/p>\n<p style=\"padding-left: 120px;\">Control i regulaci\u00f3 de l\u2019enllumenat<\/p>\n<p style=\"padding-left: 120px;\">Control d\u2019accessos<\/p>\n<p style=\"padding-left: 120px;\">Seguretat<\/p>\n<p style=\"padding-left: 120px;\">Control i gesti\u00f3 d\u2019incid\u00e8ncies<\/p>\n<p><img loading=\"lazy\" decoding=\"async\" class=\"alignnone wp-image-1193 size-full\" src=\"https:\/\/www.signum.cat\/wp-content\/uploads\/2018\/02\/knx-en-edificios-1-e1519024584237.png\" alt=\"\" width=\"841\" height=\"473\" \/><\/p>\n<div id=\"ez-toc-container\" class=\"ez-toc-v2_0_61 counter-hierarchy ez-toc-counter ez-toc-grey ez-toc-container-direction\">\n<p class=\"ez-toc-title\"><\/p>\n<label for=\"ez-toc-cssicon-toggle-item-69f1d868ba451\" class=\"ez-toc-cssicon-toggle-label\"><span class=\"\"><span class=\"eztoc-hide\" style=\"display:none;\">Toggle<\/span><span class=\"ez-toc-icon-toggle-span\"><svg style=\"fill: #999;color:#999\" xmlns=\"http:\/\/www.w3.org\/2000\/svg\" class=\"list-377408\" width=\"20px\" height=\"20px\" viewBox=\"0 0 24 24\" fill=\"none\"><path d=\"M6 6H4v2h2V6zm14 0H8v2h12V6zM4 11h2v2H4v-2zm16 0H8v2h12v-2zM4 16h2v2H4v-2zm16 0H8v2h12v-2z\" fill=\"currentColor\"><\/path><\/svg><svg style=\"fill: #999;color:#999\" class=\"arrow-unsorted-368013\" xmlns=\"http:\/\/www.w3.org\/2000\/svg\" width=\"10px\" height=\"10px\" viewBox=\"0 0 24 24\" version=\"1.2\" baseProfile=\"tiny\"><path d=\"M18.2 9.3l-6.2-6.3-6.2 6.3c-.2.2-.3.4-.3.7s.1.5.3.7c.2.2.4.3.7.3h11c.3 0 .5-.1.7-.3.2-.2.3-.5.3-.7s-.1-.5-.3-.7zM5.8 14.7l6.2 6.3 6.2-6.3c.2-.2.3-.5.3-.7s-.1-.5-.3-.7c-.2-.2-.4-.3-.7-.3h-11c-.3 0-.5.1-.7.3-.2.2-.3.5-.3.7s.1.5.3.7z\"\/><\/svg><\/span><\/span><\/label><input type=\"checkbox\"  id=\"ez-toc-cssicon-toggle-item-69f1d868ba451\"  aria-label=\"Toggle\" \/><nav><ul class='ez-toc-list ez-toc-list-level-1 ' ><li class='ez-toc-page-1 ez-toc-heading-level-3'><a class=\"ez-toc-link ez-toc-heading-1\" href=\"https:\/\/www.signum.cat\/ca\/edificios-inteligentes-1-edificios-de-viviendas\/#Control_i_regulacio_de_lenllumenat\" title=\"Control i regulaci\u00f3 de l\u2019enllumenat\">Control i regulaci\u00f3 de l\u2019enllumenat<\/a><\/li><li class='ez-toc-page-1 ez-toc-heading-level-3'><a class=\"ez-toc-link ez-toc-heading-2\" href=\"https:\/\/www.signum.cat\/ca\/edificios-inteligentes-1-edificios-de-viviendas\/#Control_daccessos\" title=\"Control d&#8217;accessos\">Control d&#8217;accessos<\/a><\/li><li class='ez-toc-page-1 ez-toc-heading-level-3'><a class=\"ez-toc-link ez-toc-heading-3\" href=\"https:\/\/www.signum.cat\/ca\/edificios-inteligentes-1-edificios-de-viviendas\/#Seguretat\" title=\"Seguretat\">Seguretat<\/a><\/li><li class='ez-toc-page-1 ez-toc-heading-level-3'><a class=\"ez-toc-link ez-toc-heading-4\" href=\"https:\/\/www.signum.cat\/ca\/edificios-inteligentes-1-edificios-de-viviendas\/#Control_i_gestio_dincidencies\" title=\"Control i gesti\u00f3 d\u2019incid\u00e8ncies\">Control i gesti\u00f3 d\u2019incid\u00e8ncies<\/a><\/li><\/ul><\/nav><\/div>\n<h3><span class=\"ez-toc-section\" id=\"Control_i_regulacio_de_lenllumenat\"><\/span>Control i regulaci\u00f3 de l\u2019enllumenat<span class=\"ez-toc-section-end\"><\/span><\/h3>\n<p>Tota la il\u2022luminaci\u00f3 de la instal\u2022laci\u00f3 est\u00e0 gestionada per detectors de pres\u00e8ncia combinats amb un controlador DALI (Digital Addresable Lighting Interface), depenent de la lluminositat exterior i pres\u00e8ncia que regular\u00e0 les llumin\u00e0ries. En hores de llum del dia, on hi ha una contribuci\u00f3 d\u2019il\u2022luminaci\u00f3 natural exterior suficient, s\u2019apagaran les enceses de refor\u00e7. La enceses permanents dels replans, es regulen al m\u00ednim garantint 50 lux davant les portes d&#8217;ascensor i quan es detecta moviment s\u2019augmenta la regulaci\u00f3 i s\u2019enc\u00e9n el refor\u00e7 del repl\u00e0 ocupat, evitant aix\u00ed l&#8217;encesa de totes les plantes.<\/p>\n<p>El controlador s\u2019encarrega de comptabilitzar el nombre d&#8217;hores de funcionament de cada grup i genera les alertes configurades per a la substituci\u00f3 de l&#8217;equipament o llums que estan a prop del final de la seva vida \u00fatil. Tamb\u00e9 es disposa de control d\u2019incid\u00e8ncies, si un equip deixa de funcionar per a qualsevol ra\u00f3, es generen les alarmes i\/o alertes necess\u00e0ries per a procedir a la seva substituci\u00f3.<\/p>\n<p>Les llumin\u00e0ries de refor\u00e7, no essent tan cr\u00edtics com les permanents, s\u00f3n controlats per actuadors. Estan dissenyats per donar confort a l&#8217;estada i per tant la seva encesa, ja condicionada per la manca d&#8217;il\u2022luminaci\u00f3 natural, \u00e9s sense regulaci\u00f3.<\/p>\n<p>Al garatge, les llumin\u00e0ries s&#8217;agrupen per plantes i sectors, per tal que s&#8217;encenen nom\u00e9s les llumin\u00e0ries corresponents a la detecci\u00f3 de vehicles o persones a les zones ocupades.<br \/>\nTota informaci\u00f3 d&#8217;estat, hores de funcionament, valors de regulaci\u00f3, alarmes, etc., s&#8217;envien al Server. Ell s\u2019encarregar\u00e0 d\u2019avaluar consums generals de l&#8217;edifici i gestionar alarmes\/avisos per notificar a les persones designades.<\/p>\n<h3><span class=\"ez-toc-section\" id=\"Control_daccessos\"><\/span>Control d&#8217;accessos<span class=\"ez-toc-section-end\"><\/span><\/h3>\n<p>El sistema de v\u00eddeo-porter autom\u00e0tic, mitjan\u00e7ant la placa connectada a la xarxa, pot ser controlada des del display de l&#8217;habitatge, la televisi\u00f3 o fins i tot el tel\u00e8fon, poden obrir la porta i enviar l\u2019ascensor a la planta baixa amb el pre-marcat de la planta de dest\u00ed.<\/p>\n<p><img loading=\"lazy\" decoding=\"async\" class=\"size-medium wp-image-1202 aligncenter\" src=\"https:\/\/www.signum.cat\/wp-content\/uploads\/2018\/02\/placa-interfono-conectada-a-bus-knx-300x175.jpg\" alt=\"\" width=\"300\" height=\"175\" srcset=\"https:\/\/www.signum.cat\/wp-content\/uploads\/2018\/02\/placa-interfono-conectada-a-bus-knx-300x175.jpg 300w, https:\/\/www.signum.cat\/wp-content\/uploads\/2018\/02\/placa-interfono-conectada-a-bus-knx.jpg 610w\" sizes=\"(max-width: 300px) 100vw, 300px\" \/><\/p>\n<p>Mitjan\u00e7ant lectors RFID (Radio Frequency Identification) o NFC (Near Field Communication) \u00e9s possible realitzar l\u2019obertura de portes i permetre l&#8217;\u00fas de l&#8217;ascensor.<\/p>\n<h3><span class=\"ez-toc-section\" id=\"Seguretat\"><\/span>Seguretat<span class=\"ez-toc-section-end\"><\/span><\/h3>\n<p>En cas d&#8217;un incendi, el servidor activar\u00e0 l&#8217;enllumenat a romandre enc\u00e9s i a la m\u00e0xima regulaci\u00f3 per alleujar la baixa visibilitat produ\u00efda per l&#8217;efecte del fum, mentre que les flames no afectin a la instal\u2022laci\u00f3 i facilitar al m\u00e0xim l&#8217;evacuaci\u00f3. El temps de reacci\u00f3 \u00e9s molt important en cas d&#8217;una evacuaci\u00f3 d&#8217;emerg\u00e8ncia: com les cases estan integrades amb la resta de l&#8217;edifici, qualsevol esdeveniment que impliqui evacuaci\u00f3, far\u00e0 sonar l&#8217;alarma en cada un dels displays de l&#8217;habitatge informant dels passos a seguir.<\/p>\n<p>S\u2019activaran les ventilacions de sobrepressi\u00f3 d&#8217;escala i extracci\u00f3, bloquejant l&#8217;entrada d&#8217;aire per evitar avivar les flames.<\/p>\n<h3><span class=\"ez-toc-section\" id=\"Control_i_gestio_dincidencies\"><\/span>Control i gesti\u00f3 d\u2019incid\u00e8ncies<span class=\"ez-toc-section-end\"><\/span><\/h3>\n<p>Integrant detectors de inundaci\u00f3 i gas, el sistema controla que no hi hagi cap fuita. Actuant sobre les electrov\u00e0lvules d&#8217;entrada i generant l&#8217;av\u00eds a les cases.<\/p>\n<p>Les avaries el\u00e8ctriques s\u00f3n controlades des de c\u00e0meres auxiliars, incorporades als interruptors magneto-t\u00e8rmics i diferencials. Tamb\u00e9 \u00e9s possible integrar les lectures de consum de tot l&#8217;edifici, podent actuar sobre les instal\u2022lacions i reduir el consum en cas d&#8217;aproximar-se a la pot\u00e8ncia m\u00e0xima de l&#8217;edifici. Aix\u00f2 permet ajustar al m\u00e0xim la contractaci\u00f3 de pot\u00e8ncia i permet que l&#8217;edifici gestioni, segons les necessitats de cada moment.<\/p>\n<p>&nbsp;<\/p>\n<p>Aquests s\u00f3n punts de partida a controlar. Un bon disseny permet la seva ampliaci\u00f3 i escalabilitat, podent integrar nous sistemes o implementar els esmentats per fases. L&#8217;\u00fas de sistemes oberts i estandarditzats, garanteix no dependre d\u2019un sistema propietari que amb el temps pot ser descatalogat i per tant, vetar-nos de futures incorporacions o ampliacions.<\/p>\n<p>&nbsp;<\/p>\n<p>&nbsp;<\/p>\n","protected":false},"excerpt":{"rendered":"<p>En la lluita pel canvi clim\u00e0tic, cal aprofitar al m\u00e0xim els recursos energ\u00e8tics distribuint intel\u2022ligentment l&#8217;energia consumida per al funcionament de qualsevol edifici. En el post d&#8217;avui anem a abordar un exemple d&#8217;un edifici d&#8217;habitatge que resumirem en els punts&#8230;<\/p>\n","protected":false},"author":3,"featured_media":1227,"comment_status":"closed","ping_status":"open","sticky":false,"template":"","format":"standard","meta":{"_kad_post_transparent":"","_kad_post_title":"","_kad_post_layout":"","_kad_post_sidebar_id":"","_kad_post_content_style":"","_kad_post_vertical_padding":"","_kad_post_feature":"","_kad_post_feature_position":"","_kad_post_header":false,"_kad_post_footer":false,"footnotes":"","_joinchat":[]},"categories":[14,49,42],"tags":[],"yoast_head":"<!-- This site is optimized with the Yoast SEO plugin v21.7 - https:\/\/yoast.com\/wordpress\/plugins\/seo\/ -->\n<title>Edificis Intel\u00b7ligents 1 - Edificis d&#039;habitatges - SIGNUM<\/title>\n<meta name=\"robots\" content=\"index, follow, max-snippet:-1, max-image-preview:large, max-video-preview:-1\" \/>\n<link rel=\"canonical\" href=\"https:\/\/www.signum.cat\/ca\/edificios-inteligentes-1-edificios-de-viviendas\/\" \/>\n<meta property=\"og:locale\" content=\"ca_ES\" \/>\n<meta property=\"og:type\" content=\"article\" \/>\n<meta property=\"og:title\" content=\"Edificis Intel\u00b7ligents 1 - Edificis d&#039;habitatges - SIGNUM\" \/>\n<meta property=\"og:description\" content=\"En la lluita pel canvi clim\u00e0tic, cal aprofitar al m\u00e0xim els recursos energ\u00e8tics distribuint intel\u2022ligentment l&#8217;energia consumida per al funcionament de qualsevol edifici. En el post d&#8217;avui anem a abordar un exemple d&#8217;un edifici d&#8217;habitatge que resumirem en els punts...\" \/>\n<meta property=\"og:url\" content=\"https:\/\/www.signum.cat\/ca\/edificios-inteligentes-1-edificios-de-viviendas\/\" \/>\n<meta property=\"og:site_name\" content=\"SIGNUM\" \/>\n<meta property=\"article:published_time\" content=\"2018-03-01T19:11:05+00:00\" \/>\n<meta property=\"article:modified_time\" content=\"2021-01-13T10:13:48+00:00\" \/>\n<meta property=\"og:image\" content=\"https:\/\/www.signum.cat\/wp-content\/uploads\/2018\/03\/foto-edificio-viviendas.jpg\" \/>\n\t<meta property=\"og:image:width\" content=\"517\" \/>\n\t<meta property=\"og:image:height\" content=\"270\" \/>\n\t<meta property=\"og:image:type\" content=\"image\/jpeg\" \/>\n<meta name=\"author\" content=\"Albert\" \/>\n<meta name=\"twitter:card\" content=\"summary_large_image\" \/>\n<meta name=\"twitter:label1\" content=\"Written by\" \/>\n\t<meta name=\"twitter:data1\" content=\"Albert\" \/>\n\t<meta name=\"twitter:label2\" content=\"Est. reading time\" \/>\n\t<meta name=\"twitter:data2\" content=\"4 minutes\" \/>\n<script type=\"application\/ld+json\" class=\"yoast-schema-graph\">{\"@context\":\"https:\/\/schema.org\",\"@graph\":[{\"@type\":\"Article\",\"@id\":\"https:\/\/www.signum.cat\/ca\/edificios-inteligentes-1-edificios-de-viviendas\/#article\",\"isPartOf\":{\"@id\":\"https:\/\/www.signum.cat\/ca\/edificios-inteligentes-1-edificios-de-viviendas\/\"},\"author\":{\"name\":\"Albert\",\"@id\":\"https:\/\/www.signum.cat\/#\/schema\/person\/650f872a1fac397fa3c11e5e2484db29\"},\"headline\":\"Edificis Intel\u00b7ligents 1 &#8211; Edificis d&#8217;habitatges\",\"datePublished\":\"2018-03-01T19:11:05+00:00\",\"dateModified\":\"2021-01-13T10:13:48+00:00\",\"mainEntityOfPage\":{\"@id\":\"https:\/\/www.signum.cat\/ca\/edificios-inteligentes-1-edificios-de-viviendas\/\"},\"wordCount\":740,\"publisher\":{\"@id\":\"https:\/\/www.signum.cat\/#organization\"},\"articleSection\":[\"Automatizaci\u00f3n\",\"Dom\u00f2tica\",\"Edificis Inteligents\"],\"inLanguage\":\"ca-ES\"},{\"@type\":\"WebPage\",\"@id\":\"https:\/\/www.signum.cat\/ca\/edificios-inteligentes-1-edificios-de-viviendas\/\",\"url\":\"https:\/\/www.signum.cat\/ca\/edificios-inteligentes-1-edificios-de-viviendas\/\",\"name\":\"Edificis Intel\u00b7ligents 1 - Edificis d'habitatges - SIGNUM\",\"isPartOf\":{\"@id\":\"https:\/\/www.signum.cat\/#website\"},\"datePublished\":\"2018-03-01T19:11:05+00:00\",\"dateModified\":\"2021-01-13T10:13:48+00:00\",\"breadcrumb\":{\"@id\":\"https:\/\/www.signum.cat\/ca\/edificios-inteligentes-1-edificios-de-viviendas\/#breadcrumb\"},\"inLanguage\":\"ca-ES\",\"potentialAction\":[{\"@type\":\"ReadAction\",\"target\":[\"https:\/\/www.signum.cat\/ca\/edificios-inteligentes-1-edificios-de-viviendas\/\"]}]},{\"@type\":\"BreadcrumbList\",\"@id\":\"https:\/\/www.signum.cat\/ca\/edificios-inteligentes-1-edificios-de-viviendas\/#breadcrumb\",\"itemListElement\":[{\"@type\":\"ListItem\",\"position\":1,\"name\":\"Portada\",\"item\":\"https:\/\/www.signum.cat\/ca\/\"},{\"@type\":\"ListItem\",\"position\":2,\"name\":\"Edificis Intel\u00b7ligents 1 &#8211; Edificis d&#8217;habitatges\"}]},{\"@type\":\"WebSite\",\"@id\":\"https:\/\/www.signum.cat\/#website\",\"url\":\"https:\/\/www.signum.cat\/\",\"name\":\"SIGNUM\",\"description\":\"Electricidad, dom\u00f3tica e inm\u00f3tica\",\"publisher\":{\"@id\":\"https:\/\/www.signum.cat\/#organization\"},\"potentialAction\":[{\"@type\":\"SearchAction\",\"target\":{\"@type\":\"EntryPoint\",\"urlTemplate\":\"https:\/\/www.signum.cat\/?s={search_term_string}\"},\"query-input\":\"required name=search_term_string\"}],\"inLanguage\":\"ca-ES\"},{\"@type\":\"Organization\",\"@id\":\"https:\/\/www.signum.cat\/#organization\",\"name\":\"SIGNUM\",\"url\":\"https:\/\/www.signum.cat\/\",\"logo\":{\"@type\":\"ImageObject\",\"inLanguage\":\"ca-ES\",\"@id\":\"https:\/\/www.signum.cat\/#\/schema\/logo\/image\/\",\"url\":\"https:\/\/www.signum.cat\/wp-content\/uploads\/2021\/02\/Logo-SIGNUM-Favicon-1.png\",\"contentUrl\":\"https:\/\/www.signum.cat\/wp-content\/uploads\/2021\/02\/Logo-SIGNUM-Favicon-1.png\",\"width\":80,\"height\":73,\"caption\":\"SIGNUM\"},\"image\":{\"@id\":\"https:\/\/www.signum.cat\/#\/schema\/logo\/image\/\"}},{\"@type\":\"Person\",\"@id\":\"https:\/\/www.signum.cat\/#\/schema\/person\/650f872a1fac397fa3c11e5e2484db29\",\"name\":\"Albert\"}]}<\/script>\n<!-- \/ Yoast SEO plugin. -->","yoast_head_json":{"title":"Edificis Intel\u00b7ligents 1 - Edificis d'habitatges - SIGNUM","robots":{"index":"index","follow":"follow","max-snippet":"max-snippet:-1","max-image-preview":"max-image-preview:large","max-video-preview":"max-video-preview:-1"},"canonical":"https:\/\/www.signum.cat\/ca\/edificios-inteligentes-1-edificios-de-viviendas\/","og_locale":"ca_ES","og_type":"article","og_title":"Edificis Intel\u00b7ligents 1 - Edificis d'habitatges - SIGNUM","og_description":"En la lluita pel canvi clim\u00e0tic, cal aprofitar al m\u00e0xim els recursos energ\u00e8tics distribuint intel\u2022ligentment l&#8217;energia consumida per al funcionament de qualsevol edifici. En el post d&#8217;avui anem a abordar un exemple d&#8217;un edifici d&#8217;habitatge que resumirem en els punts...","og_url":"https:\/\/www.signum.cat\/ca\/edificios-inteligentes-1-edificios-de-viviendas\/","og_site_name":"SIGNUM","article_published_time":"2018-03-01T19:11:05+00:00","article_modified_time":"2021-01-13T10:13:48+00:00","og_image":[{"width":517,"height":270,"url":"https:\/\/www.signum.cat\/wp-content\/uploads\/2018\/03\/foto-edificio-viviendas.jpg","type":"image\/jpeg"}],"author":"Albert","twitter_card":"summary_large_image","twitter_misc":{"Written by":"Albert","Est. reading time":"4 minutes"},"schema":{"@context":"https:\/\/schema.org","@graph":[{"@type":"Article","@id":"https:\/\/www.signum.cat\/ca\/edificios-inteligentes-1-edificios-de-viviendas\/#article","isPartOf":{"@id":"https:\/\/www.signum.cat\/ca\/edificios-inteligentes-1-edificios-de-viviendas\/"},"author":{"name":"Albert","@id":"https:\/\/www.signum.cat\/#\/schema\/person\/650f872a1fac397fa3c11e5e2484db29"},"headline":"Edificis Intel\u00b7ligents 1 &#8211; Edificis d&#8217;habitatges","datePublished":"2018-03-01T19:11:05+00:00","dateModified":"2021-01-13T10:13:48+00:00","mainEntityOfPage":{"@id":"https:\/\/www.signum.cat\/ca\/edificios-inteligentes-1-edificios-de-viviendas\/"},"wordCount":740,"publisher":{"@id":"https:\/\/www.signum.cat\/#organization"},"articleSection":["Automatizaci\u00f3n","Dom\u00f2tica","Edificis Inteligents"],"inLanguage":"ca-ES"},{"@type":"WebPage","@id":"https:\/\/www.signum.cat\/ca\/edificios-inteligentes-1-edificios-de-viviendas\/","url":"https:\/\/www.signum.cat\/ca\/edificios-inteligentes-1-edificios-de-viviendas\/","name":"Edificis Intel\u00b7ligents 1 - Edificis d'habitatges - SIGNUM","isPartOf":{"@id":"https:\/\/www.signum.cat\/#website"},"datePublished":"2018-03-01T19:11:05+00:00","dateModified":"2021-01-13T10:13:48+00:00","breadcrumb":{"@id":"https:\/\/www.signum.cat\/ca\/edificios-inteligentes-1-edificios-de-viviendas\/#breadcrumb"},"inLanguage":"ca-ES","potentialAction":[{"@type":"ReadAction","target":["https:\/\/www.signum.cat\/ca\/edificios-inteligentes-1-edificios-de-viviendas\/"]}]},{"@type":"BreadcrumbList","@id":"https:\/\/www.signum.cat\/ca\/edificios-inteligentes-1-edificios-de-viviendas\/#breadcrumb","itemListElement":[{"@type":"ListItem","position":1,"name":"Portada","item":"https:\/\/www.signum.cat\/ca\/"},{"@type":"ListItem","position":2,"name":"Edificis Intel\u00b7ligents 1 &#8211; Edificis d&#8217;habitatges"}]},{"@type":"WebSite","@id":"https:\/\/www.signum.cat\/#website","url":"https:\/\/www.signum.cat\/","name":"SIGNUM","description":"Electricidad, dom\u00f3tica e inm\u00f3tica","publisher":{"@id":"https:\/\/www.signum.cat\/#organization"},"potentialAction":[{"@type":"SearchAction","target":{"@type":"EntryPoint","urlTemplate":"https:\/\/www.signum.cat\/?s={search_term_string}"},"query-input":"required name=search_term_string"}],"inLanguage":"ca-ES"},{"@type":"Organization","@id":"https:\/\/www.signum.cat\/#organization","name":"SIGNUM","url":"https:\/\/www.signum.cat\/","logo":{"@type":"ImageObject","inLanguage":"ca-ES","@id":"https:\/\/www.signum.cat\/#\/schema\/logo\/image\/","url":"https:\/\/www.signum.cat\/wp-content\/uploads\/2021\/02\/Logo-SIGNUM-Favicon-1.png","contentUrl":"https:\/\/www.signum.cat\/wp-content\/uploads\/2021\/02\/Logo-SIGNUM-Favicon-1.png","width":80,"height":73,"caption":"SIGNUM"},"image":{"@id":"https:\/\/www.signum.cat\/#\/schema\/logo\/image\/"}},{"@type":"Person","@id":"https:\/\/www.signum.cat\/#\/schema\/person\/650f872a1fac397fa3c11e5e2484db29","name":"Albert"}]}},"_links":{"self":[{"href":"https:\/\/www.signum.cat\/ca\/wp-json\/wp\/v2\/posts\/1222"}],"collection":[{"href":"https:\/\/www.signum.cat\/ca\/wp-json\/wp\/v2\/posts"}],"about":[{"href":"https:\/\/www.signum.cat\/ca\/wp-json\/wp\/v2\/types\/post"}],"author":[{"embeddable":true,"href":"https:\/\/www.signum.cat\/ca\/wp-json\/wp\/v2\/users\/3"}],"replies":[{"embeddable":true,"href":"https:\/\/www.signum.cat\/ca\/wp-json\/wp\/v2\/comments?post=1222"}],"version-history":[{"count":8,"href":"https:\/\/www.signum.cat\/ca\/wp-json\/wp\/v2\/posts\/1222\/revisions"}],"predecessor-version":[{"id":1294,"href":"https:\/\/www.signum.cat\/ca\/wp-json\/wp\/v2\/posts\/1222\/revisions\/1294"}],"wp:featuredmedia":[{"embeddable":true,"href":"https:\/\/www.signum.cat\/ca\/wp-json\/wp\/v2\/media\/1227"}],"wp:attachment":[{"href":"https:\/\/www.signum.cat\/ca\/wp-json\/wp\/v2\/media?parent=1222"}],"wp:term":[{"taxonomy":"category","embeddable":true,"href":"https:\/\/www.signum.cat\/ca\/wp-json\/wp\/v2\/categories?post=1222"},{"taxonomy":"post_tag","embeddable":true,"href":"https:\/\/www.signum.cat\/ca\/wp-json\/wp\/v2\/tags?post=1222"}],"curies":[{"name":"wp","href":"https:\/\/api.w.org\/{rel}","templated":true}]}}