{"id":2327,"date":"2021-07-12T16:02:07","date_gmt":"2021-07-12T14:02:07","guid":{"rendered":"https:\/\/www.signum.cat\/leficiencia-energetica-un-futur-mes-sostenible\/"},"modified":"2021-07-16T13:24:26","modified_gmt":"2021-07-16T11:24:26","slug":"eficiencia-energetica-un-futur-mes-sostenible","status":"publish","type":"post","link":"https:\/\/www.signum.cat\/ca\/eficiencia-energetica-un-futur-mes-sostenible\/","title":{"rendered":"L&#8217;Efici\u00e8ncia Energ\u00e8tica &#8211; Per un futur m\u00e9s sostenible"},"content":{"rendered":"<p>Fins fa uns pocs anys, l&#8217;efici\u00e8ncia energ\u00e8tica constitu\u00efa un tema poc dif\u00f3s i insuficientment valorat.<\/p>\n<p>No obstant aix\u00f2, la consci\u00e8ncia de l&#8217;exist\u00e8ncia <strong>del canvi clim\u00e0tic<\/strong> aix\u00ed com la urg\u00e8ncia de posar-li fre est\u00e0 fent evolucionar als pa\u00efsos, empreses i a particulars a invertir en l&#8217;efici\u00e8ncia energ\u00e8tica en nom de l&#8217;estalvi <strong>de carburants, especialment els f\u00f2ssils.<\/strong><\/p>\n<p>Veient quins s\u00f3n els requeriments energ\u00e8tics d&#8217;aquesta, i s&#8217;aprofiti la possibilitat m\u00e9s eficient per a la <strong>generaci\u00f3 i el consum d&#8217;energia<\/strong>, emprant els recursos que estan al nostre abast, com ara les fonts d&#8217;energia renovable.<\/p>\n<blockquote><p><em><strong>Invertir en efici\u00e8ncia energ\u00e8tica, \u00e9s apostar per la sostenibilitat.<\/strong><\/em><\/p><\/blockquote>\n<p>En aquest sentit, no sols emprem energies renovables o aparells de gran efici\u00e8ncia energ\u00e8tica, com ara les pr\u00f2pies <a href=\"https:\/\/www.viessmann.es\/es\/edificios-de-viviendas\/calderas-a-gas\/calderas-de-condensacion-a-gas.html\" target=\"_blank\" rel=\"noopener\">calderes de condensaci\u00f3<\/a>, sin\u00f3 que a m\u00e9s estudiem les seves condicions.<\/p>\n<div id=\"ez-toc-container\" class=\"ez-toc-v2_0_61 counter-hierarchy ez-toc-counter ez-toc-grey ez-toc-container-direction\">\n<p class=\"ez-toc-title\"><\/p>\n<label for=\"ez-toc-cssicon-toggle-item-69f1d9d597ad1\" class=\"ez-toc-cssicon-toggle-label\"><span class=\"\"><span class=\"eztoc-hide\" style=\"display:none;\">Toggle<\/span><span class=\"ez-toc-icon-toggle-span\"><svg style=\"fill: #999;color:#999\" xmlns=\"http:\/\/www.w3.org\/2000\/svg\" class=\"list-377408\" width=\"20px\" height=\"20px\" viewBox=\"0 0 24 24\" fill=\"none\"><path d=\"M6 6H4v2h2V6zm14 0H8v2h12V6zM4 11h2v2H4v-2zm16 0H8v2h12v-2zM4 16h2v2H4v-2zm16 0H8v2h12v-2z\" fill=\"currentColor\"><\/path><\/svg><svg style=\"fill: #999;color:#999\" class=\"arrow-unsorted-368013\" xmlns=\"http:\/\/www.w3.org\/2000\/svg\" width=\"10px\" height=\"10px\" viewBox=\"0 0 24 24\" version=\"1.2\" baseProfile=\"tiny\"><path d=\"M18.2 9.3l-6.2-6.3-6.2 6.3c-.2.2-.3.4-.3.7s.1.5.3.7c.2.2.4.3.7.3h11c.3 0 .5-.1.7-.3.2-.2.3-.5.3-.7s-.1-.5-.3-.7zM5.8 14.7l6.2 6.3 6.2-6.3c.2-.2.3-.5.3-.7s-.1-.5-.3-.7c-.2-.2-.4-.3-.7-.3h-11c-.3 0-.5.1-.7.3-.2.2-.3.5-.3.7s.1.5.3.7z\"\/><\/svg><\/span><\/span><\/label><input type=\"checkbox\"  id=\"ez-toc-cssicon-toggle-item-69f1d9d597ad1\"  aria-label=\"Toggle\" \/><nav><ul class='ez-toc-list ez-toc-list-level-1 ' ><li class='ez-toc-page-1 ez-toc-heading-level-2'><a class=\"ez-toc-link ez-toc-heading-1\" href=\"https:\/\/www.signum.cat\/ca\/eficiencia-energetica-un-futur-mes-sostenible\/#Laillament_de_les_llars_es_el_pas_mes_rellevant\" title=\"L&#8217;a\u00efllament de les llars, \u00e9s el pas m\u00e9s rellevant\">L&#8217;a\u00efllament de les llars, \u00e9s el pas m\u00e9s rellevant<\/a><\/li><li class='ez-toc-page-1 ez-toc-heading-level-2'><a class=\"ez-toc-link ez-toc-heading-2\" href=\"https:\/\/www.signum.cat\/ca\/eficiencia-energetica-un-futur-mes-sostenible\/#Consells_per_a_incrementar_leficiencia_energetica_de_la_teva_llar\" title=\"Consells per a incrementar l&#8217;efici\u00e8ncia energ\u00e8tica de la teva llar:\">Consells per a incrementar l&#8217;efici\u00e8ncia energ\u00e8tica de la teva llar:<\/a><ul class='ez-toc-list-level-3' ><li class='ez-toc-heading-level-3'><a class=\"ez-toc-link ez-toc-heading-3\" href=\"https:\/\/www.signum.cat\/ca\/eficiencia-energetica-un-futur-mes-sostenible\/#En_Signum_ens_hem_convertit_en_experts_en_eficiencia_energetica\" title=\"En Signum ens hem convertit en experts en efici\u00e8ncia energ\u00e8tica.\">En Signum ens hem convertit en experts en efici\u00e8ncia energ\u00e8tica.<\/a><\/li><\/ul><\/li><\/ul><\/nav><\/div>\n<h2><span class=\"ez-toc-section\" id=\"Laillament_de_les_llars_es_el_pas_mes_rellevant\"><\/span>L&#8217;a\u00efllament de les llars, \u00e9s el pas m\u00e9s rellevant<span class=\"ez-toc-section-end\"><\/span><\/h2>\n<p>Sovint, l&#8217;energia obtinguda d&#8217;una banda es malgasta per un altre, degut, per exemple, a parets i finestres mal a\u00efllades.<\/p>\n<p><img loading=\"lazy\" decoding=\"async\" class=\"aligncenter wp-image-2316 size-full\" src=\"https:\/\/www.signum.cat\/wp-content\/uploads\/2021\/07\/Eficiencia-energetica-en-ventanas-y-paredes-SIGNUM.jpg\" alt=\"Eficiencia energ\u00e9tica en ventanas y paredes - SIGNUM\" width=\"980\" height=\"560\" srcset=\"https:\/\/www.signum.cat\/wp-content\/uploads\/2021\/07\/Eficiencia-energetica-en-ventanas-y-paredes-SIGNUM.jpg 980w, https:\/\/www.signum.cat\/wp-content\/uploads\/2021\/07\/Eficiencia-energetica-en-ventanas-y-paredes-SIGNUM-300x171.jpg 300w, https:\/\/www.signum.cat\/wp-content\/uploads\/2021\/07\/Eficiencia-energetica-en-ventanas-y-paredes-SIGNUM-768x439.jpg 768w\" sizes=\"(max-width: 980px) 100vw, 980px\" \/><\/p>\n<p>Succeeix tamb\u00e9 amb freq\u00fc\u00e8ncia quan una fam\u00edlia que vol edificar una casa desconeix quins sistemes poden ser els m\u00e9s eficients segons les seves necessitats i les seves circumst\u00e0ncies.<\/p>\n<p style=\"text-align: center;\"><a href=\"https:\/\/www.signum.cat\/ca\/contacta-amb-nososaltres\/\">Pregunta&#8217;ns i t&#8217;orientarem<\/a><\/p>\n<h2><span class=\"ez-toc-section\" id=\"Consells_per_a_incrementar_leficiencia_energetica_de_la_teva_llar\"><\/span>Consells per a incrementar l&#8217;efici\u00e8ncia energ\u00e8tica de la teva llar:<span class=\"ez-toc-section-end\"><\/span><\/h2>\n<p>No usar bombetes hal\u00f2genes en el nostre habitatge. Resulten especialment decoratives, no obstant aix\u00f2, resulten ser les menys eficients que hi ha.<\/p>\n<p>En el cas de construir un xalet unifamiliar, col\u00b7loca&#8217;l amb l&#8217;orientaci\u00f3 <strong>de la fa\u00e7ana principal en direcci\u00f3 sud<\/strong>, i les habitacions principals de la casa, com ara la sala o el menjador, en aquesta fa\u00e7ana.<\/p>\n<p>Existeixen infinitat d&#8217;aparells <strong>fotovoltaics<\/strong> que et poden fer<strong> estalviar energia el\u00e8ctrica<\/strong>: per exemple, <a href=\"https:\/\/www.signum.cat\/ca\/energia-solar-fotovoltaica\/\">panells solars fotovoltaics<\/a>, carregadors solars que serveixen per a tel\u00e8fons m\u00f2bils, bateries i altres dispositius recarregables.<\/p>\n<p><img loading=\"lazy\" decoding=\"async\" class=\"size-full wp-image-2312 aligncenter\" src=\"https:\/\/www.signum.cat\/wp-content\/uploads\/2021\/07\/Instalacion-de-paneles-solares-fotovoltaicos-SIGNUM.jpg\" alt=\"Instalaci\u00f3n de paneles solares fotovoltaicos - SIGNUM\" width=\"980\" height=\"560\" srcset=\"https:\/\/www.signum.cat\/wp-content\/uploads\/2021\/07\/Instalacion-de-paneles-solares-fotovoltaicos-SIGNUM.jpg 980w, https:\/\/www.signum.cat\/wp-content\/uploads\/2021\/07\/Instalacion-de-paneles-solares-fotovoltaicos-SIGNUM-300x171.jpg 300w, https:\/\/www.signum.cat\/wp-content\/uploads\/2021\/07\/Instalacion-de-paneles-solares-fotovoltaicos-SIGNUM-768x439.jpg 768w\" sizes=\"(max-width: 980px) 100vw, 980px\" \/><\/p>\n<p>Si disposem d&#8217;una parcel\u00b7la, <strong>col\u00b7locar arbres caducifolis als voltants<\/strong>.<\/p>\n<p>Durant l&#8217;estiu donaran ombra, i durant l&#8217;hivern, quan les fulles caiguin, deixaran passar els llamps del sol a l&#8217;habitatge, de manera que aquesta ser\u00e0 m\u00e9s calent.<\/p>\n<p>En les aixetes s&#8217;utilitzen dosificadors d&#8217;aigua. Aquests<strong> redueixen el flux de l&#8217;aixeta quant a quantitat d&#8217;aigua<\/strong>, encara que no en volum i pressi\u00f3, la qual cosa suposa un estalvi de consum d&#8217;aigua per a l&#8217;habitatge.<\/p>\n<p>Resulta molt convenient <a href=\"https:\/\/www.iagua.es\/noticias\/aqua-espana\/mantenimiento-y-control-sistemas-reciclaje-aguas-grises\" target=\"_blank\" rel=\"noopener\">instal\u00b7lar algun sistema de reciclatge d&#8217;aigua<\/a>, b\u00e9 sigui d&#8217;aig\u00fces negres o grises.<\/p>\n<p><span style=\"font-family: var(--global-body-font-family);\">Les instal\u00b7lacions m\u00e9s senzilles que existeixen d&#8217;aquest estil s\u00f3n els <strong>col\u00b7lectors d&#8217;aig\u00fces de pluja,<\/strong> amb els quals es recull l&#8217;aigua de pluja acumulada en la mateixa teulada. <\/span><\/p>\n<p>Aquesta aigua de pluja no \u00e9s potable, per\u00f2 pot emprar-se per a la resta d&#8217;usos de l&#8217;aigua: per a la neteja, la irrigaci\u00f3 a trav\u00e9s d&#8217;aspersors autom\u00e0tics, <strong>aconseguint estalviar diversos milers de litres al llarg de l&#8217;any<\/strong>.<\/p>\n<p><img loading=\"lazy\" decoding=\"async\" class=\"size-full wp-image-2322 aligncenter\" src=\"https:\/\/www.signum.cat\/wp-content\/uploads\/2021\/07\/Riego-automatico-con-eficiencia-energetica-SIGNUM.jpg\" alt=\"Riego autom\u00e1tico con eficiencia energ\u00e9tica - SIGNUM\" width=\"980\" height=\"560\" srcset=\"https:\/\/www.signum.cat\/wp-content\/uploads\/2021\/07\/Riego-automatico-con-eficiencia-energetica-SIGNUM.jpg 980w, https:\/\/www.signum.cat\/wp-content\/uploads\/2021\/07\/Riego-automatico-con-eficiencia-energetica-SIGNUM-300x171.jpg 300w, https:\/\/www.signum.cat\/wp-content\/uploads\/2021\/07\/Riego-automatico-con-eficiencia-energetica-SIGNUM-768x439.jpg 768w\" sizes=\"(max-width: 980px) 100vw, 980px\" \/><\/p>\n<p>En cas que estiguem en una situaci\u00f3 de no poder o no vulguem prescindir dels <a href=\"http:\/\/energiasdemipais.educ.ar\/combustibles-fosiles-3\/\" target=\"_blank\" rel=\"noopener\">combustibles f\u00f2ssils<\/a>, podem instal\u00b7lar una caldera de gran efici\u00e8ncia.<\/p>\n<blockquote><p><strong><em>Resulten una mica m\u00e9s cares respecte a les convencionals, no obstant aix\u00f2, es rendibilitzen de seguida mitjan\u00e7ant l&#8217;estalvi de carburant.<\/em><\/strong><\/p><\/blockquote>\n<p>En cas de tenir un jard\u00ed, utilitzar una estufa solar en comptes de la tradicionals barbacoes.<\/p>\n<p>Economitzar\u00e0s combustible i emissions de CO\u2082.\u00a0Resulten summament econ\u00f2mics i s&#8217;amortitzen r\u00e0pidament.<\/p>\n<h3><span class=\"ez-toc-section\" id=\"En_Signum_ens_hem_convertit_en_experts_en_eficiencia_energetica\"><\/span>En <strong>Signum<\/strong> ens hem convertit en <strong>experts en efici\u00e8ncia energ\u00e8tica<\/strong>.<span class=\"ez-toc-section-end\"><\/span><\/h3>\n<p>No oblidem el fet de contrarestar els petits gestos relacionats amb els h\u00e0bits de consum que suposen un important <strong>avan\u00e7 mediambiental<\/strong> i tamb\u00e9 econ\u00f2mic.<\/p>\n","protected":false},"excerpt":{"rendered":"<p>Fins fa uns pocs anys, l&#8217;efici\u00e8ncia energ\u00e8tica constitu\u00efa un tema poc dif\u00f3s i insuficientment valorat. No obstant aix\u00f2, la consci\u00e8ncia de l&#8217;exist\u00e8ncia del canvi clim\u00e0tic aix\u00ed com la urg\u00e8ncia de posar-li fre est\u00e0 fent evolucionar als pa\u00efsos, empreses i a&#8230;<\/p>\n","protected":false},"author":2,"featured_media":2314,"comment_status":"closed","ping_status":"closed","sticky":false,"template":"","format":"standard","meta":{"_kad_post_transparent":"default","_kad_post_title":"default","_kad_post_layout":"default","_kad_post_sidebar_id":"","_kad_post_content_style":"default","_kad_post_vertical_padding":"default","_kad_post_feature":"","_kad_post_feature_position":"","_kad_post_header":false,"_kad_post_footer":false,"footnotes":"","_joinchat":[]},"categories":[32],"tags":[],"yoast_head":"<!-- This site is optimized with the Yoast SEO plugin v21.7 - https:\/\/yoast.com\/wordpress\/plugins\/seo\/ -->\n<title>SIGNUM<\/title>\n<meta name=\"description\" content=\"L&#039;efici\u00e8ncia energ\u00e8tica fa possible la producci\u00f3 i consum d&#039;energia de manera eficient. Factor clau en la lluita pel canvi clim\u00e0tic\" \/>\n<meta name=\"robots\" content=\"index, follow, max-snippet:-1, max-image-preview:large, max-video-preview:-1\" \/>\n<link rel=\"canonical\" href=\"https:\/\/www.signum.cat\/ca\/eficiencia-energetica-un-futur-mes-sostenible\/\" \/>\n<meta property=\"og:locale\" content=\"ca_ES\" \/>\n<meta property=\"og:type\" content=\"article\" \/>\n<meta property=\"og:description\" content=\"L&#039;efici\u00e8ncia energ\u00e8tica fa possible la producci\u00f3 i consum d&#039;energia de manera eficient. Factor clau en la lluita pel canvi clim\u00e0tic\" \/>\n<meta property=\"og:url\" content=\"https:\/\/www.signum.cat\/ca\/eficiencia-energetica-un-futur-mes-sostenible\/\" \/>\n<meta property=\"og:site_name\" content=\"SIGNUM\" \/>\n<meta property=\"article:published_time\" content=\"2021-07-12T14:02:07+00:00\" \/>\n<meta property=\"article:modified_time\" content=\"2021-07-16T11:24:26+00:00\" \/>\n<meta property=\"og:image\" content=\"https:\/\/www.signum.cat\/wp-content\/uploads\/2021\/07\/Energias-renovables-de-gran-eficiencia-energetica-SIGNUM.jpg\" \/>\n\t<meta property=\"og:image:width\" content=\"980\" \/>\n\t<meta property=\"og:image:height\" content=\"560\" \/>\n\t<meta property=\"og:image:type\" content=\"image\/jpeg\" \/>\n<meta name=\"author\" content=\"Signum\" \/>\n<meta name=\"twitter:card\" content=\"summary_large_image\" \/>\n<meta name=\"twitter:label1\" content=\"Written by\" \/>\n\t<meta name=\"twitter:data1\" content=\"Signum\" \/>\n\t<meta name=\"twitter:label2\" content=\"Est. reading time\" \/>\n\t<meta name=\"twitter:data2\" content=\"3 minutes\" \/>\n<script type=\"application\/ld+json\" class=\"yoast-schema-graph\">{\"@context\":\"https:\/\/schema.org\",\"@graph\":[{\"@type\":\"Article\",\"@id\":\"https:\/\/www.signum.cat\/ca\/eficiencia-energetica-un-futur-mes-sostenible\/#article\",\"isPartOf\":{\"@id\":\"https:\/\/www.signum.cat\/ca\/eficiencia-energetica-un-futur-mes-sostenible\/\"},\"author\":{\"name\":\"Signum\",\"@id\":\"https:\/\/www.signum.cat\/#\/schema\/person\/c2e78202a3b382edd9e2930aac0b4def\"},\"headline\":\"L&#8217;Efici\u00e8ncia Energ\u00e8tica &#8211; Per un futur m\u00e9s sostenible\",\"datePublished\":\"2021-07-12T14:02:07+00:00\",\"dateModified\":\"2021-07-16T11:24:26+00:00\",\"mainEntityOfPage\":{\"@id\":\"https:\/\/www.signum.cat\/ca\/eficiencia-energetica-un-futur-mes-sostenible\/\"},\"wordCount\":610,\"publisher\":{\"@id\":\"https:\/\/www.signum.cat\/#organization\"},\"articleSection\":[\"L'Efici\u00e8ncia Energ\u00e8tica\"],\"inLanguage\":\"ca-ES\"},{\"@type\":\"WebPage\",\"@id\":\"https:\/\/www.signum.cat\/ca\/eficiencia-energetica-un-futur-mes-sostenible\/\",\"url\":\"https:\/\/www.signum.cat\/ca\/eficiencia-energetica-un-futur-mes-sostenible\/\",\"name\":\"\",\"isPartOf\":{\"@id\":\"https:\/\/www.signum.cat\/#website\"},\"datePublished\":\"2021-07-12T14:02:07+00:00\",\"dateModified\":\"2021-07-16T11:24:26+00:00\",\"description\":\"L'efici\u00e8ncia energ\u00e8tica fa possible la producci\u00f3 i consum d'energia de manera eficient. Factor clau en la lluita pel canvi clim\u00e0tic\",\"breadcrumb\":{\"@id\":\"https:\/\/www.signum.cat\/ca\/eficiencia-energetica-un-futur-mes-sostenible\/#breadcrumb\"},\"inLanguage\":\"ca-ES\",\"potentialAction\":[{\"@type\":\"ReadAction\",\"target\":[\"https:\/\/www.signum.cat\/ca\/eficiencia-energetica-un-futur-mes-sostenible\/\"]}]},{\"@type\":\"BreadcrumbList\",\"@id\":\"https:\/\/www.signum.cat\/ca\/eficiencia-energetica-un-futur-mes-sostenible\/#breadcrumb\",\"itemListElement\":[{\"@type\":\"ListItem\",\"position\":1,\"name\":\"Portada\",\"item\":\"https:\/\/www.signum.cat\/ca\/\"},{\"@type\":\"ListItem\",\"position\":2,\"name\":\"L&#8217;Efici\u00e8ncia Energ\u00e8tica &#8211; Per un futur m\u00e9s sostenible\"}]},{\"@type\":\"WebSite\",\"@id\":\"https:\/\/www.signum.cat\/#website\",\"url\":\"https:\/\/www.signum.cat\/\",\"name\":\"SIGNUM\",\"description\":\"Electricidad, dom\u00f3tica e inm\u00f3tica\",\"publisher\":{\"@id\":\"https:\/\/www.signum.cat\/#organization\"},\"potentialAction\":[{\"@type\":\"SearchAction\",\"target\":{\"@type\":\"EntryPoint\",\"urlTemplate\":\"https:\/\/www.signum.cat\/?s={search_term_string}\"},\"query-input\":\"required name=search_term_string\"}],\"inLanguage\":\"ca-ES\"},{\"@type\":\"Organization\",\"@id\":\"https:\/\/www.signum.cat\/#organization\",\"name\":\"SIGNUM\",\"url\":\"https:\/\/www.signum.cat\/\",\"logo\":{\"@type\":\"ImageObject\",\"inLanguage\":\"ca-ES\",\"@id\":\"https:\/\/www.signum.cat\/#\/schema\/logo\/image\/\",\"url\":\"https:\/\/www.signum.cat\/wp-content\/uploads\/2021\/02\/Logo-SIGNUM-Favicon-1.png\",\"contentUrl\":\"https:\/\/www.signum.cat\/wp-content\/uploads\/2021\/02\/Logo-SIGNUM-Favicon-1.png\",\"width\":80,\"height\":73,\"caption\":\"SIGNUM\"},\"image\":{\"@id\":\"https:\/\/www.signum.cat\/#\/schema\/logo\/image\/\"}},{\"@type\":\"Person\",\"@id\":\"https:\/\/www.signum.cat\/#\/schema\/person\/c2e78202a3b382edd9e2930aac0b4def\",\"name\":\"Signum\"}]}<\/script>\n<!-- \/ Yoast SEO plugin. -->","yoast_head_json":{"title":"SIGNUM","description":"L'efici\u00e8ncia energ\u00e8tica fa possible la producci\u00f3 i consum d'energia de manera eficient. Factor clau en la lluita pel canvi clim\u00e0tic","robots":{"index":"index","follow":"follow","max-snippet":"max-snippet:-1","max-image-preview":"max-image-preview:large","max-video-preview":"max-video-preview:-1"},"canonical":"https:\/\/www.signum.cat\/ca\/eficiencia-energetica-un-futur-mes-sostenible\/","og_locale":"ca_ES","og_type":"article","og_description":"L'efici\u00e8ncia energ\u00e8tica fa possible la producci\u00f3 i consum d'energia de manera eficient. Factor clau en la lluita pel canvi clim\u00e0tic","og_url":"https:\/\/www.signum.cat\/ca\/eficiencia-energetica-un-futur-mes-sostenible\/","og_site_name":"SIGNUM","article_published_time":"2021-07-12T14:02:07+00:00","article_modified_time":"2021-07-16T11:24:26+00:00","og_image":[{"width":980,"height":560,"url":"https:\/\/www.signum.cat\/wp-content\/uploads\/2021\/07\/Energias-renovables-de-gran-eficiencia-energetica-SIGNUM.jpg","type":"image\/jpeg"}],"author":"Signum","twitter_card":"summary_large_image","twitter_misc":{"Written by":"Signum","Est. reading time":"3 minutes"},"schema":{"@context":"https:\/\/schema.org","@graph":[{"@type":"Article","@id":"https:\/\/www.signum.cat\/ca\/eficiencia-energetica-un-futur-mes-sostenible\/#article","isPartOf":{"@id":"https:\/\/www.signum.cat\/ca\/eficiencia-energetica-un-futur-mes-sostenible\/"},"author":{"name":"Signum","@id":"https:\/\/www.signum.cat\/#\/schema\/person\/c2e78202a3b382edd9e2930aac0b4def"},"headline":"L&#8217;Efici\u00e8ncia Energ\u00e8tica &#8211; Per un futur m\u00e9s sostenible","datePublished":"2021-07-12T14:02:07+00:00","dateModified":"2021-07-16T11:24:26+00:00","mainEntityOfPage":{"@id":"https:\/\/www.signum.cat\/ca\/eficiencia-energetica-un-futur-mes-sostenible\/"},"wordCount":610,"publisher":{"@id":"https:\/\/www.signum.cat\/#organization"},"articleSection":["L'Efici\u00e8ncia Energ\u00e8tica"],"inLanguage":"ca-ES"},{"@type":"WebPage","@id":"https:\/\/www.signum.cat\/ca\/eficiencia-energetica-un-futur-mes-sostenible\/","url":"https:\/\/www.signum.cat\/ca\/eficiencia-energetica-un-futur-mes-sostenible\/","name":"","isPartOf":{"@id":"https:\/\/www.signum.cat\/#website"},"datePublished":"2021-07-12T14:02:07+00:00","dateModified":"2021-07-16T11:24:26+00:00","description":"L'efici\u00e8ncia energ\u00e8tica fa possible la producci\u00f3 i consum d'energia de manera eficient. Factor clau en la lluita pel canvi clim\u00e0tic","breadcrumb":{"@id":"https:\/\/www.signum.cat\/ca\/eficiencia-energetica-un-futur-mes-sostenible\/#breadcrumb"},"inLanguage":"ca-ES","potentialAction":[{"@type":"ReadAction","target":["https:\/\/www.signum.cat\/ca\/eficiencia-energetica-un-futur-mes-sostenible\/"]}]},{"@type":"BreadcrumbList","@id":"https:\/\/www.signum.cat\/ca\/eficiencia-energetica-un-futur-mes-sostenible\/#breadcrumb","itemListElement":[{"@type":"ListItem","position":1,"name":"Portada","item":"https:\/\/www.signum.cat\/ca\/"},{"@type":"ListItem","position":2,"name":"L&#8217;Efici\u00e8ncia Energ\u00e8tica &#8211; Per un futur m\u00e9s sostenible"}]},{"@type":"WebSite","@id":"https:\/\/www.signum.cat\/#website","url":"https:\/\/www.signum.cat\/","name":"SIGNUM","description":"Electricidad, dom\u00f3tica e inm\u00f3tica","publisher":{"@id":"https:\/\/www.signum.cat\/#organization"},"potentialAction":[{"@type":"SearchAction","target":{"@type":"EntryPoint","urlTemplate":"https:\/\/www.signum.cat\/?s={search_term_string}"},"query-input":"required name=search_term_string"}],"inLanguage":"ca-ES"},{"@type":"Organization","@id":"https:\/\/www.signum.cat\/#organization","name":"SIGNUM","url":"https:\/\/www.signum.cat\/","logo":{"@type":"ImageObject","inLanguage":"ca-ES","@id":"https:\/\/www.signum.cat\/#\/schema\/logo\/image\/","url":"https:\/\/www.signum.cat\/wp-content\/uploads\/2021\/02\/Logo-SIGNUM-Favicon-1.png","contentUrl":"https:\/\/www.signum.cat\/wp-content\/uploads\/2021\/02\/Logo-SIGNUM-Favicon-1.png","width":80,"height":73,"caption":"SIGNUM"},"image":{"@id":"https:\/\/www.signum.cat\/#\/schema\/logo\/image\/"}},{"@type":"Person","@id":"https:\/\/www.signum.cat\/#\/schema\/person\/c2e78202a3b382edd9e2930aac0b4def","name":"Signum"}]}},"_links":{"self":[{"href":"https:\/\/www.signum.cat\/ca\/wp-json\/wp\/v2\/posts\/2327"}],"collection":[{"href":"https:\/\/www.signum.cat\/ca\/wp-json\/wp\/v2\/posts"}],"about":[{"href":"https:\/\/www.signum.cat\/ca\/wp-json\/wp\/v2\/types\/post"}],"author":[{"embeddable":true,"href":"https:\/\/www.signum.cat\/ca\/wp-json\/wp\/v2\/users\/2"}],"replies":[{"embeddable":true,"href":"https:\/\/www.signum.cat\/ca\/wp-json\/wp\/v2\/comments?post=2327"}],"version-history":[{"count":4,"href":"https:\/\/www.signum.cat\/ca\/wp-json\/wp\/v2\/posts\/2327\/revisions"}],"predecessor-version":[{"id":2332,"href":"https:\/\/www.signum.cat\/ca\/wp-json\/wp\/v2\/posts\/2327\/revisions\/2332"}],"wp:featuredmedia":[{"embeddable":true,"href":"https:\/\/www.signum.cat\/ca\/wp-json\/wp\/v2\/media\/2314"}],"wp:attachment":[{"href":"https:\/\/www.signum.cat\/ca\/wp-json\/wp\/v2\/media?parent=2327"}],"wp:term":[{"taxonomy":"category","embeddable":true,"href":"https:\/\/www.signum.cat\/ca\/wp-json\/wp\/v2\/categories?post=2327"},{"taxonomy":"post_tag","embeddable":true,"href":"https:\/\/www.signum.cat\/ca\/wp-json\/wp\/v2\/tags?post=2327"}],"curies":[{"name":"wp","href":"https:\/\/api.w.org\/{rel}","templated":true}]}}