{"id":2494,"date":"2021-10-30T10:34:48","date_gmt":"2021-10-30T08:34:48","guid":{"rendered":"https:\/\/www.signum.cat\/instalacion-punto-de-recarga-coche-electrico\/"},"modified":"2021-11-10T10:26:36","modified_gmt":"2021-11-10T09:26:36","slug":"punt-de-recarrega-cotxe-electric","status":"publish","type":"post","link":"https:\/\/www.signum.cat\/ca\/punt-de-recarrega-cotxe-electric\/","title":{"rendered":"Punt de Rec\u00e0rrega Cotxe El\u00e8ctric"},"content":{"rendered":"<p>En el cas que estiguis interessat a adquirir un cotxe el\u00e8ctric, en <strong>SIGNUM<\/strong> et brindem tota la informaci\u00f3 sobre aquest tema perqu\u00e8 tinguis en consideraci\u00f3 tot el que necessitis per a la instal\u00b7laci\u00f3 punt de rec\u00e0rrega cotxe el\u00e8ctric.<\/p>\n<div id=\"ez-toc-container\" class=\"ez-toc-v2_0_61 counter-hierarchy ez-toc-counter ez-toc-grey ez-toc-container-direction\">\n<p class=\"ez-toc-title\"><\/p>\n<label for=\"ez-toc-cssicon-toggle-item-69f1d7806d1a9\" class=\"ez-toc-cssicon-toggle-label\"><span class=\"\"><span class=\"eztoc-hide\" style=\"display:none;\">Toggle<\/span><span class=\"ez-toc-icon-toggle-span\"><svg style=\"fill: #999;color:#999\" xmlns=\"http:\/\/www.w3.org\/2000\/svg\" class=\"list-377408\" width=\"20px\" height=\"20px\" viewBox=\"0 0 24 24\" fill=\"none\"><path d=\"M6 6H4v2h2V6zm14 0H8v2h12V6zM4 11h2v2H4v-2zm16 0H8v2h12v-2zM4 16h2v2H4v-2zm16 0H8v2h12v-2z\" fill=\"currentColor\"><\/path><\/svg><svg style=\"fill: #999;color:#999\" class=\"arrow-unsorted-368013\" xmlns=\"http:\/\/www.w3.org\/2000\/svg\" width=\"10px\" height=\"10px\" viewBox=\"0 0 24 24\" version=\"1.2\" baseProfile=\"tiny\"><path d=\"M18.2 9.3l-6.2-6.3-6.2 6.3c-.2.2-.3.4-.3.7s.1.5.3.7c.2.2.4.3.7.3h11c.3 0 .5-.1.7-.3.2-.2.3-.5.3-.7s-.1-.5-.3-.7zM5.8 14.7l6.2 6.3 6.2-6.3c.2-.2.3-.5.3-.7s-.1-.5-.3-.7c-.2-.2-.4-.3-.7-.3h-11c-.3 0-.5.1-.7.3-.2.2-.3.5-.3.7s.1.5.3.7z\"\/><\/svg><\/span><\/span><\/label><input type=\"checkbox\"  id=\"ez-toc-cssicon-toggle-item-69f1d7806d1a9\"  aria-label=\"Toggle\" \/><nav><ul class='ez-toc-list ez-toc-list-level-1 ' ><li class='ez-toc-page-1 ez-toc-heading-level-2'><a class=\"ez-toc-link ez-toc-heading-1\" href=\"https:\/\/www.signum.cat\/ca\/punt-de-recarrega-cotxe-electric\/#Instal%C2%B7lacio_dun_punt_de_recarrega_per_al_cotxe_electric_en_un_garatge_comunitari\" title=\"Instal\u00b7laci\u00f3 d&#8217;un punt de rec\u00e0rrega per al cotxe el\u00e8ctric en un garatge comunitari\">Instal\u00b7laci\u00f3 d&#8217;un punt de rec\u00e0rrega per al cotxe el\u00e8ctric en un garatge comunitari<\/a><ul class='ez-toc-list-level-3' ><li class='ez-toc-heading-level-3'><a class=\"ez-toc-link ez-toc-heading-2\" href=\"https:\/\/www.signum.cat\/ca\/punt-de-recarrega-cotxe-electric\/#Cal_informar_a_la_comunitat\" title=\"Cal informar a la comunitat\">Cal informar a la comunitat<\/a><\/li><\/ul><\/li><li class='ez-toc-page-1 ez-toc-heading-level-2'><a class=\"ez-toc-link ez-toc-heading-3\" href=\"https:\/\/www.signum.cat\/ca\/punt-de-recarrega-cotxe-electric\/#Instal%C2%B7lar_un_comptador_secundari_com_a_punt_de_recarrega_cotxe_electric\" title=\"Instal\u00b7lar un comptador secundari com a punt de rec\u00e0rrega cotxe el\u00e8ctric\">Instal\u00b7lar un comptador secundari com a punt de rec\u00e0rrega cotxe el\u00e8ctric<\/a><ul class='ez-toc-list-level-3' ><li class='ez-toc-heading-level-3'><a class=\"ez-toc-link ez-toc-heading-4\" href=\"https:\/\/www.signum.cat\/ca\/punt-de-recarrega-cotxe-electric\/#Punt_de_recarrega_instal%C2%B7lat_concorde_a_la_normativa\" title=\"Punt de rec\u00e0rrega instal\u00b7lat concorde a la normativa\">Punt de rec\u00e0rrega instal\u00b7lat concorde a la normativa<\/a><\/li><\/ul><\/li><li class='ez-toc-page-1 ez-toc-heading-level-2'><a class=\"ez-toc-link ez-toc-heading-5\" href=\"https:\/\/www.signum.cat\/ca\/punt-de-recarrega-cotxe-electric\/#Quanta_potencia_electrica_necessito\" title=\"Quanta pot\u00e8ncia el\u00e8ctrica necessito?\">Quanta pot\u00e8ncia el\u00e8ctrica necessito?<\/a><\/li><li class='ez-toc-page-1 ez-toc-heading-level-2'><a class=\"ez-toc-link ez-toc-heading-6\" href=\"https:\/\/www.signum.cat\/ca\/punt-de-recarrega-cotxe-electric\/#Quins_carregadors_existeixen_per_a_la_recarrega_dun_cotxe_electric\" title=\"Quins carregadors existeixen per a la rec\u00e0rrega d&#8217;un cotxe el\u00e8ctric?\">Quins carregadors existeixen per a la rec\u00e0rrega d&#8217;un cotxe el\u00e8ctric?<\/a><\/li><\/ul><\/nav><\/div>\n<h2><span class=\"ez-toc-section\" id=\"Instal%C2%B7lacio_dun_punt_de_recarrega_per_al_cotxe_electric_en_un_garatge_comunitari\"><\/span>Instal\u00b7laci\u00f3 d&#8217;un punt de rec\u00e0rrega per al cotxe el\u00e8ctric en un garatge comunitari<span class=\"ez-toc-section-end\"><\/span><\/h2>\n<p><img loading=\"lazy\" decoding=\"async\" class=\"size-full wp-image-2488 aligncenter\" src=\"https:\/\/www.signum.cat\/wp-content\/uploads\/2021\/10\/instalacion-punto-de-recarga-coche-electrico.jpg\" alt=\"Instalaci\u00f3n punto de recarga coche el\u00e9ctrico - SIGNUM\" width=\"980\" height=\"560\" srcset=\"https:\/\/www.signum.cat\/wp-content\/uploads\/2021\/10\/instalacion-punto-de-recarga-coche-electrico.jpg 980w, https:\/\/www.signum.cat\/wp-content\/uploads\/2021\/10\/instalacion-punto-de-recarga-coche-electrico-300x171.jpg 300w, https:\/\/www.signum.cat\/wp-content\/uploads\/2021\/10\/instalacion-punto-de-recarga-coche-electrico-768x439.jpg 768w\" sizes=\"(max-width: 980px) 100vw, 980px\" \/><\/p>\n<p>Sobre la base de la normativa vigent podem carregar f\u00e0cilment el nostre cotxe el\u00e8ctric en un p\u00e0rquing comunitari.<\/p>\n<h3 id=\"informar-a-la-comunidad-\" class=\"h-inline\"><span class=\"ez-toc-section\" id=\"Cal_informar_a_la_comunitat\"><\/span>Cal informar a la comunitat<span class=\"ez-toc-section-end\"><\/span><\/h3>\n<p>Una \u00e9s informant a tots els amos del garatge sobre la possibilitat de carregar el vehicle des d&#8217;un endoll existent en el garatge i perqu\u00e8 tots l&#8217;acceptin.<\/p>\n<p>De no acceptar aquesta opci\u00f3 entre els ve\u00efns, pot instal\u00b7lar-se un mesurador digital just despr\u00e9s del comptador del garatge, amb la finalitat de costejar l&#8217;energia que es consumeixi en recarregar l&#8217;autom\u00f2bil.<\/p>\n<h2><span class=\"ez-toc-section\" id=\"Instal%C2%B7lar_un_comptador_secundari_com_a_punt_de_recarrega_cotxe_electric\"><\/span>Instal\u00b7lar un comptador secundari com a punt de rec\u00e0rrega cotxe el\u00e8ctric<span class=\"ez-toc-section-end\"><\/span><\/h2>\n<p>De la mateixa manera per a la primera opci\u00f3, la c\u00e0rrega s&#8217;efectuar\u00e0 a trav\u00e9s d&#8217;un punt existent en el garatge.\u00a0Tamb\u00e9 en aquesta opci\u00f3 \u00e9s necessari que tots els ve\u00efns arribin a un acord.<\/p>\n<p>Finalment, l&#8217;\u00faltima opci\u00f3 \u00e9s realitzar una instal\u00b7laci\u00f3 que vagi des del comptador de la casa fins al punt de rec\u00e0rrega.<\/p>\n<h3 id=\"punto-de-recarga-instalado-acorde-a-la-normativa-\" class=\"h-inline\"><span class=\"ez-toc-section\" id=\"Punt_de_recarrega_instal%C2%B7lat_concorde_a_la_normativa\"><\/span>Punt de rec\u00e0rrega instal\u00b7lat concorde a la normativa<span class=\"ez-toc-section-end\"><\/span><\/h3>\n<p>La instal\u00b7laci\u00f3 ha de fer-se segons el <a href=\"http:\/\/www.f2i2.net\/documentos\/lsiF2I2\/rbt\/guias\/guia_bt_52_nov17R1.pdf\" target=\"_blank\" rel=\"noopener\">REBT 2002 ITC BT 52<\/a> en el qual s&#8217;especifiquen les particularitats t\u00e8cniques de la pr\u00f2pia instal\u00b7laci\u00f3.<\/p>\n<h2><span class=\"ez-toc-section\" id=\"Quanta_potencia_electrica_necessito\"><\/span>Quanta pot\u00e8ncia el\u00e8ctrica necessito?<span class=\"ez-toc-section-end\"><\/span><\/h2>\n<p>El tipus de pot\u00e8ncia el\u00e8ctrica estar\u00e0 determinada segons la mena de c\u00e0rrega que es vulgui tenir; lenta, semi-r\u00e0pida o r\u00e0pida.<\/p>\n<p>Quan es tracta d&#8217;habitatges, la c\u00e0rrega lenta \u00e9s la m\u00e9s viable ja que l&#8217;exig\u00e8ncia de pot\u00e8ncia <strong>no seria superior a 3,7 kw i inferior a 15 kw,<\/strong> pot\u00e8ncia que f\u00e0cilment podem adquirir en la comunitat.<\/p>\n<p>Pot aprofitar-se el comptador ja existent en l&#8217;habitatge si t\u00e9 pot\u00e8ncia suficient o si \u00e9s possible demanar un increment de pot\u00e8ncia.<\/p>\n<p>L&#8217;altra opci\u00f3 \u00e9s demanar un comptador de c\u00e0rrega exclusiu, amb un cost m\u00e9s elevat, perqu\u00e8 caldr\u00e0 afrontar el pagament d&#8217;una factura el\u00e8ctrica \u00fanicament per la c\u00e0rrega del vehicle.<\/p>\n<h2><span class=\"ez-toc-section\" id=\"Quins_carregadors_existeixen_per_a_la_recarrega_dun_cotxe_electric\"><\/span>Quins carregadors existeixen per a la rec\u00e0rrega d&#8217;un cotxe el\u00e8ctric?<span class=\"ez-toc-section-end\"><\/span><\/h2>\n<p>Existeix l&#8217;opci\u00f3 <strong>de la c\u00e0rrega semi r\u00e0pida (en corrent altern i continu) de 15 kW en menys de 40kW<\/strong> en comunitats per\u00f2 el cost de les adaptacions i el terme de pot\u00e8ncia corresponent acostuma a ser elevat.<\/p>\n<p>Per a una <strong><a href=\"https:\/\/www.signum.cat\/carga-rapida-vehiculos-electricos\/\">c\u00e0rrega r\u00e0pida<\/a> de pot\u00e8ncia igual o superior a 40kw i inferior a 100 kw<\/strong> s\u00f3n necess\u00e0ries infraestructures que no poden subministrar-nos en les comunitats. <em>La durada de la c\u00e0rrega \u00e9s d&#8217;uns 30 minuts<\/em>.<\/p>\n<p>En definitiva podem afirmar que el <strong>cotxe el\u00e8ctric \u00e9s l&#8217;esdevenir<\/strong> i nosaltres disposem de la reglamentaci\u00f3 necess\u00e0ria que ens permet que la <strong>instal\u00b7laci\u00f3 del seu punt de rec\u00e0rrega<\/strong> es realitzi de la forma m\u00e9s senzilla i amb un baix cost.<\/p>\n<p>Des de SIGNUM t&#8217;oferim <a href=\"https:\/\/www.signum.cat\/contacta-con-nosotros\/\" target=\"_blank\" rel=\"noopener\">el servei d&#8217;assessorament<\/a>, legalitzaci\u00f3 i la instal\u00b7laci\u00f3 del punt de rec\u00e0rrega per al teu cotxe el\u00e8ctric.<\/p>\n","protected":false},"excerpt":{"rendered":"<p>En el cas que estiguis interessat a adquirir un cotxe el\u00e8ctric, en SIGNUM et brindem tota la informaci\u00f3 sobre aquest tema perqu\u00e8 tinguis en consideraci\u00f3 tot el que necessitis per a la instal\u00b7laci\u00f3 punt de rec\u00e0rrega cotxe el\u00e8ctric. Instal\u00b7laci\u00f3 d&#8217;un&#8230;<\/p>\n","protected":false},"author":2,"featured_media":2486,"comment_status":"closed","ping_status":"closed","sticky":false,"template":"","format":"standard","meta":{"_kad_post_transparent":"default","_kad_post_title":"default","_kad_post_layout":"default","_kad_post_sidebar_id":"","_kad_post_content_style":"default","_kad_post_vertical_padding":"default","_kad_post_feature":"","_kad_post_feature_position":"","_kad_post_header":false,"_kad_post_footer":false,"footnotes":"","_joinchat":[]},"categories":[37],"tags":[],"yoast_head":"<!-- This site is optimized with the Yoast SEO plugin v21.7 - https:\/\/yoast.com\/wordpress\/plugins\/seo\/ -->\n<title>Punt de Rec\u00e0rrega Cotxe El\u00e8ctric - SIGNUM<\/title>\n<meta name=\"description\" content=\"Ens encarreguem de la instal\u00b7laci\u00f3 del punt de rec\u00e0rrega del cotxe el\u00e8ctric de manera f\u00e0cil i efica\u00e7. Per a garatges comunitaris i empreses.\" \/>\n<meta name=\"robots\" content=\"index, follow, max-snippet:-1, max-image-preview:large, max-video-preview:-1\" \/>\n<link rel=\"canonical\" href=\"https:\/\/www.signum.cat\/ca\/punt-de-recarrega-cotxe-electric\/\" \/>\n<meta property=\"og:locale\" content=\"ca_ES\" \/>\n<meta property=\"og:type\" content=\"article\" \/>\n<meta property=\"og:title\" content=\"Punt de Rec\u00e0rrega Cotxe El\u00e8ctric - SIGNUM\" \/>\n<meta property=\"og:description\" content=\"Ens encarreguem de la instal\u00b7laci\u00f3 del punt de rec\u00e0rrega del cotxe el\u00e8ctric de manera f\u00e0cil i efica\u00e7. Per a garatges comunitaris i empreses.\" \/>\n<meta property=\"og:url\" content=\"https:\/\/www.signum.cat\/ca\/punt-de-recarrega-cotxe-electric\/\" \/>\n<meta property=\"og:site_name\" content=\"SIGNUM\" \/>\n<meta property=\"article:published_time\" content=\"2021-10-30T08:34:48+00:00\" \/>\n<meta property=\"article:modified_time\" content=\"2021-11-10T09:26:36+00:00\" \/>\n<meta property=\"og:image\" content=\"https:\/\/www.signum.cat\/wp-content\/uploads\/2021\/10\/Punto-de-recarga-coche-electrico.jpg\" \/>\n\t<meta property=\"og:image:width\" content=\"1100\" \/>\n\t<meta property=\"og:image:height\" content=\"450\" \/>\n\t<meta property=\"og:image:type\" content=\"image\/jpeg\" \/>\n<meta name=\"author\" content=\"Signum\" \/>\n<meta name=\"twitter:card\" content=\"summary_large_image\" \/>\n<meta name=\"twitter:label1\" content=\"Written by\" \/>\n\t<meta name=\"twitter:data1\" content=\"Signum\" \/>\n\t<meta name=\"twitter:label2\" content=\"Est. reading time\" \/>\n\t<meta name=\"twitter:data2\" content=\"3 minutes\" \/>\n<script type=\"application\/ld+json\" class=\"yoast-schema-graph\">{\"@context\":\"https:\/\/schema.org\",\"@graph\":[{\"@type\":\"Article\",\"@id\":\"https:\/\/www.signum.cat\/ca\/punt-de-recarrega-cotxe-electric\/#article\",\"isPartOf\":{\"@id\":\"https:\/\/www.signum.cat\/ca\/punt-de-recarrega-cotxe-electric\/\"},\"author\":{\"name\":\"Signum\",\"@id\":\"https:\/\/www.signum.cat\/#\/schema\/person\/c2e78202a3b382edd9e2930aac0b4def\"},\"headline\":\"Punt de Rec\u00e0rrega Cotxe El\u00e8ctric\",\"datePublished\":\"2021-10-30T08:34:48+00:00\",\"dateModified\":\"2021-11-10T09:26:36+00:00\",\"mainEntityOfPage\":{\"@id\":\"https:\/\/www.signum.cat\/ca\/punt-de-recarrega-cotxe-electric\/\"},\"wordCount\":546,\"publisher\":{\"@id\":\"https:\/\/www.signum.cat\/#organization\"},\"articleSection\":[\"Vehicles el\u00e8ctrics\"],\"inLanguage\":\"ca-ES\"},{\"@type\":\"WebPage\",\"@id\":\"https:\/\/www.signum.cat\/ca\/punt-de-recarrega-cotxe-electric\/\",\"url\":\"https:\/\/www.signum.cat\/ca\/punt-de-recarrega-cotxe-electric\/\",\"name\":\"Punt de Rec\u00e0rrega Cotxe El\u00e8ctric - SIGNUM\",\"isPartOf\":{\"@id\":\"https:\/\/www.signum.cat\/#website\"},\"datePublished\":\"2021-10-30T08:34:48+00:00\",\"dateModified\":\"2021-11-10T09:26:36+00:00\",\"description\":\"Ens encarreguem de la instal\u00b7laci\u00f3 del punt de rec\u00e0rrega del cotxe el\u00e8ctric de manera f\u00e0cil i efica\u00e7. Per a garatges comunitaris i empreses.\",\"breadcrumb\":{\"@id\":\"https:\/\/www.signum.cat\/ca\/punt-de-recarrega-cotxe-electric\/#breadcrumb\"},\"inLanguage\":\"ca-ES\",\"potentialAction\":[{\"@type\":\"ReadAction\",\"target\":[\"https:\/\/www.signum.cat\/ca\/punt-de-recarrega-cotxe-electric\/\"]}]},{\"@type\":\"BreadcrumbList\",\"@id\":\"https:\/\/www.signum.cat\/ca\/punt-de-recarrega-cotxe-electric\/#breadcrumb\",\"itemListElement\":[{\"@type\":\"ListItem\",\"position\":1,\"name\":\"Portada\",\"item\":\"https:\/\/www.signum.cat\/ca\/\"},{\"@type\":\"ListItem\",\"position\":2,\"name\":\"Punt de Rec\u00e0rrega Cotxe El\u00e8ctric\"}]},{\"@type\":\"WebSite\",\"@id\":\"https:\/\/www.signum.cat\/#website\",\"url\":\"https:\/\/www.signum.cat\/\",\"name\":\"SIGNUM\",\"description\":\"Electricidad, dom\u00f3tica e inm\u00f3tica\",\"publisher\":{\"@id\":\"https:\/\/www.signum.cat\/#organization\"},\"potentialAction\":[{\"@type\":\"SearchAction\",\"target\":{\"@type\":\"EntryPoint\",\"urlTemplate\":\"https:\/\/www.signum.cat\/?s={search_term_string}\"},\"query-input\":\"required name=search_term_string\"}],\"inLanguage\":\"ca-ES\"},{\"@type\":\"Organization\",\"@id\":\"https:\/\/www.signum.cat\/#organization\",\"name\":\"SIGNUM\",\"url\":\"https:\/\/www.signum.cat\/\",\"logo\":{\"@type\":\"ImageObject\",\"inLanguage\":\"ca-ES\",\"@id\":\"https:\/\/www.signum.cat\/#\/schema\/logo\/image\/\",\"url\":\"https:\/\/www.signum.cat\/wp-content\/uploads\/2021\/02\/Logo-SIGNUM-Favicon-1.png\",\"contentUrl\":\"https:\/\/www.signum.cat\/wp-content\/uploads\/2021\/02\/Logo-SIGNUM-Favicon-1.png\",\"width\":80,\"height\":73,\"caption\":\"SIGNUM\"},\"image\":{\"@id\":\"https:\/\/www.signum.cat\/#\/schema\/logo\/image\/\"}},{\"@type\":\"Person\",\"@id\":\"https:\/\/www.signum.cat\/#\/schema\/person\/c2e78202a3b382edd9e2930aac0b4def\",\"name\":\"Signum\"}]}<\/script>\n<!-- \/ Yoast SEO plugin. -->","yoast_head_json":{"title":"Punt de Rec\u00e0rrega Cotxe El\u00e8ctric - SIGNUM","description":"Ens encarreguem de la instal\u00b7laci\u00f3 del punt de rec\u00e0rrega del cotxe el\u00e8ctric de manera f\u00e0cil i efica\u00e7. Per a garatges comunitaris i empreses.","robots":{"index":"index","follow":"follow","max-snippet":"max-snippet:-1","max-image-preview":"max-image-preview:large","max-video-preview":"max-video-preview:-1"},"canonical":"https:\/\/www.signum.cat\/ca\/punt-de-recarrega-cotxe-electric\/","og_locale":"ca_ES","og_type":"article","og_title":"Punt de Rec\u00e0rrega Cotxe El\u00e8ctric - SIGNUM","og_description":"Ens encarreguem de la instal\u00b7laci\u00f3 del punt de rec\u00e0rrega del cotxe el\u00e8ctric de manera f\u00e0cil i efica\u00e7. Per a garatges comunitaris i empreses.","og_url":"https:\/\/www.signum.cat\/ca\/punt-de-recarrega-cotxe-electric\/","og_site_name":"SIGNUM","article_published_time":"2021-10-30T08:34:48+00:00","article_modified_time":"2021-11-10T09:26:36+00:00","og_image":[{"width":1100,"height":450,"url":"https:\/\/www.signum.cat\/wp-content\/uploads\/2021\/10\/Punto-de-recarga-coche-electrico.jpg","type":"image\/jpeg"}],"author":"Signum","twitter_card":"summary_large_image","twitter_misc":{"Written by":"Signum","Est. reading time":"3 minutes"},"schema":{"@context":"https:\/\/schema.org","@graph":[{"@type":"Article","@id":"https:\/\/www.signum.cat\/ca\/punt-de-recarrega-cotxe-electric\/#article","isPartOf":{"@id":"https:\/\/www.signum.cat\/ca\/punt-de-recarrega-cotxe-electric\/"},"author":{"name":"Signum","@id":"https:\/\/www.signum.cat\/#\/schema\/person\/c2e78202a3b382edd9e2930aac0b4def"},"headline":"Punt de Rec\u00e0rrega Cotxe El\u00e8ctric","datePublished":"2021-10-30T08:34:48+00:00","dateModified":"2021-11-10T09:26:36+00:00","mainEntityOfPage":{"@id":"https:\/\/www.signum.cat\/ca\/punt-de-recarrega-cotxe-electric\/"},"wordCount":546,"publisher":{"@id":"https:\/\/www.signum.cat\/#organization"},"articleSection":["Vehicles el\u00e8ctrics"],"inLanguage":"ca-ES"},{"@type":"WebPage","@id":"https:\/\/www.signum.cat\/ca\/punt-de-recarrega-cotxe-electric\/","url":"https:\/\/www.signum.cat\/ca\/punt-de-recarrega-cotxe-electric\/","name":"Punt de Rec\u00e0rrega Cotxe El\u00e8ctric - SIGNUM","isPartOf":{"@id":"https:\/\/www.signum.cat\/#website"},"datePublished":"2021-10-30T08:34:48+00:00","dateModified":"2021-11-10T09:26:36+00:00","description":"Ens encarreguem de la instal\u00b7laci\u00f3 del punt de rec\u00e0rrega del cotxe el\u00e8ctric de manera f\u00e0cil i efica\u00e7. Per a garatges comunitaris i empreses.","breadcrumb":{"@id":"https:\/\/www.signum.cat\/ca\/punt-de-recarrega-cotxe-electric\/#breadcrumb"},"inLanguage":"ca-ES","potentialAction":[{"@type":"ReadAction","target":["https:\/\/www.signum.cat\/ca\/punt-de-recarrega-cotxe-electric\/"]}]},{"@type":"BreadcrumbList","@id":"https:\/\/www.signum.cat\/ca\/punt-de-recarrega-cotxe-electric\/#breadcrumb","itemListElement":[{"@type":"ListItem","position":1,"name":"Portada","item":"https:\/\/www.signum.cat\/ca\/"},{"@type":"ListItem","position":2,"name":"Punt de Rec\u00e0rrega Cotxe El\u00e8ctric"}]},{"@type":"WebSite","@id":"https:\/\/www.signum.cat\/#website","url":"https:\/\/www.signum.cat\/","name":"SIGNUM","description":"Electricidad, dom\u00f3tica e inm\u00f3tica","publisher":{"@id":"https:\/\/www.signum.cat\/#organization"},"potentialAction":[{"@type":"SearchAction","target":{"@type":"EntryPoint","urlTemplate":"https:\/\/www.signum.cat\/?s={search_term_string}"},"query-input":"required name=search_term_string"}],"inLanguage":"ca-ES"},{"@type":"Organization","@id":"https:\/\/www.signum.cat\/#organization","name":"SIGNUM","url":"https:\/\/www.signum.cat\/","logo":{"@type":"ImageObject","inLanguage":"ca-ES","@id":"https:\/\/www.signum.cat\/#\/schema\/logo\/image\/","url":"https:\/\/www.signum.cat\/wp-content\/uploads\/2021\/02\/Logo-SIGNUM-Favicon-1.png","contentUrl":"https:\/\/www.signum.cat\/wp-content\/uploads\/2021\/02\/Logo-SIGNUM-Favicon-1.png","width":80,"height":73,"caption":"SIGNUM"},"image":{"@id":"https:\/\/www.signum.cat\/#\/schema\/logo\/image\/"}},{"@type":"Person","@id":"https:\/\/www.signum.cat\/#\/schema\/person\/c2e78202a3b382edd9e2930aac0b4def","name":"Signum"}]}},"_links":{"self":[{"href":"https:\/\/www.signum.cat\/ca\/wp-json\/wp\/v2\/posts\/2494"}],"collection":[{"href":"https:\/\/www.signum.cat\/ca\/wp-json\/wp\/v2\/posts"}],"about":[{"href":"https:\/\/www.signum.cat\/ca\/wp-json\/wp\/v2\/types\/post"}],"author":[{"embeddable":true,"href":"https:\/\/www.signum.cat\/ca\/wp-json\/wp\/v2\/users\/2"}],"replies":[{"embeddable":true,"href":"https:\/\/www.signum.cat\/ca\/wp-json\/wp\/v2\/comments?post=2494"}],"version-history":[{"count":4,"href":"https:\/\/www.signum.cat\/ca\/wp-json\/wp\/v2\/posts\/2494\/revisions"}],"predecessor-version":[{"id":2603,"href":"https:\/\/www.signum.cat\/ca\/wp-json\/wp\/v2\/posts\/2494\/revisions\/2603"}],"wp:featuredmedia":[{"embeddable":true,"href":"https:\/\/www.signum.cat\/ca\/wp-json\/wp\/v2\/media\/2486"}],"wp:attachment":[{"href":"https:\/\/www.signum.cat\/ca\/wp-json\/wp\/v2\/media?parent=2494"}],"wp:term":[{"taxonomy":"category","embeddable":true,"href":"https:\/\/www.signum.cat\/ca\/wp-json\/wp\/v2\/categories?post=2494"},{"taxonomy":"post_tag","embeddable":true,"href":"https:\/\/www.signum.cat\/ca\/wp-json\/wp\/v2\/tags?post=2494"}],"curies":[{"name":"wp","href":"https:\/\/api.w.org\/{rel}","templated":true}]}}