{"id":2564,"date":"2021-10-18T15:56:17","date_gmt":"2021-10-18T13:56:17","guid":{"rendered":"https:\/\/www.signum.cat\/es-pot-carregar-el-cotxe-electric-amb-panells-solars\/"},"modified":"2022-10-04T12:29:53","modified_gmt":"2022-10-04T10:29:53","slug":"carregar-el-cotxe-electric-amb-panells-solars","status":"publish","type":"post","link":"https:\/\/www.signum.cat\/ca\/carregar-el-cotxe-electric-amb-panells-solars\/","title":{"rendered":"Carregar el Cotxe El\u00e8ctric amb Panells Solars"},"content":{"rendered":"\n<p>Carregar el cotxe el\u00e8ctric amb panells solars \u00e9s <strong>POSSIBLE<\/strong> i <strong>ECON\u00d2MIC<\/strong>, suposa un gran avan\u00e7 cap a l&#8217;autoconsum. <strong>Una de les solucions m\u00e9s innovadores per a la c\u00e0rrega del teu vehicle el\u00e8ctric<\/strong>.<\/p>\n\n\n\n<p>\u00c9s molt important en el nostre dia a dia mantenir el contacte amb els clients, per a comprendre les seves preocupacions i tractar de proporcionar-los solucions eficaces.<\/p>\n\n\n\n<p>Per a aix\u00f2 <strong>observem amb deteniment les seves inquietuds i interessos<\/strong>, alguna cosa que canvia subtilment a partir de la consolidaci\u00f3 del segment dels vehicles el\u00e8ctrics.<\/p>\n\n\n\n<p>Entre els dubtes que ens transmeten, es troben <strong>les referents a l&#8217;autonomia dels vehicles el\u00e8ctrics i als temps, costos i beneficis de la seva rec\u00e0rrega.<\/strong><\/p>\n\n\n<div class=\"wp-block-image\">\n<figure class=\"aligncenter\"><img loading=\"lazy\" decoding=\"async\" width=\"980\" height=\"560\" src=\"https:\/\/www.signum.cat\/wp-content\/uploads\/2021\/10\/Cargar-coche-con-paneles-solares-SIGNUM.jpg\" alt=\"Cargar coche con paneles solares - SIGNUM\" class=\"wp-image-2513\" srcset=\"https:\/\/www.signum.cat\/wp-content\/uploads\/2021\/10\/Cargar-coche-con-paneles-solares-SIGNUM.jpg 980w, https:\/\/www.signum.cat\/wp-content\/uploads\/2021\/10\/Cargar-coche-con-paneles-solares-SIGNUM-300x171.jpg 300w, https:\/\/www.signum.cat\/wp-content\/uploads\/2021\/10\/Cargar-coche-con-paneles-solares-SIGNUM-768x439.jpg 768w\" sizes=\"(max-width: 980px) 100vw, 980px\" \/><\/figure><\/div>\n\n\n<p>No obstant aix\u00f2, en els \u00faltims temps ens estan preguntant sobre la possibilitat que el <strong>vehicle el\u00e8ctric es pugui carregar amb un sistema fotovoltaic<\/strong>.<\/p>\n\n\n\n<p>La poblaci\u00f3 vol saber si \u00e9s convenient <a href=\"https:\/\/www.signum.cat\/energia-solar-fotovoltaica\/\">instal\u00b7lar panells solars en els seus habitatges<\/a> i si es pot generar l&#8217;energia pr\u00f2pia que es produeix amb els panells solars.<\/p>\n\n\n\n<figure class=\"wp-block-embed is-type-video is-provider-youtube wp-block-embed-youtube wp-embed-aspect-16-9 wp-has-aspect-ratio\"><div class=\"wp-block-embed__wrapper\">\n<iframe loading=\"lazy\" title=\"Nuevo Raption 100 \u2013 El doble de potencia, la mitad de tiempo de carga. (ESP)\" width=\"720\" height=\"405\" src=\"https:\/\/www.youtube.com\/embed\/r36SFF_KcbQ?feature=oembed\" frameborder=\"0\" allow=\"accelerometer; autoplay; clipboard-write; encrypted-media; gyroscope; picture-in-picture\" allowfullscreen><\/iframe>\n<\/div><figcaption>Font: YouTube<\/figcaption><\/figure>\n\n\n\n<p>En altres paraules, la societat est\u00e0 exigint amb insist\u00e8ncia <a href=\"https:\/\/www.signum.cat\/ca\/instal%c2%b7lacio-de-plaques-solars-per-autoconsum\/\">solucions d&#8217;autoconsum<\/a>. Fem front a les preguntes que es plantegen amb m\u00e9s freq\u00fc\u00e8ncia:<\/p>\n\n\n\n<div id=\"ez-toc-container\" class=\"ez-toc-v2_0_61 counter-hierarchy ez-toc-counter ez-toc-grey ez-toc-container-direction\">\n<p class=\"ez-toc-title\"><\/p>\n<label for=\"ez-toc-cssicon-toggle-item-69f1d9bc48700\" class=\"ez-toc-cssicon-toggle-label\"><span class=\"\"><span class=\"eztoc-hide\" style=\"display:none;\">Toggle<\/span><span class=\"ez-toc-icon-toggle-span\"><svg style=\"fill: #999;color:#999\" xmlns=\"http:\/\/www.w3.org\/2000\/svg\" class=\"list-377408\" width=\"20px\" height=\"20px\" viewBox=\"0 0 24 24\" fill=\"none\"><path d=\"M6 6H4v2h2V6zm14 0H8v2h12V6zM4 11h2v2H4v-2zm16 0H8v2h12v-2zM4 16h2v2H4v-2zm16 0H8v2h12v-2z\" fill=\"currentColor\"><\/path><\/svg><svg style=\"fill: #999;color:#999\" class=\"arrow-unsorted-368013\" xmlns=\"http:\/\/www.w3.org\/2000\/svg\" width=\"10px\" height=\"10px\" viewBox=\"0 0 24 24\" version=\"1.2\" baseProfile=\"tiny\"><path d=\"M18.2 9.3l-6.2-6.3-6.2 6.3c-.2.2-.3.4-.3.7s.1.5.3.7c.2.2.4.3.7.3h11c.3 0 .5-.1.7-.3.2-.2.3-.5.3-.7s-.1-.5-.3-.7zM5.8 14.7l6.2 6.3 6.2-6.3c.2-.2.3-.5.3-.7s-.1-.5-.3-.7c-.2-.2-.4-.3-.7-.3h-11c-.3 0-.5.1-.7.3-.2.2-.3.5-.3.7s.1.5.3.7z\"\/><\/svg><\/span><\/span><\/label><input type=\"checkbox\"  id=\"ez-toc-cssicon-toggle-item-69f1d9bc48700\"  aria-label=\"Toggle\" \/><nav><ul class='ez-toc-list ez-toc-list-level-1 ' ><li class='ez-toc-page-1 ez-toc-heading-level-2'><a class=\"ez-toc-link ez-toc-heading-1\" href=\"https:\/\/www.signum.cat\/ca\/carregar-el-cotxe-electric-amb-panells-solars\/#Quina_instal%C2%B7lacio_de_panells_solars_precisariem_per_a_carregar_el_nostre_vehicle_electric\" title=\"Quina instal\u00b7laci\u00f3 de panells solars precisar\u00edem per a carregar el nostre vehicle el\u00e8ctric?\">Quina instal\u00b7laci\u00f3 de panells solars precisar\u00edem per a carregar el nostre vehicle el\u00e8ctric?<\/a><\/li><li class='ez-toc-page-1 ez-toc-heading-level-2'><a class=\"ez-toc-link ez-toc-heading-2\" href=\"https:\/\/www.signum.cat\/ca\/carregar-el-cotxe-electric-amb-panells-solars\/#Quina_instal%C2%B7lacio_de_panells_solars_ens_faria_falta_per_a_cobrir_el_consum_de_la_casa_i_del_vehicle_electric\" title=\"Quina instal\u00b7laci\u00f3 de panells solars ens faria falta per a cobrir el consum de la casa i del vehicle el\u00e8ctric?\">Quina instal\u00b7laci\u00f3 de panells solars ens faria falta per a cobrir el consum de la casa i del vehicle el\u00e8ctric?<\/a><\/li><li class='ez-toc-page-1 ez-toc-heading-level-2'><a class=\"ez-toc-link ez-toc-heading-3\" href=\"https:\/\/www.signum.cat\/ca\/carregar-el-cotxe-electric-amb-panells-solars\/#Quins_factors_influeixen_per_a_carregar_el_cotxe_electric\" title=\"Quins factors influeixen per a carregar el cotxe el\u00e8ctric?\">Quins factors influeixen per a carregar el cotxe el\u00e8ctric?<\/a><\/li><\/ul><\/nav><\/div>\n<h2 class=\"wp-block-heading\"><span class=\"ez-toc-section\" id=\"Quina_instal%C2%B7lacio_de_panells_solars_precisariem_per_a_carregar_el_nostre_vehicle_electric\"><\/span>Quina instal\u00b7laci\u00f3 de panells solars precisar\u00edem per a carregar el nostre vehicle el\u00e8ctric?<span class=\"ez-toc-section-end\"><\/span><\/h2>\n\n\n<div class=\"wp-block-image\">\n<figure class=\"aligncenter\"><img loading=\"lazy\" decoding=\"async\" width=\"980\" height=\"560\" src=\"https:\/\/www.signum.cat\/wp-content\/uploads\/2021\/10\/Cargar-coche-con-paneles-solares.jpg\" alt=\"Cargar coche con paneles solares - SIGNUM\" class=\"wp-image-2510\" srcset=\"https:\/\/www.signum.cat\/wp-content\/uploads\/2021\/10\/Cargar-coche-con-paneles-solares.jpg 980w, https:\/\/www.signum.cat\/wp-content\/uploads\/2021\/10\/Cargar-coche-con-paneles-solares-300x171.jpg 300w, https:\/\/www.signum.cat\/wp-content\/uploads\/2021\/10\/Cargar-coche-con-paneles-solares-768x439.jpg 768w\" sizes=\"(max-width: 980px) 100vw, 980px\" \/><\/figure><\/div>\n\n\n<p>Imaginarem que la mitjana de quilometratge que fa un vehicle al dia \u00e9s de 30 km. Aquesta necessitat es cobriria amb un sistema de panells solars que generin uns<strong> 5 kWh d&#8217;electricitat al dia<\/strong>, alguna cosa que s&#8217;aconseguiria amb la implantaci\u00f3 de 3 panells solars convencionals (<strong>d&#8217;uns 375 Wp i de 1,7\u00d71 metres<\/strong>).<\/p>\n\n\n\n<p>Sempre que tinguem el lloc en el qual instal\u00b7lar els panells, \u00e9s perfectament realitzable carregar el nostre cotxe amb l&#8217;energia produ\u00efda per un <a href=\"https:\/\/www.signum.cat\/instalacion-de-placas-solares-para-autoconsumo\/\">sistema fotovoltaic d&#8217;autoconsum.<\/a><\/p>\n\n\n\n<p>Per\u00f2 no sols aix\u00f2, fins i tot es pot trobar en el mercat carregadors de major sofisticaci\u00f3 que s\u00f3n susceptibles d&#8217;utilitzar <a href=\"https:\/\/www.factorenergia.com\/es\/blog\/autoconsumo\/compensacion-de-excedentes-autoconsumo\/\" target=\"_blank\" rel=\"noopener\">la pr\u00f2pia energia sobrant produ\u00efda<\/a> pel nostre sistema i aix\u00ed aprofitar-la \u00edntegrament.<\/p>\n\n\n\n<h2 class=\"wp-block-heading\"><span class=\"ez-toc-section\" id=\"Quina_instal%C2%B7lacio_de_panells_solars_ens_faria_falta_per_a_cobrir_el_consum_de_la_casa_i_del_vehicle_electric\"><\/span>Quina instal\u00b7laci\u00f3 de panells solars ens faria falta per a cobrir el consum de la casa i del vehicle el\u00e8ctric?<span class=\"ez-toc-section-end\"><\/span><\/h2>\n\n\n\n<p>Tenint en compte que una casa mitjana consumeix uns 300-400 kWh\/mes i el cotxe uns 150 kW\/mes, estar\u00edem davant un suposat consum diari i particular d&#8217;entre 15 i 20 kWh.<\/p>\n\n\n\n<p>A fi de cobrir aquesta demanda di\u00e0ria, necessitar\u00edem instal\u00b7lar uns 12 m\u00f2duls est\u00e0ndard (20 m\u00b2, m\u00e9s o menys).<\/p>\n\n\n\n<p>\u00c9s absolutament factible la instal\u00b7laci\u00f3 d&#8217;un <strong>sistema de panells solars integrat<\/strong> per a generar l&#8217;energia suficient per a l&#8217;autoconsum de la casa i del vehicle el\u00e8ctric.<\/p>\n\n\n\n<h2 class=\"wp-block-heading\"><span class=\"ez-toc-section\" id=\"Quins_factors_influeixen_per_a_carregar_el_cotxe_electric\"><\/span>Quins factors influeixen per a carregar el cotxe el\u00e8ctric?<span class=\"ez-toc-section-end\"><\/span><\/h2>\n\n\n\n<p>Perqu\u00e8 hi ha diferents condicionants que intervenen en la producci\u00f3 d&#8217;energia solar i que s&#8217;hauran de tenir en compte en qualsevol projecte, com ara:<\/p>\n\n\n\n<ol><li>L&#8217;orientaci\u00f3 de la casa.<\/li><li>L&#8217;empla\u00e7ament a nivell geogr\u00e0fic.<\/li><li>L&#8217;angle d&#8217;inclinaci\u00f3 de les plaques.<\/li><li>La superf\u00edcie i particularitats de l&#8217;espai del qual es disposa.<\/li><li>Els consums de l&#8217;habitatge i del vehicle.<\/li><li>Les estacions de l&#8217;any ( es generar\u00e0 m\u00e9s energia a l&#8217;estiu enfront de la d&#8217;hivern), etc.<\/li><\/ol>\n\n\n\n<p>En <strong>SIGNUM<\/strong> sempre aconsellem als nostres clients que tri\u00efn l&#8217;opci\u00f3 m\u00e9s convenient segons el seu cas concret.<\/p>\n\n\n\n<p>De totes maneres, <strong>suposa la gran not\u00edcia de l&#8217;avan\u00e7 de la societat,<\/strong> pas a pas, cap a l&#8217;autoconsum.<\/p>\n","protected":false},"excerpt":{"rendered":"<p>Carregar el cotxe el\u00e8ctric amb panells solars \u00e9s POSSIBLE i ECON\u00d2MIC, suposa un gran avan\u00e7 cap a l&#8217;autoconsum. Una de les solucions m\u00e9s innovadores per a la c\u00e0rrega del teu vehicle el\u00e8ctric. \u00c9s molt important en el nostre dia a&#8230;<\/p>\n","protected":false},"author":2,"featured_media":2508,"comment_status":"closed","ping_status":"closed","sticky":false,"template":"","format":"standard","meta":{"_kad_post_transparent":"default","_kad_post_title":"default","_kad_post_layout":"default","_kad_post_sidebar_id":"","_kad_post_content_style":"default","_kad_post_vertical_padding":"default","_kad_post_feature":"","_kad_post_feature_position":"","_kad_post_header":false,"_kad_post_footer":false,"footnotes":"","_joinchat":[]},"categories":[32,39],"tags":[],"yoast_head":"<!-- This site is optimized with the Yoast SEO plugin v21.7 - https:\/\/yoast.com\/wordpress\/plugins\/seo\/ -->\n<title>Carregar el Cotxe El\u00e8ctric amb Panells Solars - SIGNUM<\/title>\n<meta name=\"description\" content=\"Carregar el cotxe el\u00e8ctric amb panells solars \u00c9S POSSIBLE. Una de les solucions m\u00e9s innovadores per a la c\u00e0rrega del teu cotxe el\u00e8ctric\" \/>\n<meta name=\"robots\" content=\"index, follow, max-snippet:-1, max-image-preview:large, max-video-preview:-1\" \/>\n<link rel=\"canonical\" href=\"https:\/\/www.signum.cat\/ca\/carregar-el-cotxe-electric-amb-panells-solars\/\" \/>\n<meta property=\"og:locale\" content=\"ca_ES\" \/>\n<meta property=\"og:type\" content=\"article\" \/>\n<meta property=\"og:title\" content=\"Carregar el Cotxe El\u00e8ctric amb Panells Solars - SIGNUM\" \/>\n<meta property=\"og:description\" content=\"Carregar el cotxe el\u00e8ctric amb panells solars \u00c9S POSSIBLE. Una de les solucions m\u00e9s innovadores per a la c\u00e0rrega del teu cotxe el\u00e8ctric\" \/>\n<meta property=\"og:url\" content=\"https:\/\/www.signum.cat\/ca\/carregar-el-cotxe-electric-amb-panells-solars\/\" \/>\n<meta property=\"og:site_name\" content=\"SIGNUM\" \/>\n<meta property=\"article:published_time\" content=\"2021-10-18T13:56:17+00:00\" \/>\n<meta property=\"article:modified_time\" content=\"2022-10-04T10:29:53+00:00\" \/>\n<meta property=\"og:image\" content=\"https:\/\/www.signum.cat\/wp-content\/uploads\/2021\/10\/Cargar-el-coche-electrico-con-paneles-solares.jpg\" \/>\n\t<meta property=\"og:image:width\" content=\"1100\" \/>\n\t<meta property=\"og:image:height\" content=\"450\" \/>\n\t<meta property=\"og:image:type\" content=\"image\/jpeg\" \/>\n<meta name=\"author\" content=\"Signum\" \/>\n<meta name=\"twitter:card\" content=\"summary_large_image\" \/>\n<meta name=\"twitter:label1\" content=\"Written by\" \/>\n\t<meta name=\"twitter:data1\" content=\"Signum\" \/>\n\t<meta name=\"twitter:label2\" content=\"Est. reading time\" \/>\n\t<meta name=\"twitter:data2\" content=\"3 minutes\" \/>\n<script type=\"application\/ld+json\" class=\"yoast-schema-graph\">{\"@context\":\"https:\/\/schema.org\",\"@graph\":[{\"@type\":\"Article\",\"@id\":\"https:\/\/www.signum.cat\/ca\/carregar-el-cotxe-electric-amb-panells-solars\/#article\",\"isPartOf\":{\"@id\":\"https:\/\/www.signum.cat\/ca\/carregar-el-cotxe-electric-amb-panells-solars\/\"},\"author\":{\"name\":\"Signum\",\"@id\":\"https:\/\/www.signum.cat\/#\/schema\/person\/c2e78202a3b382edd9e2930aac0b4def\"},\"headline\":\"Carregar el Cotxe El\u00e8ctric amb Panells Solars\",\"datePublished\":\"2021-10-18T13:56:17+00:00\",\"dateModified\":\"2022-10-04T10:29:53+00:00\",\"mainEntityOfPage\":{\"@id\":\"https:\/\/www.signum.cat\/ca\/carregar-el-cotxe-electric-amb-panells-solars\/\"},\"wordCount\":565,\"publisher\":{\"@id\":\"https:\/\/www.signum.cat\/#organization\"},\"articleSection\":[\"L'Efici\u00e8ncia Energ\u00e8tica\",\"Vehicle el\u00e8ctric\"],\"inLanguage\":\"ca-ES\"},{\"@type\":\"WebPage\",\"@id\":\"https:\/\/www.signum.cat\/ca\/carregar-el-cotxe-electric-amb-panells-solars\/\",\"url\":\"https:\/\/www.signum.cat\/ca\/carregar-el-cotxe-electric-amb-panells-solars\/\",\"name\":\"Carregar el Cotxe El\u00e8ctric amb Panells Solars - SIGNUM\",\"isPartOf\":{\"@id\":\"https:\/\/www.signum.cat\/#website\"},\"datePublished\":\"2021-10-18T13:56:17+00:00\",\"dateModified\":\"2022-10-04T10:29:53+00:00\",\"description\":\"Carregar el cotxe el\u00e8ctric amb panells solars \u00c9S POSSIBLE. Una de les solucions m\u00e9s innovadores per a la c\u00e0rrega del teu cotxe el\u00e8ctric\",\"breadcrumb\":{\"@id\":\"https:\/\/www.signum.cat\/ca\/carregar-el-cotxe-electric-amb-panells-solars\/#breadcrumb\"},\"inLanguage\":\"ca-ES\",\"potentialAction\":[{\"@type\":\"ReadAction\",\"target\":[\"https:\/\/www.signum.cat\/ca\/carregar-el-cotxe-electric-amb-panells-solars\/\"]}]},{\"@type\":\"BreadcrumbList\",\"@id\":\"https:\/\/www.signum.cat\/ca\/carregar-el-cotxe-electric-amb-panells-solars\/#breadcrumb\",\"itemListElement\":[{\"@type\":\"ListItem\",\"position\":1,\"name\":\"Portada\",\"item\":\"https:\/\/www.signum.cat\/ca\/\"},{\"@type\":\"ListItem\",\"position\":2,\"name\":\"Carregar el Cotxe El\u00e8ctric amb Panells Solars\"}]},{\"@type\":\"WebSite\",\"@id\":\"https:\/\/www.signum.cat\/#website\",\"url\":\"https:\/\/www.signum.cat\/\",\"name\":\"SIGNUM\",\"description\":\"Electricidad, dom\u00f3tica e inm\u00f3tica\",\"publisher\":{\"@id\":\"https:\/\/www.signum.cat\/#organization\"},\"potentialAction\":[{\"@type\":\"SearchAction\",\"target\":{\"@type\":\"EntryPoint\",\"urlTemplate\":\"https:\/\/www.signum.cat\/?s={search_term_string}\"},\"query-input\":\"required name=search_term_string\"}],\"inLanguage\":\"ca-ES\"},{\"@type\":\"Organization\",\"@id\":\"https:\/\/www.signum.cat\/#organization\",\"name\":\"SIGNUM\",\"url\":\"https:\/\/www.signum.cat\/\",\"logo\":{\"@type\":\"ImageObject\",\"inLanguage\":\"ca-ES\",\"@id\":\"https:\/\/www.signum.cat\/#\/schema\/logo\/image\/\",\"url\":\"https:\/\/www.signum.cat\/wp-content\/uploads\/2021\/02\/Logo-SIGNUM-Favicon-1.png\",\"contentUrl\":\"https:\/\/www.signum.cat\/wp-content\/uploads\/2021\/02\/Logo-SIGNUM-Favicon-1.png\",\"width\":80,\"height\":73,\"caption\":\"SIGNUM\"},\"image\":{\"@id\":\"https:\/\/www.signum.cat\/#\/schema\/logo\/image\/\"}},{\"@type\":\"Person\",\"@id\":\"https:\/\/www.signum.cat\/#\/schema\/person\/c2e78202a3b382edd9e2930aac0b4def\",\"name\":\"Signum\"}]}<\/script>\n<!-- \/ Yoast SEO plugin. -->","yoast_head_json":{"title":"Carregar el Cotxe El\u00e8ctric amb Panells Solars - SIGNUM","description":"Carregar el cotxe el\u00e8ctric amb panells solars \u00c9S POSSIBLE. Una de les solucions m\u00e9s innovadores per a la c\u00e0rrega del teu cotxe el\u00e8ctric","robots":{"index":"index","follow":"follow","max-snippet":"max-snippet:-1","max-image-preview":"max-image-preview:large","max-video-preview":"max-video-preview:-1"},"canonical":"https:\/\/www.signum.cat\/ca\/carregar-el-cotxe-electric-amb-panells-solars\/","og_locale":"ca_ES","og_type":"article","og_title":"Carregar el Cotxe El\u00e8ctric amb Panells Solars - SIGNUM","og_description":"Carregar el cotxe el\u00e8ctric amb panells solars \u00c9S POSSIBLE. Una de les solucions m\u00e9s innovadores per a la c\u00e0rrega del teu cotxe el\u00e8ctric","og_url":"https:\/\/www.signum.cat\/ca\/carregar-el-cotxe-electric-amb-panells-solars\/","og_site_name":"SIGNUM","article_published_time":"2021-10-18T13:56:17+00:00","article_modified_time":"2022-10-04T10:29:53+00:00","og_image":[{"width":1100,"height":450,"url":"https:\/\/www.signum.cat\/wp-content\/uploads\/2021\/10\/Cargar-el-coche-electrico-con-paneles-solares.jpg","type":"image\/jpeg"}],"author":"Signum","twitter_card":"summary_large_image","twitter_misc":{"Written by":"Signum","Est. reading time":"3 minutes"},"schema":{"@context":"https:\/\/schema.org","@graph":[{"@type":"Article","@id":"https:\/\/www.signum.cat\/ca\/carregar-el-cotxe-electric-amb-panells-solars\/#article","isPartOf":{"@id":"https:\/\/www.signum.cat\/ca\/carregar-el-cotxe-electric-amb-panells-solars\/"},"author":{"name":"Signum","@id":"https:\/\/www.signum.cat\/#\/schema\/person\/c2e78202a3b382edd9e2930aac0b4def"},"headline":"Carregar el Cotxe El\u00e8ctric amb Panells Solars","datePublished":"2021-10-18T13:56:17+00:00","dateModified":"2022-10-04T10:29:53+00:00","mainEntityOfPage":{"@id":"https:\/\/www.signum.cat\/ca\/carregar-el-cotxe-electric-amb-panells-solars\/"},"wordCount":565,"publisher":{"@id":"https:\/\/www.signum.cat\/#organization"},"articleSection":["L'Efici\u00e8ncia Energ\u00e8tica","Vehicle el\u00e8ctric"],"inLanguage":"ca-ES"},{"@type":"WebPage","@id":"https:\/\/www.signum.cat\/ca\/carregar-el-cotxe-electric-amb-panells-solars\/","url":"https:\/\/www.signum.cat\/ca\/carregar-el-cotxe-electric-amb-panells-solars\/","name":"Carregar el Cotxe El\u00e8ctric amb Panells Solars - SIGNUM","isPartOf":{"@id":"https:\/\/www.signum.cat\/#website"},"datePublished":"2021-10-18T13:56:17+00:00","dateModified":"2022-10-04T10:29:53+00:00","description":"Carregar el cotxe el\u00e8ctric amb panells solars \u00c9S POSSIBLE. Una de les solucions m\u00e9s innovadores per a la c\u00e0rrega del teu cotxe el\u00e8ctric","breadcrumb":{"@id":"https:\/\/www.signum.cat\/ca\/carregar-el-cotxe-electric-amb-panells-solars\/#breadcrumb"},"inLanguage":"ca-ES","potentialAction":[{"@type":"ReadAction","target":["https:\/\/www.signum.cat\/ca\/carregar-el-cotxe-electric-amb-panells-solars\/"]}]},{"@type":"BreadcrumbList","@id":"https:\/\/www.signum.cat\/ca\/carregar-el-cotxe-electric-amb-panells-solars\/#breadcrumb","itemListElement":[{"@type":"ListItem","position":1,"name":"Portada","item":"https:\/\/www.signum.cat\/ca\/"},{"@type":"ListItem","position":2,"name":"Carregar el Cotxe El\u00e8ctric amb Panells Solars"}]},{"@type":"WebSite","@id":"https:\/\/www.signum.cat\/#website","url":"https:\/\/www.signum.cat\/","name":"SIGNUM","description":"Electricidad, dom\u00f3tica e inm\u00f3tica","publisher":{"@id":"https:\/\/www.signum.cat\/#organization"},"potentialAction":[{"@type":"SearchAction","target":{"@type":"EntryPoint","urlTemplate":"https:\/\/www.signum.cat\/?s={search_term_string}"},"query-input":"required name=search_term_string"}],"inLanguage":"ca-ES"},{"@type":"Organization","@id":"https:\/\/www.signum.cat\/#organization","name":"SIGNUM","url":"https:\/\/www.signum.cat\/","logo":{"@type":"ImageObject","inLanguage":"ca-ES","@id":"https:\/\/www.signum.cat\/#\/schema\/logo\/image\/","url":"https:\/\/www.signum.cat\/wp-content\/uploads\/2021\/02\/Logo-SIGNUM-Favicon-1.png","contentUrl":"https:\/\/www.signum.cat\/wp-content\/uploads\/2021\/02\/Logo-SIGNUM-Favicon-1.png","width":80,"height":73,"caption":"SIGNUM"},"image":{"@id":"https:\/\/www.signum.cat\/#\/schema\/logo\/image\/"}},{"@type":"Person","@id":"https:\/\/www.signum.cat\/#\/schema\/person\/c2e78202a3b382edd9e2930aac0b4def","name":"Signum"}]}},"_links":{"self":[{"href":"https:\/\/www.signum.cat\/ca\/wp-json\/wp\/v2\/posts\/2564"}],"collection":[{"href":"https:\/\/www.signum.cat\/ca\/wp-json\/wp\/v2\/posts"}],"about":[{"href":"https:\/\/www.signum.cat\/ca\/wp-json\/wp\/v2\/types\/post"}],"author":[{"embeddable":true,"href":"https:\/\/www.signum.cat\/ca\/wp-json\/wp\/v2\/users\/2"}],"replies":[{"embeddable":true,"href":"https:\/\/www.signum.cat\/ca\/wp-json\/wp\/v2\/comments?post=2564"}],"version-history":[{"count":3,"href":"https:\/\/www.signum.cat\/ca\/wp-json\/wp\/v2\/posts\/2564\/revisions"}],"predecessor-version":[{"id":3316,"href":"https:\/\/www.signum.cat\/ca\/wp-json\/wp\/v2\/posts\/2564\/revisions\/3316"}],"wp:featuredmedia":[{"embeddable":true,"href":"https:\/\/www.signum.cat\/ca\/wp-json\/wp\/v2\/media\/2508"}],"wp:attachment":[{"href":"https:\/\/www.signum.cat\/ca\/wp-json\/wp\/v2\/media?parent=2564"}],"wp:term":[{"taxonomy":"category","embeddable":true,"href":"https:\/\/www.signum.cat\/ca\/wp-json\/wp\/v2\/categories?post=2564"},{"taxonomy":"post_tag","embeddable":true,"href":"https:\/\/www.signum.cat\/ca\/wp-json\/wp\/v2\/tags?post=2564"}],"curies":[{"name":"wp","href":"https:\/\/api.w.org\/{rel}","templated":true}]}}