{"id":2835,"date":"2022-01-21T13:16:44","date_gmt":"2022-01-21T12:16:44","guid":{"rendered":"https:\/\/www.signum.cat\/la-domotica-intel%c2%b7ligent-per-a-habitatges\/"},"modified":"2022-01-21T14:20:16","modified_gmt":"2022-01-21T13:20:16","slug":"la-domotica-intel%c2%b7ligent-per-a-habitatges","status":"publish","type":"post","link":"https:\/\/www.signum.cat\/ca\/la-domotica-intel%c2%b7ligent-per-a-habitatges\/","title":{"rendered":"La Dom\u00f2tica Intel\u00b7ligent per a Habitatges"},"content":{"rendered":"<p>Viure en una casa amb un sistema de dom\u00f2tica intel\u00b7ligent solia existir nom\u00e9s en pel\u00b7l\u00edcules de ci\u00e8ncia-ficci\u00f3.<\/p>\n<p>Un avan\u00e7 r\u00e0pid fins a l&#8217;actualitat i les llars connectades i els dispositius intel\u00b7ligents s&#8217;estan convertint r\u00e0pidament en la norma el dom\u00f2tica intel\u00b7ligent.<\/p>\n<div id=\"ez-toc-container\" class=\"ez-toc-v2_0_61 counter-hierarchy ez-toc-counter ez-toc-grey ez-toc-container-direction\">\n<p class=\"ez-toc-title\"><\/p>\n<label for=\"ez-toc-cssicon-toggle-item-69f1e0be19513\" class=\"ez-toc-cssicon-toggle-label\"><span class=\"\"><span class=\"eztoc-hide\" style=\"display:none;\">Toggle<\/span><span class=\"ez-toc-icon-toggle-span\"><svg style=\"fill: #999;color:#999\" xmlns=\"http:\/\/www.w3.org\/2000\/svg\" class=\"list-377408\" width=\"20px\" height=\"20px\" viewBox=\"0 0 24 24\" fill=\"none\"><path d=\"M6 6H4v2h2V6zm14 0H8v2h12V6zM4 11h2v2H4v-2zm16 0H8v2h12v-2zM4 16h2v2H4v-2zm16 0H8v2h12v-2z\" fill=\"currentColor\"><\/path><\/svg><svg style=\"fill: #999;color:#999\" class=\"arrow-unsorted-368013\" xmlns=\"http:\/\/www.w3.org\/2000\/svg\" width=\"10px\" height=\"10px\" viewBox=\"0 0 24 24\" version=\"1.2\" baseProfile=\"tiny\"><path d=\"M18.2 9.3l-6.2-6.3-6.2 6.3c-.2.2-.3.4-.3.7s.1.5.3.7c.2.2.4.3.7.3h11c.3 0 .5-.1.7-.3.2-.2.3-.5.3-.7s-.1-.5-.3-.7zM5.8 14.7l6.2 6.3 6.2-6.3c.2-.2.3-.5.3-.7s-.1-.5-.3-.7c-.2-.2-.4-.3-.7-.3h-11c-.3 0-.5.1-.7.3-.2.2-.3.5-.3.7s.1.5.3.7z\"\/><\/svg><\/span><\/span><\/label><input type=\"checkbox\"  id=\"ez-toc-cssicon-toggle-item-69f1e0be19513\"  aria-label=\"Toggle\" \/><nav><ul class='ez-toc-list ez-toc-list-level-1 ' ><li class='ez-toc-page-1 ez-toc-heading-level-2'><a class=\"ez-toc-link ez-toc-heading-1\" href=\"https:\/\/www.signum.cat\/ca\/la-domotica-intel%c2%b7ligent-per-a-habitatges\/#La_tecnologia_per_a_un_habitatge_amb_domotica_intel%C2%B7ligent\" title=\"La tecnologia per a un habitatge amb dom\u00f2tica intel\u00b7ligent\">La tecnologia per a un habitatge amb dom\u00f2tica intel\u00b7ligent<\/a><\/li><li class='ez-toc-page-1 ez-toc-heading-level-2'><a class=\"ez-toc-link ez-toc-heading-2\" href=\"https:\/\/www.signum.cat\/ca\/la-domotica-intel%c2%b7ligent-per-a-habitatges\/#Tecnologia_de_veu\" title=\"Tecnologia de veu\">Tecnologia de veu<\/a><ul class='ez-toc-list-level-3' ><li class='ez-toc-heading-level-3'><a class=\"ez-toc-link ez-toc-heading-3\" href=\"https:\/\/www.signum.cat\/ca\/la-domotica-intel%c2%b7ligent-per-a-habitatges\/#Assistents_de_veu\" title=\"Assistents de veu\">Assistents de veu<\/a><\/li><\/ul><\/li><li class='ez-toc-page-1 ez-toc-heading-level-2'><a class=\"ez-toc-link ez-toc-heading-4\" href=\"https:\/\/www.signum.cat\/ca\/la-domotica-intel%c2%b7ligent-per-a-habitatges\/#Seguretat_a_la_teva_casa_amb_domotica_intel%C2%B7ligent\" title=\"Seguretat a la teva casa amb dom\u00f2tica intel\u00b7ligent\">Seguretat a la teva casa amb dom\u00f2tica intel\u00b7ligent<\/a><ul class='ez-toc-list-level-3' ><li class='ez-toc-heading-level-3'><a class=\"ez-toc-link ez-toc-heading-5\" href=\"https:\/\/www.signum.cat\/ca\/la-domotica-intel%c2%b7ligent-per-a-habitatges\/#Video_porters_cameres_i_sistemes_de_seguretat\" title=\"V\u00eddeo porters, c\u00e0meres i sistemes de seguretat\">V\u00eddeo porters, c\u00e0meres i sistemes de seguretat<\/a><\/li><\/ul><\/li><li class='ez-toc-page-1 ez-toc-heading-level-2'><a class=\"ez-toc-link ez-toc-heading-6\" href=\"https:\/\/www.signum.cat\/ca\/la-domotica-intel%c2%b7ligent-per-a-habitatges\/#Panys_amb_reconeixement_facial_i_empremtes_dactilars\" title=\"Panys amb reconeixement facial i empremtes dactilars\">Panys amb reconeixement facial i empremtes dactilars<\/a><\/li><li class='ez-toc-page-1 ez-toc-heading-level-2'><a class=\"ez-toc-link ez-toc-heading-7\" href=\"https:\/\/www.signum.cat\/ca\/la-domotica-intel%c2%b7ligent-per-a-habitatges\/#Drons_dinterior\" title=\"Drons d&#8217;interior\">Drons d&#8217;interior<\/a><\/li><li class='ez-toc-page-1 ez-toc-heading-level-2'><a class=\"ez-toc-link ez-toc-heading-8\" href=\"https:\/\/www.signum.cat\/ca\/la-domotica-intel%c2%b7ligent-per-a-habitatges\/#Tecnologia_sostenible_per_a_una_llar_intel%C2%B7ligent\" title=\"Tecnologia sostenible per a una llar intel\u00b7ligent\">Tecnologia sostenible per a una llar intel\u00b7ligent<\/a><ul class='ez-toc-list-level-3' ><li class='ez-toc-heading-level-3'><a class=\"ez-toc-link ez-toc-heading-9\" href=\"https:\/\/www.signum.cat\/ca\/la-domotica-intel%c2%b7ligent-per-a-habitatges\/#Panells_solars\" title=\"Panells solars\">Panells solars<\/a><\/li><\/ul><\/li><li class='ez-toc-page-1 ez-toc-heading-level-2'><a class=\"ez-toc-link ez-toc-heading-10\" href=\"https:\/\/www.signum.cat\/ca\/la-domotica-intel%c2%b7ligent-per-a-habitatges\/#Parets_de_plantes_vives\" title=\"Parets de plantes vives\">Parets de plantes vives<\/a><\/li><li class='ez-toc-page-1 ez-toc-heading-level-2'><a class=\"ez-toc-link ez-toc-heading-11\" href=\"https:\/\/www.signum.cat\/ca\/la-domotica-intel%c2%b7ligent-per-a-habitatges\/#Accessoris_per_a_la_llar\" title=\"Accessoris per a la llar\">Accessoris per a la llar<\/a><ul class='ez-toc-list-level-3' ><li class='ez-toc-heading-level-3'><a class=\"ez-toc-link ez-toc-heading-12\" href=\"https:\/\/www.signum.cat\/ca\/la-domotica-intel%c2%b7ligent-per-a-habitatges\/#Il%C2%B7luminacio_adaptada_a_lesser_huma\" title=\"Il\u00b7luminaci\u00f3 adaptada a l&#8217;\u00e9sser hum\u00e0\">Il\u00b7luminaci\u00f3 adaptada a l&#8217;\u00e9sser hum\u00e0<\/a><\/li><\/ul><\/li><li class='ez-toc-page-1 ez-toc-heading-level-2'><a class=\"ez-toc-link ez-toc-heading-13\" href=\"https:\/\/www.signum.cat\/ca\/la-domotica-intel%c2%b7ligent-per-a-habitatges\/#Termostats_programables\" title=\"Term\u00f2stats programables\">Term\u00f2stats programables<\/a><\/li><li class='ez-toc-page-1 ez-toc-heading-level-2'><a class=\"ez-toc-link ez-toc-heading-14\" href=\"https:\/\/www.signum.cat\/ca\/la-domotica-intel%c2%b7ligent-per-a-habitatges\/#Cuina_amb_domotica_intel%C2%B7ligent\" title=\"Cuina amb dom\u00f2tica intel\u00b7ligent\">Cuina amb dom\u00f2tica intel\u00b7ligent<\/a><ul class='ez-toc-list-level-3' ><li class='ez-toc-heading-level-3'><a class=\"ez-toc-link ez-toc-heading-15\" href=\"https:\/\/www.signum.cat\/ca\/la-domotica-intel%c2%b7ligent-per-a-habitatges\/#Electrodomestics_de_cuina\" title=\"Electrodom\u00e8stics de cuina\">Electrodom\u00e8stics de cuina<\/a><\/li><\/ul><\/li><li class='ez-toc-page-1 ez-toc-heading-level-2'><a class=\"ez-toc-link ez-toc-heading-16\" href=\"https:\/\/www.signum.cat\/ca\/la-domotica-intel%c2%b7ligent-per-a-habitatges\/#Plaques_de_coccio_de_cuina\" title=\"Plaques de cocci\u00f3 de cuina\">Plaques de cocci\u00f3 de cuina<\/a><\/li><li class='ez-toc-page-1 ez-toc-heading-level-2'><a class=\"ez-toc-link ez-toc-heading-17\" href=\"https:\/\/www.signum.cat\/ca\/la-domotica-intel%c2%b7ligent-per-a-habitatges\/#Banys\" title=\"Banys\">Banys<\/a><ul class='ez-toc-list-level-3' ><li class='ez-toc-heading-level-3'><a class=\"ez-toc-link ez-toc-heading-18\" href=\"https:\/\/www.signum.cat\/ca\/la-domotica-intel%c2%b7ligent-per-a-habitatges\/#Dutxes_intel%C2%B7ligents_i_banyeres_a_la_teva_casa_domotica_intel%C2%B7ligent\" title=\"Dutxes intel\u00b7ligents i banyeres\u00a0a\u00a0 la teva casa dom\u00f2tica intel\u00b7ligent\">Dutxes intel\u00b7ligents i banyeres\u00a0a\u00a0 la teva casa dom\u00f2tica intel\u00b7ligent<\/a><\/li><\/ul><\/li><li class='ez-toc-page-1 ez-toc-heading-level-2'><a class=\"ez-toc-link ez-toc-heading-19\" href=\"https:\/\/www.signum.cat\/ca\/la-domotica-intel%c2%b7ligent-per-a-habitatges\/#Vaters_sense_contacte_i_bidets_digitals\" title=\"V\u00e0ters sense contacte i bidets digitals\">V\u00e0ters sense contacte i bidets digitals<\/a><\/li><li class='ez-toc-page-1 ez-toc-heading-level-2'><a class=\"ez-toc-link ez-toc-heading-20\" href=\"https:\/\/www.signum.cat\/ca\/la-domotica-intel%c2%b7ligent-per-a-habitatges\/#Fer_un_gimnas_amb_domotica_intel%C2%B7ligent\" title=\"Fer un gimn\u00e0s amb dom\u00f2tica intel\u00b7ligent\">Fer un gimn\u00e0s amb dom\u00f2tica intel\u00b7ligent<\/a><ul class='ez-toc-list-level-3' ><li class='ez-toc-heading-level-3'><a class=\"ez-toc-link ez-toc-heading-21\" href=\"https:\/\/www.signum.cat\/ca\/la-domotica-intel%c2%b7ligent-per-a-habitatges\/#Miralls_de_fitness_amb_pantalla_tactil\" title=\"Miralls de fitness amb pantalla t\u00e0ctil\">Miralls de fitness amb pantalla t\u00e0ctil<\/a><\/li><\/ul><\/li><li class='ez-toc-page-1 ez-toc-heading-level-2'><a class=\"ez-toc-link ez-toc-heading-22\" href=\"https:\/\/www.signum.cat\/ca\/la-domotica-intel%c2%b7ligent-per-a-habitatges\/#Equip_dentrenament_amb_domotica_intel%C2%B7ligent\" title=\"Equip d&#8217;entrenament amb dom\u00f2tica intel\u00b7ligent\">Equip d&#8217;entrenament amb dom\u00f2tica intel\u00b7ligent<\/a><ul class='ez-toc-list-level-3' ><li class='ez-toc-heading-level-3'><a class=\"ez-toc-link ez-toc-heading-23\" href=\"https:\/\/www.signum.cat\/ca\/la-domotica-intel%c2%b7ligent-per-a-habitatges\/#Necessites_mes_informacio_de_com_fer_una_instal%C2%B7lacio_domotica_intel%C2%B7ligent\" title=\"Necessites m\u00e9s informaci\u00f3 de com fer una instal\u00b7laci\u00f3 dom\u00f2tica intel\u00b7ligent?\">Necessites m\u00e9s informaci\u00f3 de com fer una instal\u00b7laci\u00f3 dom\u00f2tica intel\u00b7ligent?<\/a><\/li><\/ul><\/li><\/ul><\/nav><\/div>\n<h2><span class=\"ez-toc-section\" id=\"La_tecnologia_per_a_un_habitatge_amb_domotica_intel%C2%B7ligent\"><\/span>La tecnologia per a un habitatge amb dom\u00f2tica intel\u00b7ligent<span class=\"ez-toc-section-end\"><\/span><\/h2>\n<p><img loading=\"lazy\" decoding=\"async\" class=\"size-full wp-image-1573 aligncenter\" src=\"https:\/\/www.signum.cat\/wp-content\/uploads\/2021\/02\/Casa-inteligente.jpg\" alt=\"Casa inteligente\" width=\"980\" height=\"560\" srcset=\"https:\/\/www.signum.cat\/wp-content\/uploads\/2021\/02\/Casa-inteligente.jpg 980w, https:\/\/www.signum.cat\/wp-content\/uploads\/2021\/02\/Casa-inteligente-300x171.jpg 300w, https:\/\/www.signum.cat\/wp-content\/uploads\/2021\/02\/Casa-inteligente-768x439.jpg 768w\" sizes=\"(max-width: 980px) 100vw, 980px\" \/><\/p>\n<p>La tecnologia de la llar intel\u00b7ligent ha transformat tots els aspectes de la vida casolana, des de la seguretat i les tasques b\u00e0siques de la cuina fins a com es construeix una casa.<\/p>\n<p><strong>Fa que les nostres vides siguin m\u00e9s c\u00f2modes, econ\u00f2miques, convenients i segures.<\/strong><\/p>\n<p>Si no ha actualitzat la seva llar amb l&#8217;\u00faltima tecnologia, hi ha moltes maneres de comen\u00e7ar.<\/p>\n<p>Si les seves necessitats s\u00f3n relativament simples, <strong>existeixen opcions assequibles que poden brindar comoditat, no obstant aix\u00f2, si desitja fer tot el possible, pot crear un espai modern i completament connectat. <\/strong><\/p>\n<p>Per tant, consulti els \u00faltims productes de tecnologia per a la llar intel\u00b7ligent que pot agregar a la seva llar avui.<\/p>\n<h2><span class=\"ez-toc-section\" id=\"Tecnologia_de_veu\"><\/span>Tecnologia de veu<span class=\"ez-toc-section-end\"><\/span><\/h2>\n<h3><span class=\"ez-toc-section\" id=\"Assistents_de_veu\"><\/span>Assistents de veu<span class=\"ez-toc-section-end\"><\/span><\/h3>\n<p><img loading=\"lazy\" decoding=\"async\" class=\"size-full wp-image-1575 aligncenter\" src=\"https:\/\/www.signum.cat\/wp-content\/uploads\/2021\/02\/Asistentes-de-voz.jpg\" alt=\"Asistente de voz\" width=\"980\" height=\"560\" srcset=\"https:\/\/www.signum.cat\/wp-content\/uploads\/2021\/02\/Asistentes-de-voz.jpg 980w, https:\/\/www.signum.cat\/wp-content\/uploads\/2021\/02\/Asistentes-de-voz-300x171.jpg 300w, https:\/\/www.signum.cat\/wp-content\/uploads\/2021\/02\/Asistentes-de-voz-768x439.jpg 768w\" sizes=\"(max-width: 980px) 100vw, 980px\" \/><\/p>\n<p><strong>&#8220;Hola *Alexa, posa la meva llista de reproducci\u00f3 d&#8217;exercicis&#8221;<\/strong>. Si b\u00e9 els assistents de veu existeixen des de principis del 2010, ens ha portat un temps acostumar-nos a parlar amb aquests dispositius.<\/p>\n<p>Els comandos m\u00e9s populars d&#8217;avui demanem als <a href=\"https:\/\/www.iebschool.com\/blog\/futuro-asistentes-voz-business-tech\/\">assistents de veu<\/a> que reprodueixin m\u00fasica, responguin una pregunta, encenguin les llums, proporcionen el clima i estableixi recordatoris, alarmes i temporitzadors.<\/p>\n<p>A mesura que avan\u00e7a la <a href=\"https:\/\/gestion.pe\/tecnologia\/inteligencia-artificial-historia-origen-funciona-aplicaciones-categorias-tipos-riesgos-nnda-nnlt-249002-noticia\/\">intel\u00b7lig\u00e8ncia artificial (*IA)<\/a>, els <strong>assistents virtuals es tornaran m\u00e9s personalitzats per a les persones.<\/strong><\/p>\n<p>Les noves funcions, com la detecci\u00f3 de veu, poden recon\u00e8ixer qui est\u00e0 parlant i crear una experi\u00e8ncia \u00fanica i personalitzada, com anomenar o oferir recomanacions musicals que s&#8217;adaptin al nostre estil musical.<\/p>\n<h2><span class=\"ez-toc-section\" id=\"Seguretat_a_la_teva_casa_amb_domotica_intel%C2%B7ligent\"><\/span>Seguretat a la teva casa amb dom\u00f2tica intel\u00b7ligent<span class=\"ez-toc-section-end\"><\/span><\/h2>\n<h3><span class=\"ez-toc-section\" id=\"Video_porters_cameres_i_sistemes_de_seguretat\"><\/span>V\u00eddeo porters, c\u00e0meres i sistemes de seguretat<span class=\"ez-toc-section-end\"><\/span><\/h3>\n<p><img loading=\"lazy\" decoding=\"async\" class=\"size-full wp-image-1587 aligncenter\" src=\"https:\/\/www.signum.cat\/wp-content\/uploads\/2021\/02\/Video-porteros-inteligesntes.jpg\" alt=\"Video porteros inteligentes\" width=\"980\" height=\"560\" srcset=\"https:\/\/www.signum.cat\/wp-content\/uploads\/2021\/02\/Video-porteros-inteligesntes.jpg 980w, https:\/\/www.signum.cat\/wp-content\/uploads\/2021\/02\/Video-porteros-inteligesntes-300x171.jpg 300w, https:\/\/www.signum.cat\/wp-content\/uploads\/2021\/02\/Video-porteros-inteligesntes-768x439.jpg 768w\" sizes=\"(max-width: 980px) 100vw, 980px\" \/><\/p>\n<p>Una de les majors tend\u00e8ncies tecnol\u00f2giques per a la llar intel\u00b7ligent \u00e9s invertir en v\u00eddeo porters, c\u00e0meres de seguretat i sistemes d&#8217;alarma.<\/p>\n<p>En conjunt, un sistema de seguretat per a la <strong>llar intel\u00b7ligent estandarditzada<\/strong> pot ser una de les millors inversions que pot fer per a protegir la seva fam\u00edlia i la seva llar.<\/p>\n<p>Els timbres d&#8217;intel\u00b7ligents de v\u00eddeo i les c\u00e0meres de seguretat per a la llar ara tenen visionat en directe que <strong>permeten als usuaris veure i parlar amb les persones a la porta<\/strong> des de pr\u00e0cticament qualsevol lloc.<\/p>\n<p>Els sensors de moviment poden detectar i registrar l&#8217;activitat que pot activar una alarma o una notificaci\u00f3 telef\u00f2nica i alertar a les autoritats.<\/p>\n<p><strong>La instal\u00b7laci\u00f3 d&#8217;aquests pot proporcionar aquesta sensaci\u00f3 addicional de seguretat sabent que la seva llar est\u00e0 sent monitorat 24\/7.<\/strong><\/p>\n<h2><span class=\"ez-toc-section\" id=\"Panys_amb_reconeixement_facial_i_empremtes_dactilars\"><\/span>Panys amb reconeixement facial i empremtes dactilars<span class=\"ez-toc-section-end\"><\/span><\/h2>\n<p><img loading=\"lazy\" decoding=\"async\" class=\"size-full wp-image-1577 aligncenter\" src=\"https:\/\/www.signum.cat\/wp-content\/uploads\/2021\/02\/Sistemas-de-seguridad-domoticos.jpg\" alt=\"Sistemas de seguridad domoticos\" width=\"980\" height=\"560\" srcset=\"https:\/\/www.signum.cat\/wp-content\/uploads\/2021\/02\/Sistemas-de-seguridad-domoticos.jpg 980w, https:\/\/www.signum.cat\/wp-content\/uploads\/2021\/02\/Sistemas-de-seguridad-domoticos-300x171.jpg 300w, https:\/\/www.signum.cat\/wp-content\/uploads\/2021\/02\/Sistemas-de-seguridad-domoticos-768x439.jpg 768w\" sizes=\"(max-width: 980px) 100vw, 980px\" \/><\/p>\n<p>La instal\u00b7laci\u00f3 de panys de <a href=\"https:\/\/www.signum.cat\/reconocimiento-facial-en-sistemas-de-seguridad\/\" target=\"_blank\" rel=\"noopener\">reconeixement facial<\/a> o d&#8217;empremtes dactilars pot canviar la seva vida, especialment si sempre perd la clau de recanvi.<\/p>\n<p><a href=\"https:\/\/segurdoma.es\/blog\/tecnologia-biometrica\">La tecnologia biom\u00e8trica i Bluetooth<\/a> ja s&#8217;han introdu\u00eft en tel\u00e8fons i tauletes, per\u00f2 ara estan comen\u00e7ant a ser m\u00e9s comunes en els panys de les portes.<\/p>\n<p>Amb nom\u00e9s un <strong>cop d&#8217;ull o escaneig d&#8217;empremtes dactilars<\/strong>, un cadenat pot recon\u00e8ixer a una persona en enfocar-se en trets facials o patrons d&#8217;empremtes dactilars per a detectar si s\u00f3n benvinguts o no.<\/p>\n<p>Aquesta tecnologia tamb\u00e9 es pot sincronitzar amb una <strong>aplicaci\u00f3 de tel\u00e8fon o per Bluetooth perqu\u00e8 els propietaris puguin bloquejar i desbloquejar una porta de manera remota<\/strong> amb nom\u00e9s tocar un bot\u00f3.<\/p>\n<h2><span class=\"ez-toc-section\" id=\"Drons_dinterior\"><\/span>Drons d&#8217;interior<span class=\"ez-toc-section-end\"><\/span><\/h2>\n<p><strong>T&#8217;imagines tenir el teu propi gu\u00e0rdia de seguretat patrullant pels passadissos mentre no estem a casa?<\/strong> Si b\u00e9 aix\u00f2 actualment no pot ser possible avui dia, la innovaci\u00f3 dels drons ha avan\u00e7at en l&#8217;espai de la seguretat a casa.<\/p>\n<p>A difer\u00e8ncia de les c\u00e0meres de v\u00eddeo tradicionals, <strong>els drons proporcionen una millor activitat terrestre<\/strong> i poden cobrir m\u00e9s \u00e0rees.<\/p>\n<p>Mentre estem fora, la tecnologia de <a href=\"https:\/\/blog.juguetronica.com\/modo-automatico-drones\/\">drons automatitzats<\/a> dins de la nostra llar monitorant les diferents habitacions i \u00e0rees.<\/p>\n<p>Fa un pas m\u00e9s, els usuaris poden crear rutes de mapes perqu\u00e8 les segueixi el dron.<\/p>\n<h2><span class=\"ez-toc-section\" id=\"Tecnologia_sostenible_per_a_una_llar_intel%C2%B7ligent\"><\/span>Tecnologia sostenible per a una llar intel\u00b7ligent<span class=\"ez-toc-section-end\"><\/span><\/h2>\n<h3><span class=\"ez-toc-section\" id=\"Panells_solars\"><\/span>Panells solars<span class=\"ez-toc-section-end\"><\/span><\/h3>\n<p><img loading=\"lazy\" decoding=\"async\" class=\"size-full wp-image-1579 aligncenter\" src=\"https:\/\/www.signum.cat\/wp-content\/uploads\/2021\/02\/Paneles-solares-en-viviendas.jpg\" alt=\"Paneles solares en viviendas\" width=\"980\" height=\"560\" srcset=\"https:\/\/www.signum.cat\/wp-content\/uploads\/2021\/02\/Paneles-solares-en-viviendas.jpg 980w, https:\/\/www.signum.cat\/wp-content\/uploads\/2021\/02\/Paneles-solares-en-viviendas-300x171.jpg 300w, https:\/\/www.signum.cat\/wp-content\/uploads\/2021\/02\/Paneles-solares-en-viviendas-768x439.jpg 768w\" sizes=\"(max-width: 980px) 100vw, 980px\" \/><\/p>\n<p>L&#8217;\u00fas de panells solars per a la generaci\u00f3 d&#8217;energia en el lloc s&#8217;ha convertit en una <strong>alternativa popular a l&#8217;electricitat tradicional,<\/strong> especialment en ciutats que reben molt sol durant tot l&#8217;any.<\/p>\n<p>Ara, els arquitectes i dissenyadors estan trobant formes \u00faniques d&#8217;incorporar panells solars en el disseny d&#8217;una casa, no sols en el sostre.<\/p>\n<p><strong>Els panells solars es poden usar de diferents maneres que poden estalviar als propietaris centenars d&#8217;euros per mes, com escalfar aigua, proporcionar energia i <\/strong><a href=\"https:\/\/www.signum.cat\/ca\/es-pot-carregar-el-cotxe-electric-amb-panells-solars\/\">carregar vehicles el\u00e8ctrics.<\/a><\/p>\n<h2><span class=\"ez-toc-section\" id=\"Parets_de_plantes_vives\"><\/span>Parets de plantes vives<span class=\"ez-toc-section-end\"><\/span><\/h2>\n<p><img loading=\"lazy\" decoding=\"async\" class=\"size-full wp-image-1589 aligncenter\" src=\"https:\/\/www.signum.cat\/wp-content\/uploads\/2021\/02\/Paredes-con-plantas.jpg\" alt=\"Paredes con plantas\" width=\"980\" height=\"560\" srcset=\"https:\/\/www.signum.cat\/wp-content\/uploads\/2021\/02\/Paredes-con-plantas.jpg 980w, https:\/\/www.signum.cat\/wp-content\/uploads\/2021\/02\/Paredes-con-plantas-300x171.jpg 300w, https:\/\/www.signum.cat\/wp-content\/uploads\/2021\/02\/Paredes-con-plantas-768x439.jpg 768w\" sizes=\"(max-width: 980px) 100vw, 980px\" \/><\/p>\n<p>Les plantes s\u00f3n una forma divertida de donar-li color i vida a la teva llar. Les parets vives, <strong>tamb\u00e9 conegudes com a parets verdes<\/strong>, poden ser una excel\u00b7lent manera de dissenyar fons senzills per a crear un <strong>punt focal cridaner en la seva llar<\/strong>.<\/p>\n<p>A m\u00e9s del disseny, les parets vives serveixen per a m\u00faltiples prop\u00f2sits de sostenibilitat.<\/p>\n<p>Es poden utilitzar per a <strong>millorar la qualitat de l&#8217;aire com a filtre de contaminants naturals de l&#8217;aire<\/strong>, servir com a amortidor de soroll i crear a\u00efllament addicional durant els mesos d&#8217;hivern.<\/p>\n<p>Les parets vives tamb\u00e9 es poden configurar per a filtrar l&#8217;aigua dels lavabos, dutxes i electrodom\u00e8stics.<\/p>\n<p><strong>L&#8217;aigua es redirigeix a la part superior de la paret, filtra i irriga les plantes, i es tracta per a la seva reutilitzaci\u00f3<\/strong>, creant l&#8217;\u00faltima pe\u00e7a de tecnologia intel\u00b7ligent per al medi ambient.<\/p>\n<h2><span class=\"ez-toc-section\" id=\"Accessoris_per_a_la_llar\"><\/span>Accessoris per a la llar<span class=\"ez-toc-section-end\"><\/span><\/h2>\n<h3><span class=\"ez-toc-section\" id=\"Il%C2%B7luminacio_adaptada_a_lesser_huma\"><\/span>Il\u00b7luminaci\u00f3 adaptada a l&#8217;\u00e9sser hum\u00e0<span class=\"ez-toc-section-end\"><\/span><\/h3>\n<p><img loading=\"lazy\" decoding=\"async\" class=\"size-full wp-image-1591 aligncenter\" src=\"https:\/\/www.signum.cat\/wp-content\/uploads\/2021\/02\/Bombillas-inteligentes.jpg\" alt=\"Bombillas inteligentes\" width=\"980\" height=\"560\" srcset=\"https:\/\/www.signum.cat\/wp-content\/uploads\/2021\/02\/Bombillas-inteligentes.jpg 980w, https:\/\/www.signum.cat\/wp-content\/uploads\/2021\/02\/Bombillas-inteligentes-300x171.jpg 300w, https:\/\/www.signum.cat\/wp-content\/uploads\/2021\/02\/Bombillas-inteligentes-768x439.jpg 768w\" sizes=\"(max-width: 980px) 100vw, 980px\" \/><\/p>\n<p>Les bombetes intel\u00b7ligents s\u00f3n un excel\u00b7lent punt d&#8217;entrada a la tecnologia per a la llar. Connectades a un dispositiu intel\u00b7ligent, l<strong>as bombetes poden ajudar-te a lluir com si estiguessis a casa<\/strong> quan est\u00e0s de vacances, canviar els colors segons el teu estat d&#8217;\u00e0nim, estalviar en el consum d&#8217;energia i apagar totes les llums c\u00f2modament amb un sol comando de veu.<\/p>\n<p><strong>L&#8217;\u00fas de llums intel\u00b7ligents per a la llar en tota la casa tamb\u00e9 pot millorar dr\u00e0sticament l&#8217;aparen\u00e7a d&#8217;una habitaci\u00f3 o espai a l&#8217;aire lliure.\u00a0<\/strong><\/p>\n<p>Considerem agregar <a href=\"https:\/\/www.pccomponentes.com\/smartlights\">bombetes intel\u00b7ligents<\/a> en la nostra cuina, dormitoris i fins i tot en l&#8217;entrada per a ajustar el to i la lluentor segons el que pugui estar sentint.<\/p>\n<h2><span class=\"ez-toc-section\" id=\"Termostats_programables\"><\/span>Term\u00f2stats programables<span class=\"ez-toc-section-end\"><\/span><\/h2>\n<p><img loading=\"lazy\" decoding=\"async\" class=\"size-full wp-image-1581 aligncenter\" src=\"https:\/\/www.signum.cat\/wp-content\/uploads\/2021\/02\/Termostatos-inteligentes.jpg\" alt=\"Termostatos inteligentes\" width=\"980\" height=\"560\" srcset=\"https:\/\/www.signum.cat\/wp-content\/uploads\/2021\/02\/Termostatos-inteligentes.jpg 980w, https:\/\/www.signum.cat\/wp-content\/uploads\/2021\/02\/Termostatos-inteligentes-300x171.jpg 300w, https:\/\/www.signum.cat\/wp-content\/uploads\/2021\/02\/Termostatos-inteligentes-768x439.jpg 768w\" sizes=\"(max-width: 980px) 100vw, 980px\" \/><\/p>\n<p>Els costos de calefacci\u00f3 i refrigeraci\u00f3 representen la meitat de la factura mitjana dels serveis en els nostres habitatges. Els reguladors intel\u00b7ligents busquen solucionar aquest problema.<\/p>\n<p><strong>Despr\u00e9s de fer una instal\u00b7laci\u00f3 dom\u00f2tica intel\u00b7ligent, els term\u00f2stats poden aprendre horaris per a modificar les temperatures segons les activitats de la llar.<\/strong><\/p>\n<p>Tamb\u00e9 poden rastrejar l&#8217;\u00fas diari i mensual per a tenir una idea de cap a on es dirigeixen la calor i l&#8217;aire i ajustar les temperatures segons la temporada.<\/p>\n<h2><span class=\"ez-toc-section\" id=\"Cuina_amb_domotica_intel%C2%B7ligent\"><\/span>Cuina amb dom\u00f2tica intel\u00b7ligent<span class=\"ez-toc-section-end\"><\/span><\/h2>\n<h3><span class=\"ez-toc-section\" id=\"Electrodomestics_de_cuina\"><\/span>Electrodom\u00e8stics de cuina<span class=\"ez-toc-section-end\"><\/span><\/h3>\n<p><img loading=\"lazy\" decoding=\"async\" class=\"size-full wp-image-1583 aligncenter\" src=\"https:\/\/www.signum.cat\/wp-content\/uploads\/2021\/02\/Cocina-con-domotica.jpg\" alt=\"Cocina con domotica\" width=\"980\" height=\"560\" srcset=\"https:\/\/www.signum.cat\/wp-content\/uploads\/2021\/02\/Cocina-con-domotica.jpg 980w, https:\/\/www.signum.cat\/wp-content\/uploads\/2021\/02\/Cocina-con-domotica-300x171.jpg 300w, https:\/\/www.signum.cat\/wp-content\/uploads\/2021\/02\/Cocina-con-domotica-768x439.jpg 768w\" sizes=\"(max-width: 980px) 100vw, 980px\" \/><\/p>\n<p>Per a aquells que els encanta cuinar, considerem agregar <a href=\"https:\/\/www.electrodomesticosweb.es\/blog\/ventajas-electrodomesticos-inteligentes\/\">electrodom\u00e8stics intel\u00b7ligents a la seva cuina<\/a>. Els refrigeradors d&#8217;avui dia poden rebre trucades telef\u00f2niques, connectar-se a la televisi\u00f3, estalviar energia i proporcionar receptes.<\/p>\n<p>No obstant aix\u00f2, la nova tecnologia de <a href=\"https:\/\/www.bosch-home.es\/especiales\/electrodomesticos-inteligentes-home-connect\/frigorificos\">frigor\u00edfics intel\u00b7ligents<\/a> va m\u00e9s enll\u00e0. Si estem fora de casa i des del supermercat volem verificar qu\u00e8 necessitem comprar, <strong>alguns frigor\u00edfics ens permeten accedir a les cambres integrades a trav\u00e9s del nostre tel\u00e8fon intel\u00b7ligent<\/strong> per a veure qu\u00e8 hi ha dins sense importar on estiguem.<\/p>\n<p><a href=\"https:\/\/www.siemens-home.bsh-group.com\/es\/inspiracion\/blog\/horno-inteligente\">Els forns intel\u00b7ligents<\/a> tamb\u00e9 estan comen\u00e7ant a incorporar connectivitat telef\u00f2nica. Podem preescalfar el forn de cam\u00ed a casa, ajustar els temporitzadors de manera remota i <strong>rebre notificacions per missatge de text<\/strong> quan el menjar estigui llest.<\/p>\n<h2><span class=\"ez-toc-section\" id=\"Plaques_de_coccio_de_cuina\"><\/span>Plaques de cocci\u00f3 de cuina<span class=\"ez-toc-section-end\"><\/span><\/h2>\n<p>Podem desfer-nos de les plaques de cocci\u00f3 de granit i triar superf\u00edcies de treball intel\u00b7ligents. Una de les \u00faltimes <a href=\"https:\/\/cocinas-tpc.com\/llega-cookingrak-la-union-de-la-induccion-y-el-porcelanico-que-cambiara-la-manera-de-entender-la-cocina\/\">tecnologies en plaques de cocci\u00f3 de cuina<\/a> inclou una aig\u00fcera que pot desapar\u00e8ixer i apar\u00e8ixer amb un sol moviment de la m\u00e0.<\/p>\n<p>La dom\u00f2tica de la llar tamb\u00e9 busca abordar problemes com el consum d&#8217;aliments. S&#8217;estan introduint <strong>b\u00e0scules de cuina en la mateixa placa de cocci\u00f3<\/strong> envers sensors que mesurin i pesin els ingredients.<\/p>\n<p>Amb les dades, una <strong>aplicaci\u00f3 m\u00f2bil pot proporcionar receptes<\/strong> seleccionades amb l&#8217;objectiu de preparar menjars deliciosos sense desaprofitament d&#8217;aliments.<\/p>\n<h2><span class=\"ez-toc-section\" id=\"Banys\"><\/span>Banys<span class=\"ez-toc-section-end\"><\/span><\/h2>\n<h3><span class=\"ez-toc-section\" id=\"Dutxes_intel%C2%B7ligents_i_banyeres_a_la_teva_casa_domotica_intel%C2%B7ligent\"><\/span>Dutxes intel\u00b7ligents i banyeres\u00a0a\u00a0 la teva casa dom\u00f2tica intel\u00b7ligent<span class=\"ez-toc-section-end\"><\/span><\/h3>\n<p><img loading=\"lazy\" decoding=\"async\" class=\"size-full wp-image-1585 aligncenter\" src=\"https:\/\/www.signum.cat\/wp-content\/uploads\/2021\/02\/Banos-Inteligentes-con-servicios-domoticos.jpg\" alt=\"Ba\u00f1os Inteligentes con servicios domoticos\" width=\"980\" height=\"560\" srcset=\"https:\/\/www.signum.cat\/wp-content\/uploads\/2021\/02\/Banos-Inteligentes-con-servicios-domoticos.jpg 980w, https:\/\/www.signum.cat\/wp-content\/uploads\/2021\/02\/Banos-Inteligentes-con-servicios-domoticos-300x171.jpg 300w, https:\/\/www.signum.cat\/wp-content\/uploads\/2021\/02\/Banos-Inteligentes-con-servicios-domoticos-768x439.jpg 768w\" sizes=\"(max-width: 980px) 100vw, 980px\" \/><\/p>\n<p>Una forma divertida de gaudir de l&#8217;hora del bany, \u00e9s instal\u00b7lant un cap\u00e7al de dutxa amb altaveu *Bluetooth.<\/p>\n<p>Aquests sistemes de veu es connecten f\u00e0cilment al nostre <strong>dispositiu m\u00f2bil<\/strong> per a escoltar les nostres can\u00e7ons favorites mentre ens dutxem.<\/p>\n<p>Per a una cosa m\u00e9s sofisticada, les <a href=\"https:\/\/www.roca.es\/rocalife\/iot-para-el-confort-total-rindete-a-la-ducha-inteligente-de-roca\">dutxes estan comen\u00e7ant a funcionar com a quarts de vapor<\/a> en atrapar el vapor per a provocar l&#8217;obertura dels porus de la nostra pell.<\/p>\n<h2><span class=\"ez-toc-section\" id=\"Vaters_sense_contacte_i_bidets_digitals\"><\/span>V\u00e0ters sense contacte i bidets digitals<span class=\"ez-toc-section-end\"><\/span><\/h2>\n<p>El bany \u00e9s un dels llocs m\u00e9s plegats de g\u00e8rmens de la llar. Els v\u00e0ters intel\u00b7ligents altament avan\u00e7ats busquen mantenir les coses netes i c\u00f2modes.<\/p>\n<p>Podent integrar tapes d&#8217;obertura i tancament autom\u00e0tic, seients amb calefacci\u00f3, sistemes d&#8217;aigua amb temperatura controlada.\u00a0Per a refrescar-se, <a href=\"https:\/\/materialesdefabrica.com\/p\/428\/inodoros-inteligentes-automaticos-digitales-o-japoneses\/\">els bidets digitals tamb\u00e9 es poden automatitzar per al funcionament amb mans lliures.\u00a0<\/a><\/p>\n<h2><span class=\"ez-toc-section\" id=\"Fer_un_gimnas_amb_domotica_intel%C2%B7ligent\"><\/span>Fer un gimn\u00e0s amb dom\u00f2tica intel\u00b7ligent<span class=\"ez-toc-section-end\"><\/span><\/h2>\n<h3><span class=\"ez-toc-section\" id=\"Miralls_de_fitness_amb_pantalla_tactil\"><\/span>Miralls de fitness amb pantalla t\u00e0ctil<span class=\"ez-toc-section-end\"><\/span><\/h3>\n<p><img loading=\"lazy\" decoding=\"async\" class=\"aligncenter wp-image-1593 size-full\" src=\"https:\/\/www.signum.cat\/wp-content\/uploads\/2021\/02\/Espejos-inteligentes.jpg\" alt=\"Espejos inteligentes domotica\" width=\"980\" height=\"560\" srcset=\"https:\/\/www.signum.cat\/wp-content\/uploads\/2021\/02\/Espejos-inteligentes.jpg 980w, https:\/\/www.signum.cat\/wp-content\/uploads\/2021\/02\/Espejos-inteligentes-300x171.jpg 300w, https:\/\/www.signum.cat\/wp-content\/uploads\/2021\/02\/Espejos-inteligentes-768x439.jpg 768w\" sizes=\"(max-width: 980px) 100vw, 980px\" \/><\/p>\n<p><a href=\"https:\/\/www.elespanol.com\/omicrono\/hardware\/20200405\/espejo-convierte-gimnasio-hacer-deporte-casa\/479702899_0.html\">Els miralls de fitness amb pantalla t\u00e0ctil muntats en la paret<\/a> s\u00f3n l&#8217;\u00faltima moda en tecnologia de gimn\u00e0s a casa.<\/p>\n<p>Si et falta la motivaci\u00f3 d&#8217;un entrenador personal, simplement enc\u00e9n la pantalla i deixa que un <a href=\"https:\/\/wwwhatsnew.com\/2020\/05\/25\/artifit-un-entrenador-personal-basado-en-inteligencia-artificial\/\">entrenador de *IA<\/a> et proporcioni entrenaments guiats i programes de condicionament f\u00edsic que s&#8217;ajustin als teus gustos.<\/p>\n<p><strong>La nova tecnologia tamb\u00e9 inclou observadors virtuals, sensors per a monitorar cada repetici\u00f3 i mesurar el teu progr\u00e9s en temps real.<\/strong><\/p>\n<p>L&#8217;entrenament en grup remot tamb\u00e9 s&#8217;ha tornat m\u00e9s popular, i <strong>els grups poden treballar junts virtualment des de la comoditat de la seva llar mentre mantenen l&#8217;entrenament<\/strong>, la m\u00fasica i l&#8217;ambient que la gent fa en un gimn\u00e0s.<\/p>\n<h2><span class=\"ez-toc-section\" id=\"Equip_dentrenament_amb_domotica_intel%C2%B7ligent\"><\/span>Equip d&#8217;entrenament amb dom\u00f2tica intel\u00b7ligent<span class=\"ez-toc-section-end\"><\/span><\/h2>\n<p><img loading=\"lazy\" decoding=\"async\" class=\"size-full wp-image-1595 aligncenter\" src=\"https:\/\/www.signum.cat\/wp-content\/uploads\/2021\/02\/Fitness-en-casa-con-domotica.jpg\" alt=\"Fitness en casa con domotica\" width=\"980\" height=\"560\" srcset=\"https:\/\/www.signum.cat\/wp-content\/uploads\/2021\/02\/Fitness-en-casa-con-domotica.jpg 980w, https:\/\/www.signum.cat\/wp-content\/uploads\/2021\/02\/Fitness-en-casa-con-domotica-300x171.jpg 300w, https:\/\/www.signum.cat\/wp-content\/uploads\/2021\/02\/Fitness-en-casa-con-domotica-768x439.jpg 768w\" sizes=\"(max-width: 980px) 100vw, 980px\" \/><\/p>\n<p>Si el teu \u00e9s organitzar el teu entrenament, existeixen molts productes que t&#8217;ajudaran a realitzar un seguiment dels teus objectius fitness.<\/p>\n<p><a href=\"https:\/\/deportechs.blogspot.com\/2016\/07\/bowflex-mancuernas-inteligentes-que-ayudan-entrenar.html\">Les manuelles intel\u00b7ligents i els pesos russos<\/a> poden canviar autom\u00e0ticament pesos de fins a 2kg i realitzar un seguiment de les repeticions amb nom\u00e9s tocar un bot\u00f3.<\/p>\n<p><strong>Aquests s\u00f3n perfectes per als propietaris de gimnasos, busquen realitzar entrenaments simples com a premses d&#8217;espatlles i pes mort.<\/strong><\/p>\n<p>Aquests <a href=\"https:\/\/blog.bricogeek.com\/noticias\/raspberry-pi\/pi-fighter-el-saco-de-boxeo-digital-interactivo-con-raspberry-pi\/\">sacs de boxa intel\u00b7ligents<\/a> venen equipats amb rastrejadors que col\u00b7loques al voltant de la teva m\u00e0 per a rastrejar la velocitat del cop i el nombre de cops a trav\u00e9s d&#8217;una aplicaci\u00f3.<\/p>\n<blockquote><p>Aquesta funci\u00f3 \u00e9s perfecta per a la persona que desitja un entrenament r\u00e0pid i espec\u00edfic.<\/p><\/blockquote>\n<p>Seguint les \u00faltimes tecnologies, entenem l<strong>a dom\u00f2tica intel\u00b7ligent <\/strong>com una integraci\u00f3 de l&#8217;automatitzaci\u00f3 en els <strong>sistemes de l&#8217;habitatge<\/strong> amb una connectivitat m\u00e0xima amb l&#8217;usuari.<\/p>\n<p>Un sistema dom\u00f2tic ha d&#8217;aportar seguretat, confort, estalvi i connectivitat en els graus que l&#8217;usuari requereixi.<\/p>\n<h3><span class=\"ez-toc-section\" id=\"Necessites_mes_informacio_de_com_fer_una_instal%C2%B7lacio_domotica_intel%C2%B7ligent\"><\/span>Necessites m\u00e9s informaci\u00f3 de com fer una instal\u00b7laci\u00f3 dom\u00f2tica intel\u00b7ligent?<span class=\"ez-toc-section-end\"><\/span><\/h3>\n<p>Us deixem uns consells per a realitzar un pressupost d&#8217;instal\u00b7laci\u00f3 de dom\u00f2tica i si necessites m\u00e9s informaci\u00f3 al respecte, <a href=\"https:\/\/www.signum.cat\/ca\/contacta-amb-nososaltres\/\">contacta amb nosaltres<\/a> i respondrem a totes les teves preguntes.<\/p>\n","protected":false},"excerpt":{"rendered":"<p>Viure en una casa amb un sistema de dom\u00f2tica intel\u00b7ligent solia existir nom\u00e9s en pel\u00b7l\u00edcules de ci\u00e8ncia-ficci\u00f3. Un avan\u00e7 r\u00e0pid fins a l&#8217;actualitat i les llars connectades i els dispositius intel\u00b7ligents s&#8217;estan convertint r\u00e0pidament en la norma el dom\u00f2tica intel\u00b7ligent&#8230;.<\/p>\n","protected":false},"author":2,"featured_media":1597,"comment_status":"closed","ping_status":"closed","sticky":false,"template":"","format":"standard","meta":{"_kad_post_transparent":"default","_kad_post_title":"default","_kad_post_layout":"default","_kad_post_sidebar_id":"","_kad_post_content_style":"default","_kad_post_vertical_padding":"default","_kad_post_feature":"","_kad_post_feature_position":"","_kad_post_header":false,"_kad_post_footer":false,"footnotes":"","_joinchat":[]},"categories":[40],"tags":[],"yoast_head":"<!-- This site is optimized with the Yoast SEO plugin v21.7 - https:\/\/yoast.com\/wordpress\/plugins\/seo\/ -->\n<title>La Dom\u00f2tica Intel\u00b7ligent per a habitatges a Barcelona - SIGNUM<\/title>\n<meta name=\"description\" content=\"El que necessites saber sobre les novetats en una casa amb dom\u00f2tica intel\u00b7ligent. Habitatges c\u00f2modes, intel\u00b7ligents, segures i accessibles.\" \/>\n<meta name=\"robots\" content=\"index, follow, max-snippet:-1, max-image-preview:large, max-video-preview:-1\" \/>\n<link rel=\"canonical\" href=\"https:\/\/www.signum.cat\/ca\/la-domotica-intel\u00b7ligent-per-a-habitatges\/\" \/>\n<meta property=\"og:locale\" content=\"ca_ES\" \/>\n<meta property=\"og:type\" content=\"article\" \/>\n<meta property=\"og:title\" content=\"La Dom\u00f2tica Intel\u00b7ligent per a habitatges a Barcelona - SIGNUM\" \/>\n<meta property=\"og:description\" content=\"El que necessites saber sobre les novetats en una casa amb dom\u00f2tica intel\u00b7ligent. Habitatges c\u00f2modes, intel\u00b7ligents, segures i accessibles.\" \/>\n<meta property=\"og:url\" content=\"https:\/\/www.signum.cat\/ca\/la-domotica-intel\u00b7ligent-per-a-habitatges\/\" \/>\n<meta property=\"og:site_name\" content=\"SIGNUM\" \/>\n<meta property=\"article:published_time\" content=\"2022-01-21T12:16:44+00:00\" \/>\n<meta property=\"article:modified_time\" content=\"2022-01-21T13:20:16+00:00\" \/>\n<meta property=\"og:image\" content=\"https:\/\/www.signum.cat\/wp-content\/uploads\/2021\/02\/Sistema-casa-domotica-inteligente.jpg\" \/>\n\t<meta property=\"og:image:width\" content=\"980\" \/>\n\t<meta property=\"og:image:height\" content=\"560\" \/>\n\t<meta property=\"og:image:type\" content=\"image\/jpeg\" \/>\n<meta name=\"author\" content=\"Signum\" \/>\n<meta name=\"twitter:card\" content=\"summary_large_image\" \/>\n<meta name=\"twitter:label1\" content=\"Written by\" \/>\n\t<meta name=\"twitter:data1\" content=\"Signum\" \/>\n\t<meta name=\"twitter:label2\" content=\"Est. reading time\" \/>\n\t<meta name=\"twitter:data2\" content=\"11 minutes\" \/>\n<script type=\"application\/ld+json\" class=\"yoast-schema-graph\">{\"@context\":\"https:\/\/schema.org\",\"@graph\":[{\"@type\":\"Article\",\"@id\":\"https:\/\/www.signum.cat\/ca\/la-domotica-intel%c2%b7ligent-per-a-habitatges\/#article\",\"isPartOf\":{\"@id\":\"https:\/\/www.signum.cat\/ca\/la-domotica-intel%c2%b7ligent-per-a-habitatges\/\"},\"author\":{\"name\":\"Signum\",\"@id\":\"https:\/\/www.signum.cat\/#\/schema\/person\/c2e78202a3b382edd9e2930aac0b4def\"},\"headline\":\"La Dom\u00f2tica Intel\u00b7ligent per a Habitatges\",\"datePublished\":\"2022-01-21T12:16:44+00:00\",\"dateModified\":\"2022-01-21T13:20:16+00:00\",\"mainEntityOfPage\":{\"@id\":\"https:\/\/www.signum.cat\/ca\/la-domotica-intel%c2%b7ligent-per-a-habitatges\/\"},\"wordCount\":1952,\"publisher\":{\"@id\":\"https:\/\/www.signum.cat\/#organization\"},\"articleSection\":[\"Sistema dom\u00f2tica intel\u00b7ligent\"],\"inLanguage\":\"ca-ES\"},{\"@type\":\"WebPage\",\"@id\":\"https:\/\/www.signum.cat\/ca\/la-domotica-intel%c2%b7ligent-per-a-habitatges\/\",\"url\":\"https:\/\/www.signum.cat\/ca\/la-domotica-intel%c2%b7ligent-per-a-habitatges\/\",\"name\":\"La Dom\u00f2tica Intel\u00b7ligent per a habitatges a Barcelona - SIGNUM\",\"isPartOf\":{\"@id\":\"https:\/\/www.signum.cat\/#website\"},\"datePublished\":\"2022-01-21T12:16:44+00:00\",\"dateModified\":\"2022-01-21T13:20:16+00:00\",\"description\":\"El que necessites saber sobre les novetats en una casa amb dom\u00f2tica intel\u00b7ligent. Habitatges c\u00f2modes, intel\u00b7ligents, segures i accessibles.\",\"breadcrumb\":{\"@id\":\"https:\/\/www.signum.cat\/ca\/la-domotica-intel%c2%b7ligent-per-a-habitatges\/#breadcrumb\"},\"inLanguage\":\"ca-ES\",\"potentialAction\":[{\"@type\":\"ReadAction\",\"target\":[\"https:\/\/www.signum.cat\/ca\/la-domotica-intel%c2%b7ligent-per-a-habitatges\/\"]}]},{\"@type\":\"BreadcrumbList\",\"@id\":\"https:\/\/www.signum.cat\/ca\/la-domotica-intel%c2%b7ligent-per-a-habitatges\/#breadcrumb\",\"itemListElement\":[{\"@type\":\"ListItem\",\"position\":1,\"name\":\"Portada\",\"item\":\"https:\/\/www.signum.cat\/ca\/\"},{\"@type\":\"ListItem\",\"position\":2,\"name\":\"La Dom\u00f2tica Intel\u00b7ligent per a Habitatges\"}]},{\"@type\":\"WebSite\",\"@id\":\"https:\/\/www.signum.cat\/#website\",\"url\":\"https:\/\/www.signum.cat\/\",\"name\":\"SIGNUM\",\"description\":\"Electricidad, dom\u00f3tica e inm\u00f3tica\",\"publisher\":{\"@id\":\"https:\/\/www.signum.cat\/#organization\"},\"potentialAction\":[{\"@type\":\"SearchAction\",\"target\":{\"@type\":\"EntryPoint\",\"urlTemplate\":\"https:\/\/www.signum.cat\/?s={search_term_string}\"},\"query-input\":\"required name=search_term_string\"}],\"inLanguage\":\"ca-ES\"},{\"@type\":\"Organization\",\"@id\":\"https:\/\/www.signum.cat\/#organization\",\"name\":\"SIGNUM\",\"url\":\"https:\/\/www.signum.cat\/\",\"logo\":{\"@type\":\"ImageObject\",\"inLanguage\":\"ca-ES\",\"@id\":\"https:\/\/www.signum.cat\/#\/schema\/logo\/image\/\",\"url\":\"https:\/\/www.signum.cat\/wp-content\/uploads\/2021\/02\/Logo-SIGNUM-Favicon-1.png\",\"contentUrl\":\"https:\/\/www.signum.cat\/wp-content\/uploads\/2021\/02\/Logo-SIGNUM-Favicon-1.png\",\"width\":80,\"height\":73,\"caption\":\"SIGNUM\"},\"image\":{\"@id\":\"https:\/\/www.signum.cat\/#\/schema\/logo\/image\/\"}},{\"@type\":\"Person\",\"@id\":\"https:\/\/www.signum.cat\/#\/schema\/person\/c2e78202a3b382edd9e2930aac0b4def\",\"name\":\"Signum\"}]}<\/script>\n<!-- \/ Yoast SEO plugin. -->","yoast_head_json":{"title":"La Dom\u00f2tica Intel\u00b7ligent per a habitatges a Barcelona - SIGNUM","description":"El que necessites saber sobre les novetats en una casa amb dom\u00f2tica intel\u00b7ligent. Habitatges c\u00f2modes, intel\u00b7ligents, segures i accessibles.","robots":{"index":"index","follow":"follow","max-snippet":"max-snippet:-1","max-image-preview":"max-image-preview:large","max-video-preview":"max-video-preview:-1"},"canonical":"https:\/\/www.signum.cat\/ca\/la-domotica-intel\u00b7ligent-per-a-habitatges\/","og_locale":"ca_ES","og_type":"article","og_title":"La Dom\u00f2tica Intel\u00b7ligent per a habitatges a Barcelona - SIGNUM","og_description":"El que necessites saber sobre les novetats en una casa amb dom\u00f2tica intel\u00b7ligent. Habitatges c\u00f2modes, intel\u00b7ligents, segures i accessibles.","og_url":"https:\/\/www.signum.cat\/ca\/la-domotica-intel\u00b7ligent-per-a-habitatges\/","og_site_name":"SIGNUM","article_published_time":"2022-01-21T12:16:44+00:00","article_modified_time":"2022-01-21T13:20:16+00:00","og_image":[{"width":980,"height":560,"url":"https:\/\/www.signum.cat\/wp-content\/uploads\/2021\/02\/Sistema-casa-domotica-inteligente.jpg","type":"image\/jpeg"}],"author":"Signum","twitter_card":"summary_large_image","twitter_misc":{"Written by":"Signum","Est. reading time":"11 minutes"},"schema":{"@context":"https:\/\/schema.org","@graph":[{"@type":"Article","@id":"https:\/\/www.signum.cat\/ca\/la-domotica-intel%c2%b7ligent-per-a-habitatges\/#article","isPartOf":{"@id":"https:\/\/www.signum.cat\/ca\/la-domotica-intel%c2%b7ligent-per-a-habitatges\/"},"author":{"name":"Signum","@id":"https:\/\/www.signum.cat\/#\/schema\/person\/c2e78202a3b382edd9e2930aac0b4def"},"headline":"La Dom\u00f2tica Intel\u00b7ligent per a Habitatges","datePublished":"2022-01-21T12:16:44+00:00","dateModified":"2022-01-21T13:20:16+00:00","mainEntityOfPage":{"@id":"https:\/\/www.signum.cat\/ca\/la-domotica-intel%c2%b7ligent-per-a-habitatges\/"},"wordCount":1952,"publisher":{"@id":"https:\/\/www.signum.cat\/#organization"},"articleSection":["Sistema dom\u00f2tica intel\u00b7ligent"],"inLanguage":"ca-ES"},{"@type":"WebPage","@id":"https:\/\/www.signum.cat\/ca\/la-domotica-intel%c2%b7ligent-per-a-habitatges\/","url":"https:\/\/www.signum.cat\/ca\/la-domotica-intel%c2%b7ligent-per-a-habitatges\/","name":"La Dom\u00f2tica Intel\u00b7ligent per a habitatges a Barcelona - SIGNUM","isPartOf":{"@id":"https:\/\/www.signum.cat\/#website"},"datePublished":"2022-01-21T12:16:44+00:00","dateModified":"2022-01-21T13:20:16+00:00","description":"El que necessites saber sobre les novetats en una casa amb dom\u00f2tica intel\u00b7ligent. Habitatges c\u00f2modes, intel\u00b7ligents, segures i accessibles.","breadcrumb":{"@id":"https:\/\/www.signum.cat\/ca\/la-domotica-intel%c2%b7ligent-per-a-habitatges\/#breadcrumb"},"inLanguage":"ca-ES","potentialAction":[{"@type":"ReadAction","target":["https:\/\/www.signum.cat\/ca\/la-domotica-intel%c2%b7ligent-per-a-habitatges\/"]}]},{"@type":"BreadcrumbList","@id":"https:\/\/www.signum.cat\/ca\/la-domotica-intel%c2%b7ligent-per-a-habitatges\/#breadcrumb","itemListElement":[{"@type":"ListItem","position":1,"name":"Portada","item":"https:\/\/www.signum.cat\/ca\/"},{"@type":"ListItem","position":2,"name":"La Dom\u00f2tica Intel\u00b7ligent per a Habitatges"}]},{"@type":"WebSite","@id":"https:\/\/www.signum.cat\/#website","url":"https:\/\/www.signum.cat\/","name":"SIGNUM","description":"Electricidad, dom\u00f3tica e inm\u00f3tica","publisher":{"@id":"https:\/\/www.signum.cat\/#organization"},"potentialAction":[{"@type":"SearchAction","target":{"@type":"EntryPoint","urlTemplate":"https:\/\/www.signum.cat\/?s={search_term_string}"},"query-input":"required name=search_term_string"}],"inLanguage":"ca-ES"},{"@type":"Organization","@id":"https:\/\/www.signum.cat\/#organization","name":"SIGNUM","url":"https:\/\/www.signum.cat\/","logo":{"@type":"ImageObject","inLanguage":"ca-ES","@id":"https:\/\/www.signum.cat\/#\/schema\/logo\/image\/","url":"https:\/\/www.signum.cat\/wp-content\/uploads\/2021\/02\/Logo-SIGNUM-Favicon-1.png","contentUrl":"https:\/\/www.signum.cat\/wp-content\/uploads\/2021\/02\/Logo-SIGNUM-Favicon-1.png","width":80,"height":73,"caption":"SIGNUM"},"image":{"@id":"https:\/\/www.signum.cat\/#\/schema\/logo\/image\/"}},{"@type":"Person","@id":"https:\/\/www.signum.cat\/#\/schema\/person\/c2e78202a3b382edd9e2930aac0b4def","name":"Signum"}]}},"_links":{"self":[{"href":"https:\/\/www.signum.cat\/ca\/wp-json\/wp\/v2\/posts\/2835"}],"collection":[{"href":"https:\/\/www.signum.cat\/ca\/wp-json\/wp\/v2\/posts"}],"about":[{"href":"https:\/\/www.signum.cat\/ca\/wp-json\/wp\/v2\/types\/post"}],"author":[{"embeddable":true,"href":"https:\/\/www.signum.cat\/ca\/wp-json\/wp\/v2\/users\/2"}],"replies":[{"embeddable":true,"href":"https:\/\/www.signum.cat\/ca\/wp-json\/wp\/v2\/comments?post=2835"}],"version-history":[{"count":3,"href":"https:\/\/www.signum.cat\/ca\/wp-json\/wp\/v2\/posts\/2835\/revisions"}],"predecessor-version":[{"id":2842,"href":"https:\/\/www.signum.cat\/ca\/wp-json\/wp\/v2\/posts\/2835\/revisions\/2842"}],"wp:featuredmedia":[{"embeddable":true,"href":"https:\/\/www.signum.cat\/ca\/wp-json\/wp\/v2\/media\/1597"}],"wp:attachment":[{"href":"https:\/\/www.signum.cat\/ca\/wp-json\/wp\/v2\/media?parent=2835"}],"wp:term":[{"taxonomy":"category","embeddable":true,"href":"https:\/\/www.signum.cat\/ca\/wp-json\/wp\/v2\/categories?post=2835"},{"taxonomy":"post_tag","embeddable":true,"href":"https:\/\/www.signum.cat\/ca\/wp-json\/wp\/v2\/tags?post=2835"}],"curies":[{"name":"wp","href":"https:\/\/api.w.org\/{rel}","templated":true}]}}