{"id":2939,"date":"2022-03-03T16:24:58","date_gmt":"2022-03-03T15:24:58","guid":{"rendered":"https:\/\/www.signum.cat\/instal%c2%b7lacio-de-domotica-en-habitatge\/"},"modified":"2022-03-10T13:05:27","modified_gmt":"2022-03-10T12:05:27","slug":"instal%c2%b7lacio-de-domotica-en-habitatge","status":"publish","type":"post","link":"https:\/\/www.signum.cat\/ca\/instal%c2%b7lacio-de-domotica-en-habitatge\/","title":{"rendered":"Instal\u00b7laci\u00f3 de Dom\u00f2tica en Habitatge:"},"content":{"rendered":"\n<div id=\"ez-toc-container\" class=\"ez-toc-v2_0_61 counter-hierarchy ez-toc-counter ez-toc-grey ez-toc-container-direction\">\n<p class=\"ez-toc-title\"><\/p>\n<label for=\"ez-toc-cssicon-toggle-item-69f1ccdc66c31\" class=\"ez-toc-cssicon-toggle-label\"><span class=\"\"><span class=\"eztoc-hide\" style=\"display:none;\">Toggle<\/span><span class=\"ez-toc-icon-toggle-span\"><svg style=\"fill: #999;color:#999\" xmlns=\"http:\/\/www.w3.org\/2000\/svg\" class=\"list-377408\" width=\"20px\" height=\"20px\" viewBox=\"0 0 24 24\" fill=\"none\"><path d=\"M6 6H4v2h2V6zm14 0H8v2h12V6zM4 11h2v2H4v-2zm16 0H8v2h12v-2zM4 16h2v2H4v-2zm16 0H8v2h12v-2z\" fill=\"currentColor\"><\/path><\/svg><svg style=\"fill: #999;color:#999\" class=\"arrow-unsorted-368013\" xmlns=\"http:\/\/www.w3.org\/2000\/svg\" width=\"10px\" height=\"10px\" viewBox=\"0 0 24 24\" version=\"1.2\" baseProfile=\"tiny\"><path d=\"M18.2 9.3l-6.2-6.3-6.2 6.3c-.2.2-.3.4-.3.7s.1.5.3.7c.2.2.4.3.7.3h11c.3 0 .5-.1.7-.3.2-.2.3-.5.3-.7s-.1-.5-.3-.7zM5.8 14.7l6.2 6.3 6.2-6.3c.2-.2.3-.5.3-.7s-.1-.5-.3-.7c-.2-.2-.4-.3-.7-.3h-11c-.3 0-.5.1-.7.3-.2.2-.3.5-.3.7s.1.5.3.7z\"\/><\/svg><\/span><\/span><\/label><input type=\"checkbox\"  id=\"ez-toc-cssicon-toggle-item-69f1ccdc66c31\"  aria-label=\"Toggle\" \/><nav><ul class='ez-toc-list ez-toc-list-level-1 ' ><li class='ez-toc-page-1 ez-toc-heading-level-2'><a class=\"ez-toc-link ez-toc-heading-1\" href=\"https:\/\/www.signum.cat\/ca\/instal%c2%b7lacio-de-domotica-en-habitatge\/#Tot_el_que_necessites_saber_sobre_lautomatitzacio_domotica_en_habitatge\" title=\"Tot el que necessites saber sobre l&#8217;automatitzaci\u00f3 dom\u00f2tica en habitatge\">Tot el que necessites saber sobre l&#8217;automatitzaci\u00f3 dom\u00f2tica en habitatge<\/a><\/li><li class='ez-toc-page-1 ez-toc-heading-level-2'><a class=\"ez-toc-link ez-toc-heading-2\" href=\"https:\/\/www.signum.cat\/ca\/instal%c2%b7lacio-de-domotica-en-habitatge\/#Que_es_una_casa_intel%C2%B7ligent_i_quina_caracteristiques_te\" title=\"Qu\u00e8 \u00e9s una casa intel\u00b7ligent i quina caracter\u00edstiques t\u00e9?\">Qu\u00e8 \u00e9s una casa intel\u00b7ligent i quina caracter\u00edstiques t\u00e9?<\/a><\/li><li class='ez-toc-page-1 ez-toc-heading-level-2'><a class=\"ez-toc-link ez-toc-heading-3\" href=\"https:\/\/www.signum.cat\/ca\/instal%c2%b7lacio-de-domotica-en-habitatge\/#Com_triar_el_sistema_instal%C2%B7lacio_de_domotica_en_habitatge_adequat\" title=\"Com triar el sistema instal\u00b7laci\u00f3 de dom\u00f2tica en habitatge adequat?\">Com triar el sistema instal\u00b7laci\u00f3 de dom\u00f2tica en habitatge adequat?<\/a><\/li><li class='ez-toc-page-1 ez-toc-heading-level-2'><a class=\"ez-toc-link ez-toc-heading-4\" href=\"https:\/\/www.signum.cat\/ca\/instal%c2%b7lacio-de-domotica-en-habitatge\/#Quines_coses_saber_abans_de_contractar_un_expert_en_automatitzacio_de_la_llar\" title=\"Quines coses saber abans de contractar un expert en automatitzaci\u00f3 de la llar?\">Quines coses saber abans de contractar un expert en automatitzaci\u00f3 de la llar?<\/a><\/li><li class='ez-toc-page-1 ez-toc-heading-level-2'><a class=\"ez-toc-link ez-toc-heading-5\" href=\"https:\/\/www.signum.cat\/ca\/instal%c2%b7lacio-de-domotica-en-habitatge\/#Instal%C2%B7lacio_de_domotica_en_habitatge_amb_cable\" title=\"Instal\u00b7laci\u00f3 de dom\u00f2tica en habitatge amb cable\">Instal\u00b7laci\u00f3 de dom\u00f2tica en habitatge amb cable<\/a><\/li><li class='ez-toc-page-1 ez-toc-heading-level-2'><a class=\"ez-toc-link ez-toc-heading-6\" href=\"https:\/\/www.signum.cat\/ca\/instal%c2%b7lacio-de-domotica-en-habitatge\/#Com_funciona_la_Instal%C2%B7lacio_domotica_sense_fil\" title=\"Com funciona la Instal\u00b7laci\u00f3 dom\u00f2tica sense fil\">Com funciona la Instal\u00b7laci\u00f3 dom\u00f2tica sense fil<\/a><\/li><li class='ez-toc-page-1 ez-toc-heading-level-2'><a class=\"ez-toc-link ez-toc-heading-7\" href=\"https:\/\/www.signum.cat\/ca\/instal%c2%b7lacio-de-domotica-en-habitatge\/#Que_es_la_Instal%C2%B7lacio_domotica_mixta_amb_cable_i_sense_fil\" title=\"Qu\u00e8 \u00e9s la Instal\u00b7laci\u00f3 dom\u00f2tica mixta amb cable i sense fil\">Qu\u00e8 \u00e9s la Instal\u00b7laci\u00f3 dom\u00f2tica mixta amb cable i sense fil<\/a><\/li><li class='ez-toc-page-1 ez-toc-heading-level-2'><a class=\"ez-toc-link ez-toc-heading-8\" href=\"https:\/\/www.signum.cat\/ca\/instal%c2%b7lacio-de-domotica-en-habitatge\/#Els_millors_dispositius_i_sistemes_domestics_intel%C2%B7ligents_de_lactualitat\" title=\"Els millors dispositius i sistemes dom\u00e8stics intel\u00b7ligents de l&#8217;actualitat\">Els millors dispositius i sistemes dom\u00e8stics intel\u00b7ligents de l&#8217;actualitat<\/a><ul class='ez-toc-list-level-3' ><li class='ez-toc-heading-level-3'><a class=\"ez-toc-link ez-toc-heading-9\" href=\"https:\/\/www.signum.cat\/ca\/instal%c2%b7lacio-de-domotica-en-habitatge\/#1_Les_bombetes_habilitades_per_a_HomeKit\" title=\"1) Les bombetes habilitades per a HomeKit\">1) Les bombetes habilitades per a HomeKit<\/a><\/li><li class='ez-toc-page-1 ez-toc-heading-level-3'><a class=\"ez-toc-link ez-toc-heading-10\" href=\"https:\/\/www.signum.cat\/ca\/instal%c2%b7lacio-de-domotica-en-habitatge\/#2_Nest_Termostat\" title=\"2) Nest Term\u00f2stat\">2) Nest Term\u00f2stat<\/a><\/li><li class='ez-toc-page-1 ez-toc-heading-level-3'><a class=\"ez-toc-link ez-toc-heading-11\" href=\"https:\/\/www.signum.cat\/ca\/instal%c2%b7lacio-de-domotica-en-habitatge\/#3_Amazon_Echo_Show\" title=\"3) Amazon Echo Show\">3) Amazon Echo Show<\/a><\/li><li class='ez-toc-page-1 ez-toc-heading-level-3'><a class=\"ez-toc-link ez-toc-heading-12\" href=\"https:\/\/www.signum.cat\/ca\/instal%c2%b7lacio-de-domotica-en-habitatge\/#5_El_Apple_TV_4K\" title=\"5) El Apple TV 4K\">5) El Apple TV 4K<\/a><\/li><\/ul><\/li><li class='ez-toc-page-1 ez-toc-heading-level-2'><a class=\"ez-toc-link ez-toc-heading-13\" href=\"https:\/\/www.signum.cat\/ca\/instal%c2%b7lacio-de-domotica-en-habitatge\/#Millor_programari_dautomatitzacio_de_la_llar\" title=\"Millor programari d&#8217;automatitzaci\u00f3 de la llar\">Millor programari d&#8217;automatitzaci\u00f3 de la llar<\/a><\/li><li class='ez-toc-page-1 ez-toc-heading-level-2'><a class=\"ez-toc-link ez-toc-heading-14\" href=\"https:\/\/www.signum.cat\/ca\/instal%c2%b7lacio-de-domotica-en-habitatge\/#Instal%C2%B7lacio_de_domotica_en_habitatge_conclusio\" title=\"Instal\u00b7laci\u00f3 de dom\u00f2tica en habitatge: conclusi\u00f3\">Instal\u00b7laci\u00f3 de dom\u00f2tica en habitatge: conclusi\u00f3<\/a><\/li><\/ul><\/nav><\/div>\n<h2 class=\"wp-block-heading\"><span class=\"ez-toc-section\" id=\"Tot_el_que_necessites_saber_sobre_lautomatitzacio_domotica_en_habitatge\"><\/span>Tot el que necessites saber sobre l&#8217;automatitzaci\u00f3 dom\u00f2tica en habitatge<span class=\"ez-toc-section-end\"><\/span><\/h2>\n\n\n\n<p>Instal\u00b7laci\u00f3 de dom\u00f2tica en habitatge \u00e9s cada vegada m\u00e9s popular. La dom\u00f2tica \u00e9s l&#8217;\u00fas de diverses tecnologies que ajuden a fer m\u00e9s eficients les tasques quotidianes. <\/p>\n\n\n\n<p><strong>L&#8217;automatitzaci\u00f3 de la llar \u00e9s el proc\u00e9s d&#8217;usar sensors, controladors i altres sistemes per a monitorar, regular i controlar l&#8217;ambient dins de la teva llar.<\/strong> <\/p>\n\n\n\n<p>Una instal\u00b7laci\u00f3 de dom\u00f2tica normalment inclou sistemes automatitzats d&#8217;il\u00b7luminaci\u00f3, temperatura, m\u00fasica i entreteniment.<\/p>\n\n\n\n<p>La idea darrere de la dom\u00f2tica \u00e9s fer-te la vida m\u00e9s f\u00e0cil automatitzant les teves tasques del dia a dia.<\/p>\n\n\n\n<blockquote class=\"wp-block-quote\"><p>A mesura que avan\u00e7a la tecnologia, tamb\u00e9 ho fa la dom\u00f2tica. El millor d&#8217;aquesta mena de tecnologia \u00e9s que es pot personalitzar per a adaptar-se a les teves necessitats i estil de vida.<\/p><\/blockquote>\n\n\n\n<figure class=\"wp-block-image size-full\"><img loading=\"lazy\" decoding=\"async\" width=\"980\" height=\"560\" src=\"https:\/\/www.signum.cat\/wp-content\/uploads\/2022\/03\/Instalacio\u0301n-de-domo\u0301tica-en-vivienda-2.jpg\" alt=\"Instal\u00b7laci\u00f3 de dom\u00f2tica en habitatge\" class=\"wp-image-2911\" srcset=\"https:\/\/www.signum.cat\/wp-content\/uploads\/2022\/03\/Instalacio\u0301n-de-domo\u0301tica-en-vivienda-2.jpg 980w, https:\/\/www.signum.cat\/wp-content\/uploads\/2022\/03\/Instalacio\u0301n-de-domo\u0301tica-en-vivienda-2-300x171.jpg 300w, https:\/\/www.signum.cat\/wp-content\/uploads\/2022\/03\/Instalacio\u0301n-de-domo\u0301tica-en-vivienda-2-768x439.jpg 768w\" sizes=\"(max-width: 980px) 100vw, 980px\" \/><\/figure>\n\n\n\n<h2 class=\"wp-block-heading\"><span class=\"ez-toc-section\" id=\"Que_es_una_casa_intel%C2%B7ligent_i_quina_caracteristiques_te\"><\/span>Qu\u00e8 \u00e9s una casa intel\u00b7ligent i quina caracter\u00edstiques t\u00e9?<span class=\"ez-toc-section-end\"><\/span><\/h2>\n\n\n\n<p>Una casa intel\u00b7ligent, tamb\u00e9 coneguda com a resid\u00e8ncia intel\u00b7ligent o edifici intel\u00b7ligent, \u00e9s un entorn que utilitza una varietat de tecnologies de detecci\u00f3 per a crear un entorn intel\u00b7ligent i receptiu.<\/p>\n\n\n\n<p>La idea d&#8217;una casa intel\u00b7ligent no \u00e9s nova. La primera casa &#8220;intel\u00b7ligent&#8221; va ser constru\u00efda en la d\u00e8cada de 1950 per l&#8217;inventor <strong>George Devol<\/strong>. <\/p>\n\n\n\n<p>El seu invent inclo\u00efa caracter\u00edstiques com ara electrodom\u00e8stics controlats per veu i remots, calefacci\u00f3 i aire condicionat, persianes i fins i tot monitoratge de seguretat. <\/p>\n\n\n\n<p>La casa va ser constru\u00efda sobre una llosa de formig\u00f3 amb un forn en el soterrani.<\/p>\n\n\n<p><a href=\"https:\/\/www.statista.com\/statistics\/1113912\/share-of-smart-home-users-in-europe\/\" rel=\"nofollow\"><img decoding=\"async\" src=\"https:\/\/www.statista.com\/graphic\/1\/1113912\/share-of-smart-home-users-in-europe.jpg\" alt=\"Statistic: Share of Smart Home users in selected European countries in 2019 | Statista\" style=\"width: 100%; height: auto !important; max-width:1000px;-ms-interpolation-mode: bicubic;\"><\/a><br \/>Fuente: <a href=\"https:\/\/www.statista.com\" rel=\"nofollow\">Statista<\/a><\/p>\n\n\n\n<p>Va usar moltes de les mateixes tecnologies que ara s&#8217;usen en les llars modernes. Per\u00f2 quan es va construir, aquestes tecnologies encara no estaven \u00e0mpliament disponibles per als consumidors.<\/p>\n\n\n\n<h2 class=\"wp-block-heading\"><span class=\"ez-toc-section\" id=\"Com_triar_el_sistema_instal%C2%B7lacio_de_domotica_en_habitatge_adequat\"><\/span>Com triar el sistema instal\u00b7laci\u00f3 de dom\u00f2tica en habitatge adequat?<span class=\"ez-toc-section-end\"><\/span><\/h2>\n\n\n\n<p><strong>L&#8217;automatitzaci\u00f3 de la llar \u00e9s l&#8217;acte d&#8217;integrar la il\u00b7luminaci\u00f3, la calefacci\u00f3 i altres electrodom\u00e8stics d&#8217;una casa amb programari<\/strong> per a permetre que els consumidors els supervisin i controlin.<\/p>\n\n\n\n<figure class=\"wp-block-embed is-type-video is-provider-youtube wp-block-embed-youtube wp-embed-aspect-16-9 wp-has-aspect-ratio\"><div class=\"wp-block-embed__wrapper\">\n<iframe loading=\"lazy\" title=\"ETS6 - Smart. Secure. Open.\" width=\"720\" height=\"405\" src=\"https:\/\/www.youtube.com\/embed\/maYvByxGRKw?feature=oembed\" frameborder=\"0\" allow=\"accelerometer; autoplay; clipboard-write; encrypted-media; gyroscope; picture-in-picture\" allowfullscreen><\/iframe>\n<\/div><\/figure>\n\n\n\n<p><\/p>\n\n\n\n<p>Els propietaris d&#8217;habitatges tenen una varietat d&#8217;opcions quan es tracta de dom\u00f2tica. Hi ha molts tipus diferents de sistemes disponibles en el mercat. <\/p>\n\n\n\n<p>Per a assegurar-te de triar el sistema adequat per a les teves necessitats, has de considerar alguns factors abans de prendre la decisi\u00f3.<\/p>\n\n\n\n<h2 class=\"wp-block-heading\"><span class=\"ez-toc-section\" id=\"Quines_coses_saber_abans_de_contractar_un_expert_en_automatitzacio_de_la_llar\"><\/span>Quines coses saber abans de contractar un expert en automatitzaci\u00f3 de la llar?<span class=\"ez-toc-section-end\"><\/span><\/h2>\n\n\n\n<blockquote class=\"wp-block-quote\"><p>Hi ha moltes coses diferents que ha de saber abans de contractar un expert en automatitzaci\u00f3 de la llar. El primer a considerar \u00e9s l&#8217;experi\u00e8ncia i les qualificacions de l&#8217;expert. Un professional qualificat tindr\u00e0 un t\u00edtol en enginyeria electr\u00f2nica, enginyeria el\u00e8ctrica o inform\u00e0tica.<\/p><\/blockquote>\n\n\n\n<p>El seg\u00fcent a considerar \u00e9s quant temps necessitaran per a la instal\u00b7laci\u00f3 del teu sistema.<\/p>\n\n\n\n<p>Una altra cosa a tenir en compte \u00e9s si poden funcionar amb la seva infraestructura i equip existents o si necessitar\u00e0 actualitzar alguna cosa abans de la instal\u00b7laci\u00f3.<\/p>\n\n\n\n<p>Finalment, has de preguntar-los sobre la seva experi\u00e8ncia amb altres sistemes que hagin instal\u00b7lat en les llars i si tenen comentaris de clients anteriors que es puguin contrastar.<\/p>\n\n\n\n<figure class=\"wp-block-image size-full\"><img loading=\"lazy\" decoding=\"async\" width=\"980\" height=\"560\" src=\"https:\/\/www.signum.cat\/wp-content\/uploads\/2022\/03\/Instalacio\u0301n-de-domo\u0301tica-en-vivienda-3.jpg\" alt=\"Instal\u00b7laci\u00f3 de dom\u00f2tica en habitatge\" class=\"wp-image-2913\" srcset=\"https:\/\/www.signum.cat\/wp-content\/uploads\/2022\/03\/Instalacio\u0301n-de-domo\u0301tica-en-vivienda-3.jpg 980w, https:\/\/www.signum.cat\/wp-content\/uploads\/2022\/03\/Instalacio\u0301n-de-domo\u0301tica-en-vivienda-3-300x171.jpg 300w, https:\/\/www.signum.cat\/wp-content\/uploads\/2022\/03\/Instalacio\u0301n-de-domo\u0301tica-en-vivienda-3-768x439.jpg 768w\" sizes=\"(max-width: 980px) 100vw, 980px\" \/><\/figure>\n\n\n\n<h2 class=\"wp-block-heading\"><span class=\"ez-toc-section\" id=\"Instal%C2%B7lacio_de_domotica_en_habitatge_amb_cable\"><\/span>Instal\u00b7laci\u00f3 de dom\u00f2tica en habitatge amb cable<span class=\"ez-toc-section-end\"><\/span><\/h2>\n\n\n\n<p>La instal\u00b7laci\u00f3 de dom\u00f2tica en habitatge per cable \u00e9s un proc\u00e9s que es pot realitzar per etapes. No \u00e9s una instal\u00b7laci\u00f3 \u00fanica, sin\u00f3 alguna cosa que es pot fer amb el temps.<\/p>\n\n\n\n<ol><li>Primer, <strong>s&#8217;ha d&#8217;instal\u00b7lar el cablejat, que alimentar\u00e0 el sistema i li permetr\u00e0 comunicar-se amb els altres dispositius en la seva llar.<\/strong> Aix\u00f2 es fa col\u00b7locant cables des de cadascun dels dispositius fins a un panell el\u00e8ctric i despr\u00e9s connectant-los a un *disyuntor o caixa de fusibles existent.<\/li><li>A continuaci\u00f3, s&#8217;haur\u00e0 d&#8217;instal\u00b7lar un concentrador intel\u00b7ligent o una porta d&#8217;enlla\u00e7 prop del seu encaminador perqu\u00e8 <strong>tots els dispositius estiguin connectats de manera sense fil<\/strong>. Aquest concentrador tamb\u00e9 es connectar\u00e0 amb la teva xarxa Wi-Fi i proporcionar\u00e0 energia per a uns certs dispositius com a c\u00e0meres de seguretat i panys de portes.<\/li><li>Finalment, <strong>s&#8217;haur\u00e0 d&#8217;instal\u00b7lar qualsevol component addicional com a panys de portes o sensors de moviment quan sigui necessari<\/strong>.<\/li><\/ol>\n\n\n\n<figure class=\"wp-block-embed is-type-wp-embed is-provider-signum wp-block-embed-signum\"><div class=\"wp-block-embed__wrapper\">\n<blockquote class=\"wp-embedded-content\" data-secret=\"RUwYoNfIsz\"><a href=\"https:\/\/www.signum.cat\/que-es-la-inmotica\/\">\u00bfQu\u00e9 es la Inm\u00f3tica?<\/a><\/blockquote><iframe class=\"wp-embedded-content\" sandbox=\"allow-scripts\" security=\"restricted\" style=\"position: absolute; clip: rect(1px, 1px, 1px, 1px);\" title=\"\u00ab\u00bfQu\u00e9 es la Inm\u00f3tica?\u00bb \u2014 SIGNUM\" src=\"https:\/\/www.signum.cat\/que-es-la-inmotica\/embed\/#?secret=Jb87womg0y#?secret=RUwYoNfIsz\" data-secret=\"RUwYoNfIsz\" width=\"600\" height=\"338\" frameborder=\"0\" marginwidth=\"0\" marginheight=\"0\" scrolling=\"no\"><\/iframe>\n<\/div><\/figure>\n\n\n\n<h2 class=\"wp-block-heading\"><span class=\"ez-toc-section\" id=\"Com_funciona_la_Instal%C2%B7lacio_domotica_sense_fil\"><\/span>Com funciona la Instal\u00b7laci\u00f3 dom\u00f2tica sense fil<span class=\"ez-toc-section-end\"><\/span><\/h2>\n\n\n\n<p>La instal\u00b7laci\u00f3 de dom\u00f2tica sense fil permet <a href=\"https:\/\/www.signum.cat\/ca\/instal%c2%b7lacions-domotiques\/\">controlar tots els dispositius el\u00e8ctrics de la casa<\/a> des d&#8217;una aplicaci\u00f3 en el teu tel\u00e8fon o tauleta.<\/p>\n\n\n\n<p>Aquests s\u00f3n alguns dels beneficis de la instal\u00b7laci\u00f3 de dom\u00f2tica sense fil:<\/p>\n\n\n\n<p>&#8211; L&#8217;usuari pot controlar tots els dispositius des de qualsevol part del m\u00f3n<\/p>\n\n\n\n<p>&#8211; Estalvia energia apagant els dispositius quan no s&#8217;estan utilitzant i despr\u00e9s encenent-los segons sigui necessari<\/p>\n\n\n\n<p>&#8211; <a href=\"https:\/\/www.signum.cat\/ca\/coneix-els-avantatges-dels-panells-solars-a-casa\/\">Redueix el consum d&#8217;energia i millora l&#8217;efici\u00e8ncia dels electrodom\u00e8stic<\/a>s, la qual cosa ajuda a estalviar diners<\/p>\n\n\n\n<h2 class=\"wp-block-heading\"><span class=\"ez-toc-section\" id=\"Que_es_la_Instal%C2%B7lacio_domotica_mixta_amb_cable_i_sense_fil\"><\/span>Qu\u00e8 \u00e9s la Instal\u00b7laci\u00f3 dom\u00f2tica mixta amb cable i sense fil<span class=\"ez-toc-section-end\"><\/span><\/h2>\n\n\n\n<p>Les xarxes sense fils s\u00f3n convenients, per\u00f2 poden ser dif\u00edcils d&#8217;instal\u00b7lar en algunes llars. La instal\u00b7laci\u00f3 dom\u00f2tica en habitatge mixt cablejat i sense fil \u00e9s la millor opci\u00f3 per a un propietari que vol controlar l&#8217;entorn de la seva llar des de qualsevol lloc. <\/p>\n\n\n\n<p>Proporciona els beneficis de les xarxes cablejades i sense fils sense cap dels seus inconvenients.<\/p>\n\n\n\n<p>Pots triar una instal\u00b7laci\u00f3 combinada per cable i sense fil per a aprofitar les seves diferents propietats. Per a aquests sistemes mixtos, s&#8217;utilitza un sol control. <\/p>\n\n\n\n<p>\u00c9s una soluci\u00f3 perfecta per als sistemes dom\u00f2tics grans que manegin moltes dades i funcions.<\/p>\n\n\n\n<h2 class=\"wp-block-heading\"><span class=\"ez-toc-section\" id=\"Els_millors_dispositius_i_sistemes_domestics_intel%C2%B7ligents_de_lactualitat\"><\/span>Els millors dispositius i sistemes dom\u00e8stics intel\u00b7ligents de l&#8217;actualitat<span class=\"ez-toc-section-end\"><\/span><\/h2>\n\n\n\n<p>La llar intel\u00b7ligent ha existit durant anys, <a href=\"https:\/\/www.europapress.es\/portaltic\/sector\/noticia-domotica-crecera-300-espana-2024-expertos-dan-claves-crear-hogar-inteligente-20201219103037.html\" target=\"_blank\" rel=\"noreferrer noopener\">per\u00f2 nom\u00e9s recentment la tecnologia s&#8217;ha tornat m\u00e9s assequible i generalitzada<\/a>.<\/p>\n\n\n\n<blockquote class=\"wp-block-quote\"><p>El m\u00f3n de la tecnologia ha anat avan\u00e7ant a un ritme vertigin\u00f3s, i la instal\u00b7laci\u00f3 de dom\u00f2tica en habitatge no ha estat una excepci\u00f3. Amb tants dispositius nous en el mercat, pot ser dif\u00edcil saber quin s&#8217;adaptar\u00e0 millor a les seves necessitats.<\/p><\/blockquote>\n\n\n\n<figure class=\"wp-block-image size-full\"><img loading=\"lazy\" decoding=\"async\" width=\"980\" height=\"560\" src=\"https:\/\/www.signum.cat\/wp-content\/uploads\/2022\/03\/Instalacio\u0301n-de-domo\u0301tica-en-vivienda-5.jpg\" alt=\"Amazon Tiro Dot\" class=\"wp-image-2917\" srcset=\"https:\/\/www.signum.cat\/wp-content\/uploads\/2022\/03\/Instalacio\u0301n-de-domo\u0301tica-en-vivienda-5.jpg 980w, https:\/\/www.signum.cat\/wp-content\/uploads\/2022\/03\/Instalacio\u0301n-de-domo\u0301tica-en-vivienda-5-300x171.jpg 300w, https:\/\/www.signum.cat\/wp-content\/uploads\/2022\/03\/Instalacio\u0301n-de-domo\u0301tica-en-vivienda-5-768x439.jpg 768w\" sizes=\"(max-width: 980px) 100vw, 980px\" \/><\/figure>\n\n\n\n<p>Aquests s\u00f3n alguns dispositius m\u00e9s populars per a una casa intel\u00b7ligent:<\/p>\n\n\n\n<h3 class=\"wp-block-heading\"><span class=\"ez-toc-section\" id=\"1_Les_bombetes_habilitades_per_a_HomeKit\"><\/span><strong>1) Les bombetes habilitades per a HomeKit<\/strong><span class=\"ez-toc-section-end\"><\/span><\/h3>\n\n\n\n<p>Les bombetes habilitades per a HomeKit s\u00f3n la forma m\u00e9s f\u00e0cil de controlar les llums en la seva llar. I sens dubte un aparell a considerar en tota instal\u00b7laci\u00f3 de dom\u00f2tica en habitatge. <\/p>\n\n\n\n<p>Et permeten canviar la il\u00b7luminaci\u00f3 des del teu tel\u00e8fon o tauleta i crear diferents estats d&#8217;\u00e0nim amb un sol toc. <\/p>\n\n\n\n<p><strong>Pot usar Siri per a controlar qualsevol bombeta habilitada per a HomeKit<\/strong>, de manera que pugui agregar llum f\u00e0cilment a qualsevol habitaci\u00f3 o canviar l&#8217;estat d&#8217;\u00e0nim d&#8217;un espai en segons.<\/p>\n\n\n\n<figure class=\"wp-block-embed is-type-wp-embed is-provider-signum wp-block-embed-signum\"><div class=\"wp-block-embed__wrapper\">\n<blockquote class=\"wp-embedded-content\" data-secret=\"U9Jx5ag102\"><a href=\"https:\/\/www.signum.cat\/instalacion-domotica-consejos-para-un-buen-presupuesto\/\">Instalaci\u00f3n Dom\u00f3tica: consejos para un buen presupuesto<\/a><\/blockquote><iframe class=\"wp-embedded-content\" sandbox=\"allow-scripts\" security=\"restricted\" style=\"position: absolute; clip: rect(1px, 1px, 1px, 1px);\" title=\"\u00abInstalaci\u00f3n Dom\u00f3tica: consejos para un buen presupuesto\u00bb \u2014 SIGNUM\" src=\"https:\/\/www.signum.cat\/instalacion-domotica-consejos-para-un-buen-presupuesto\/embed\/#?secret=lVLAm886ji#?secret=U9Jx5ag102\" data-secret=\"U9Jx5ag102\" width=\"600\" height=\"338\" frameborder=\"0\" marginwidth=\"0\" marginheight=\"0\" scrolling=\"no\"><\/iframe>\n<\/div><\/figure>\n\n\n\n<h3 class=\"wp-block-heading\"><span class=\"ez-toc-section\" id=\"2_Nest_Termostat\"><\/span><strong>2) Nest Term\u00f2stat<\/strong><span class=\"ez-toc-section-end\"><\/span><\/h3>\n\n\n\n<p>El Term\u00f2stat Nest \u00e9s un term\u00f2stat intel\u00b7ligent que apr\u00e8n i s&#8217;adapta al comportament d&#8217;una persona. El term\u00f2stat es basa en un sensor que analitza la temperatura de l&#8217;aire, la llum ambiental i els sensors d&#8217;ocupaci\u00f3. <\/p>\n\n\n\n<p>El term\u00f2stat Nest est\u00e0 dissenyat per a estalviar energia en comprendre les temperatures amb les quals les persones se senten c\u00f2modes en la seva llar.<\/p>\n\n\n\n<figure class=\"wp-block-image size-full\"><img loading=\"lazy\" decoding=\"async\" width=\"980\" height=\"560\" src=\"https:\/\/www.signum.cat\/wp-content\/uploads\/2022\/03\/Instalacio\u0301n-de-domo\u0301tica-en-vivienda-4.jpg\" alt=\"Term\u00f2stat Nest\" class=\"wp-image-2915\" srcset=\"https:\/\/www.signum.cat\/wp-content\/uploads\/2022\/03\/Instalacio\u0301n-de-domo\u0301tica-en-vivienda-4.jpg 980w, https:\/\/www.signum.cat\/wp-content\/uploads\/2022\/03\/Instalacio\u0301n-de-domo\u0301tica-en-vivienda-4-300x171.jpg 300w, https:\/\/www.signum.cat\/wp-content\/uploads\/2022\/03\/Instalacio\u0301n-de-domo\u0301tica-en-vivienda-4-768x439.jpg 768w\" sizes=\"(max-width: 980px) 100vw, 980px\" \/><\/figure>\n\n\n\n<h3 class=\"wp-block-heading\"><span class=\"ez-toc-section\" id=\"3_Amazon_Echo_Show\"><\/span><strong>3)<\/strong> <strong>Amazon Echo Show<\/strong><span class=\"ez-toc-section-end\"><\/span><\/h3>\n\n\n\n<p>Amazon Tiro Xou \u00e9s un dispositiu activat per veu que usa Alexa i ve amb una pantalla t\u00e0ctil de 7 polzades. <\/p>\n\n\n\n<p>Es pot vincular als diversos dispositius intel\u00b7ligents de la seva llar i tamb\u00e9 pot reproduir m\u00fasica, v\u00eddeos i proporcionar informaci\u00f3 sobre el clima o les not\u00edcies. <\/p>\n\n\n\n<p>Alexa tamb\u00e9 pot respondre preguntes sobre quina m\u00fasica s&#8217;est\u00e0 reproduint, quant temps ha passat des que va oc\u00f3rrer un esdeveniment o quina ser\u00e0 la temperatura m\u00e9s tard en el dia.<\/p>\n\n\n\n<h3 class=\"wp-block-heading\"><span class=\"ez-toc-section\" id=\"5_El_Apple_TV_4K\"><\/span><strong>5) El Apple TV 4K<\/strong><span class=\"ez-toc-section-end\"><\/span><\/h3>\n\n\n\n<p>Han passat 8 anys des que Apple va llan\u00e7ar el primer <strong>Apple TV<\/strong>. L&#8217;\u00faltima versi\u00f3,<a href=\"https:\/\/www.apple.com\/es\/apple-tv-4k\/\" target=\"_blank\" rel=\"noreferrer noopener\"> Apple TV 4K<\/a>, \u00e9s pr\u00e0cticament un dispositiu completament nou amb un processador A10X Fusion i una arquitectura de 64 bits. <\/p>\n\n\n\n<p>A difer\u00e8ncia del model anterior, que tenia nom\u00e9s 32 GB d&#8217;emmagatzematge i depenia de dispositius externs per a les seves aplicacions, aquest t\u00e9 una botiga d&#8217;aplicacions amb centenars de milers de t\u00edtols.<\/p>\n\n\n\n<h2 class=\"wp-block-heading\"><span class=\"ez-toc-section\" id=\"Millor_programari_dautomatitzacio_de_la_llar\"><\/span>Millor programari d&#8217;automatitzaci\u00f3 de la llar<span class=\"ez-toc-section-end\"><\/span><\/h2>\n\n\n\n<figure class=\"wp-block-image size-full\"><img loading=\"lazy\" decoding=\"async\" width=\"980\" height=\"560\" src=\"https:\/\/www.signum.cat\/wp-content\/uploads\/2022\/03\/Instalacio\u0301n-de-domo\u0301tica-en-vivienda-6.jpg\" alt=\"Instal\u00b7laci\u00f3 de dom\u00f2tica en habitatge\" class=\"wp-image-2919\" srcset=\"https:\/\/www.signum.cat\/wp-content\/uploads\/2022\/03\/Instalacio\u0301n-de-domo\u0301tica-en-vivienda-6.jpg 980w, https:\/\/www.signum.cat\/wp-content\/uploads\/2022\/03\/Instalacio\u0301n-de-domo\u0301tica-en-vivienda-6-300x171.jpg 300w, https:\/\/www.signum.cat\/wp-content\/uploads\/2022\/03\/Instalacio\u0301n-de-domo\u0301tica-en-vivienda-6-768x439.jpg 768w\" sizes=\"(max-width: 980px) 100vw, 980px\" \/><\/figure>\n\n\n\n<p>El millor programari d&#8217;automatitzaci\u00f3 de la llar es pot utilitzar per a controlar tots els dispositius intel\u00b7ligents de la seva llar. \u00c9s una soluci\u00f3 integral per a totes les seves necessitats.<\/p>\n\n\n\n<p><strong>El millor programari de dom\u00f2tica hauria de tenir aquestes caracter\u00edstiques:<\/strong><\/p>\n\n\n\n<p>&#8211; Connectivitat amb <strong>diversos dispositius intel\u00b7ligents<\/strong><\/p>\n\n\n\n<p>&#8211; Compatibilitat amb diversos <strong>sistemes operatius<\/strong><\/p>\n\n\n\n<p>&#8211; F\u00e0cil instal\u00b7laci\u00f3 i \u00fas<\/p>\n\n\n\n<p>&#8211; Bon servei al client<\/p>\n\n\n\n<h2 class=\"wp-block-heading\"><span class=\"ez-toc-section\" id=\"Instal%C2%B7lacio_de_domotica_en_habitatge_conclusio\"><\/span>Instal\u00b7laci\u00f3 de dom\u00f2tica en habitatge: conclusi\u00f3<span class=\"ez-toc-section-end\"><\/span><\/h2>\n\n\n\n<p>Si est\u00e0s pensant a <strong>instal\u00b7lar dom\u00f2tica en el teu habitatge<\/strong> podem ajudar-te. <strong>En Signum som des de fa m\u00e9s d&#8217;una d\u00e8cada partners de KNX<\/strong>, empresa l\u00edder de m\u00e9s de 25 anys en el sector de dom\u00f2tica i imm\u00f2tica.<\/p>\n\n\n\n<div class=\"wp-block-buttons is-content-justification-center is-layout-flex wp-container-core-buttons-layout-1 wp-block-buttons-is-layout-flex\">\n<div class=\"wp-block-button\"><a class=\"wp-block-button__link\" href=\"https:\/\/www.signum.cat\/ca\/contacta-amb-nososaltres\/\">Contacta amb SIGNUM<\/a><\/div>\n<\/div>\n\n\n\n<div class=\"wp-block-contact-form-7-contact-form-selector\">\n<div class=\"wpcf7 no-js\" id=\"wpcf7-f1005-o1\" lang=\"es-ES\" dir=\"ltr\">\n<div class=\"screen-reader-response\"><p role=\"status\" aria-live=\"polite\" aria-atomic=\"true\"><\/p> <ul><\/ul><\/div>\n<form action=\"\/ca\/wp-json\/wp\/v2\/posts\/2939#wpcf7-f1005-o1\" method=\"post\" class=\"wpcf7-form init\" aria-label=\"Contact form\" novalidate=\"novalidate\" data-status=\"init\">\n<div style=\"display: none;\">\n<input type=\"hidden\" name=\"_wpcf7\" value=\"1005\" \/>\n<input type=\"hidden\" name=\"_wpcf7_version\" value=\"5.8.5\" \/>\n<input type=\"hidden\" name=\"_wpcf7_locale\" value=\"es_ES\" \/>\n<input type=\"hidden\" name=\"_wpcf7_unit_tag\" value=\"wpcf7-f1005-o1\" \/>\n<input type=\"hidden\" name=\"_wpcf7_container_post\" value=\"0\" \/>\n<input type=\"hidden\" name=\"_wpcf7_posted_data_hash\" value=\"\" \/>\n<input type=\"hidden\" name=\"_wpcf7_recaptcha_response\" value=\"\" \/>\n<\/div>\n<p><label> Nombre y apellidos (requerido)<br \/>\n<span class=\"wpcf7-form-control-wrap\" data-name=\"your-name\"><input size=\"40\" class=\"wpcf7-form-control wpcf7-text wpcf7-validates-as-required\" aria-required=\"true\" aria-invalid=\"false\" value=\"\" type=\"text\" name=\"your-name\" \/><\/span> <\/label>\n<\/p>\n<p><label> Tu correo electr\u00f3nico (requerido)<br \/>\n<span class=\"wpcf7-form-control-wrap\" data-name=\"your-email\"><input size=\"40\" class=\"wpcf7-form-control wpcf7-email wpcf7-validates-as-required wpcf7-text wpcf7-validates-as-email\" aria-required=\"true\" aria-invalid=\"false\" value=\"\" type=\"email\" name=\"your-email\" \/><\/span> <\/label>\n<\/p>\n<p><label> Asunto<br \/>\n<span class=\"wpcf7-form-control-wrap\" data-name=\"your-subject\"><input size=\"40\" class=\"wpcf7-form-control wpcf7-text\" aria-invalid=\"false\" value=\"\" type=\"text\" name=\"your-subject\" \/><\/span> <\/label>\n<\/p>\n<p><label> Tu mensaje<br \/>\n<span class=\"wpcf7-form-control-wrap\" data-name=\"your-message\"><textarea cols=\"40\" rows=\"10\" class=\"wpcf7-form-control wpcf7-textarea\" aria-invalid=\"false\" name=\"your-message\"><\/textarea><\/span> <\/label>\n<\/p>\n<p style=\"font-size:12px\";><strong>Informaci\u00f3n b\u00e1sica sobre Protecci\u00f3n de Datos<\/strong>: Responsable Signum 2008 SL. Finalidad: Prestaci\u00f3n de servicios en l\u00ednea, gesti\u00f3n de usuarios web, comunicaciones comerciales relacionadas con nuestros servicios. Legitimaci\u00f3n Consentimiento: expr\u00e9s e inter\u00e9s leg\u00edtimo. Destinatarios: No se ceden datos a terceros, excepto obligaci\u00f3n legal.Derechos: Acceder, rectificar y suprimir los datos, as\u00ed como otros derechos, como se explica en la informaci\u00f3n adicional. Informaci\u00f3n adicional: Puede consultar la informaci\u00f3n adicional y detallada sobre Protecci\u00f3n de Datos en las cl\u00e1usulas anejas que se encuentran en https:\/\/www.signum.cat\/politica-de-privacitat\/.\n<\/p>\n<p><span class=\"wpcf7-form-control-wrap\" data-name=\"acceptance-405\"><span class=\"wpcf7-form-control wpcf7-acceptance\"><span class=\"wpcf7-list-item\"><input type=\"checkbox\" name=\"acceptance-405\" value=\"1\" aria-invalid=\"false\" \/><\/span><\/span><\/span> Acepto las condicions de uso y nuestra<a href=\"https:\/\/www.signum.cat\/es\/politica-de-privacitat\/\" target=\"blank\" rel=\"nofollow\" style=\"text-decoration:underline\";> Pol\u00edtica de Privacidad<\/a>\n<\/p>\n\n<p><input class=\"wpcf7-form-control wpcf7-submit has-spinner\" type=\"submit\" value=\"Enviar\" \/>\n<\/p><div class=\"wpcf7-response-output\" aria-hidden=\"true\"><\/div>\n<\/form>\n<\/div>\n<\/div>\n","protected":false},"excerpt":{"rendered":"<p>Tot el que necessites saber sobre l&#8217;automatitzaci\u00f3 dom\u00f2tica en habitatge Instal\u00b7laci\u00f3 de dom\u00f2tica en habitatge \u00e9s cada vegada m\u00e9s popular. La dom\u00f2tica \u00e9s l&#8217;\u00fas de diverses tecnologies que ajuden a fer m\u00e9s eficients les tasques quotidianes. L&#8217;automatitzaci\u00f3 de la llar&#8230;<\/p>\n","protected":false},"author":2,"featured_media":2909,"comment_status":"closed","ping_status":"closed","sticky":false,"template":"","format":"standard","meta":{"_kad_post_transparent":"","_kad_post_title":"","_kad_post_layout":"","_kad_post_sidebar_id":"","_kad_post_content_style":"","_kad_post_vertical_padding":"","_kad_post_feature":"","_kad_post_feature_position":"","_kad_post_header":false,"_kad_post_footer":false,"footnotes":"","_joinchat":[]},"categories":[44,12,14,49,42,43],"tags":[],"yoast_head":"<!-- This site is optimized with the Yoast SEO plugin v21.7 - https:\/\/yoast.com\/wordpress\/plugins\/seo\/ -->\n<title>Instal\u00b7laci\u00f3 de Dom\u00f2tica en Habitatge: SIGNUM<\/title>\n<meta name=\"description\" content=\"Instal\u00b7laci\u00f3 de dom\u00f2tica en habitatge: T&#039;expliquem el que hauries de considerar abans de contractar un expert en automatitzaci\u00f3 de la llar.\" \/>\n<meta name=\"robots\" content=\"index, follow, max-snippet:-1, max-image-preview:large, max-video-preview:-1\" \/>\n<link rel=\"canonical\" href=\"https:\/\/www.signum.cat\/ca\/instal\u00b7lacio-de-domotica-en-habitatge\/\" \/>\n<meta property=\"og:locale\" content=\"ca_ES\" \/>\n<meta property=\"og:type\" content=\"article\" \/>\n<meta property=\"og:title\" content=\"Instal\u00b7laci\u00f3 de Dom\u00f2tica en Habitatge: SIGNUM\" \/>\n<meta property=\"og:description\" content=\"Instal\u00b7laci\u00f3 de dom\u00f2tica en habitatge: T&#039;expliquem el que hauries de considerar abans de contractar un expert en automatitzaci\u00f3 de la llar.\" \/>\n<meta property=\"og:url\" content=\"https:\/\/www.signum.cat\/ca\/instal\u00b7lacio-de-domotica-en-habitatge\/\" \/>\n<meta property=\"og:site_name\" content=\"SIGNUM\" \/>\n<meta property=\"article:published_time\" content=\"2022-03-03T15:24:58+00:00\" \/>\n<meta property=\"article:modified_time\" content=\"2022-03-10T12:05:27+00:00\" \/>\n<meta property=\"og:image\" content=\"https:\/\/www.signum.cat\/wp-content\/uploads\/2022\/03\/Instalacio\u0301n-de-domo\u0301tica-en-vivienda-1.jpg\" \/>\n\t<meta property=\"og:image:width\" content=\"980\" \/>\n\t<meta property=\"og:image:height\" content=\"560\" \/>\n\t<meta property=\"og:image:type\" content=\"image\/jpeg\" \/>\n<meta name=\"author\" content=\"Signum\" \/>\n<meta name=\"twitter:card\" content=\"summary_large_image\" \/>\n<meta name=\"twitter:label1\" content=\"Written by\" \/>\n\t<meta name=\"twitter:data1\" content=\"Signum\" \/>\n\t<meta name=\"twitter:label2\" content=\"Est. reading time\" \/>\n\t<meta name=\"twitter:data2\" content=\"8 minutes\" \/>\n<script type=\"application\/ld+json\" class=\"yoast-schema-graph\">{\"@context\":\"https:\/\/schema.org\",\"@graph\":[{\"@type\":\"Article\",\"@id\":\"https:\/\/www.signum.cat\/ca\/instal%c2%b7lacio-de-domotica-en-habitatge\/#article\",\"isPartOf\":{\"@id\":\"https:\/\/www.signum.cat\/ca\/instal%c2%b7lacio-de-domotica-en-habitatge\/\"},\"author\":{\"name\":\"Signum\",\"@id\":\"https:\/\/www.signum.cat\/#\/schema\/person\/c2e78202a3b382edd9e2930aac0b4def\"},\"headline\":\"Instal\u00b7laci\u00f3 de Dom\u00f2tica en Habitatge:\",\"datePublished\":\"2022-03-03T15:24:58+00:00\",\"dateModified\":\"2022-03-10T12:05:27+00:00\",\"mainEntityOfPage\":{\"@id\":\"https:\/\/www.signum.cat\/ca\/instal%c2%b7lacio-de-domotica-en-habitatge\/\"},\"wordCount\":1497,\"publisher\":{\"@id\":\"https:\/\/www.signum.cat\/#organization\"},\"articleSection\":[\"Automatitzaci\u00f3 de la llar\",\"Automatitzacions\",\"Automatizaci\u00f3n\",\"Dom\u00f2tica\",\"Edificis Inteligents\",\"Smart Home\"],\"inLanguage\":\"ca-ES\"},{\"@type\":\"WebPage\",\"@id\":\"https:\/\/www.signum.cat\/ca\/instal%c2%b7lacio-de-domotica-en-habitatge\/\",\"url\":\"https:\/\/www.signum.cat\/ca\/instal%c2%b7lacio-de-domotica-en-habitatge\/\",\"name\":\"Instal\u00b7laci\u00f3 de Dom\u00f2tica en Habitatge: SIGNUM\",\"isPartOf\":{\"@id\":\"https:\/\/www.signum.cat\/#website\"},\"datePublished\":\"2022-03-03T15:24:58+00:00\",\"dateModified\":\"2022-03-10T12:05:27+00:00\",\"description\":\"Instal\u00b7laci\u00f3 de dom\u00f2tica en habitatge: T'expliquem el que hauries de considerar abans de contractar un expert en automatitzaci\u00f3 de la llar.\",\"breadcrumb\":{\"@id\":\"https:\/\/www.signum.cat\/ca\/instal%c2%b7lacio-de-domotica-en-habitatge\/#breadcrumb\"},\"inLanguage\":\"ca-ES\",\"potentialAction\":[{\"@type\":\"ReadAction\",\"target\":[\"https:\/\/www.signum.cat\/ca\/instal%c2%b7lacio-de-domotica-en-habitatge\/\"]}]},{\"@type\":\"BreadcrumbList\",\"@id\":\"https:\/\/www.signum.cat\/ca\/instal%c2%b7lacio-de-domotica-en-habitatge\/#breadcrumb\",\"itemListElement\":[{\"@type\":\"ListItem\",\"position\":1,\"name\":\"Portada\",\"item\":\"https:\/\/www.signum.cat\/ca\/\"},{\"@type\":\"ListItem\",\"position\":2,\"name\":\"Instal\u00b7laci\u00f3 de Dom\u00f2tica en Habitatge:\"}]},{\"@type\":\"WebSite\",\"@id\":\"https:\/\/www.signum.cat\/#website\",\"url\":\"https:\/\/www.signum.cat\/\",\"name\":\"SIGNUM\",\"description\":\"Electricidad, dom\u00f3tica e inm\u00f3tica\",\"publisher\":{\"@id\":\"https:\/\/www.signum.cat\/#organization\"},\"potentialAction\":[{\"@type\":\"SearchAction\",\"target\":{\"@type\":\"EntryPoint\",\"urlTemplate\":\"https:\/\/www.signum.cat\/?s={search_term_string}\"},\"query-input\":\"required name=search_term_string\"}],\"inLanguage\":\"ca-ES\"},{\"@type\":\"Organization\",\"@id\":\"https:\/\/www.signum.cat\/#organization\",\"name\":\"SIGNUM\",\"url\":\"https:\/\/www.signum.cat\/\",\"logo\":{\"@type\":\"ImageObject\",\"inLanguage\":\"ca-ES\",\"@id\":\"https:\/\/www.signum.cat\/#\/schema\/logo\/image\/\",\"url\":\"https:\/\/www.signum.cat\/wp-content\/uploads\/2021\/02\/Logo-SIGNUM-Favicon-1.png\",\"contentUrl\":\"https:\/\/www.signum.cat\/wp-content\/uploads\/2021\/02\/Logo-SIGNUM-Favicon-1.png\",\"width\":80,\"height\":73,\"caption\":\"SIGNUM\"},\"image\":{\"@id\":\"https:\/\/www.signum.cat\/#\/schema\/logo\/image\/\"}},{\"@type\":\"Person\",\"@id\":\"https:\/\/www.signum.cat\/#\/schema\/person\/c2e78202a3b382edd9e2930aac0b4def\",\"name\":\"Signum\"}]}<\/script>\n<!-- \/ Yoast SEO plugin. -->","yoast_head_json":{"title":"Instal\u00b7laci\u00f3 de Dom\u00f2tica en Habitatge: SIGNUM","description":"Instal\u00b7laci\u00f3 de dom\u00f2tica en habitatge: T'expliquem el que hauries de considerar abans de contractar un expert en automatitzaci\u00f3 de la llar.","robots":{"index":"index","follow":"follow","max-snippet":"max-snippet:-1","max-image-preview":"max-image-preview:large","max-video-preview":"max-video-preview:-1"},"canonical":"https:\/\/www.signum.cat\/ca\/instal\u00b7lacio-de-domotica-en-habitatge\/","og_locale":"ca_ES","og_type":"article","og_title":"Instal\u00b7laci\u00f3 de Dom\u00f2tica en Habitatge: SIGNUM","og_description":"Instal\u00b7laci\u00f3 de dom\u00f2tica en habitatge: T'expliquem el que hauries de considerar abans de contractar un expert en automatitzaci\u00f3 de la llar.","og_url":"https:\/\/www.signum.cat\/ca\/instal\u00b7lacio-de-domotica-en-habitatge\/","og_site_name":"SIGNUM","article_published_time":"2022-03-03T15:24:58+00:00","article_modified_time":"2022-03-10T12:05:27+00:00","og_image":[{"width":980,"height":560,"url":"https:\/\/www.signum.cat\/wp-content\/uploads\/2022\/03\/Instalacio\u0301n-de-domo\u0301tica-en-vivienda-1.jpg","type":"image\/jpeg"}],"author":"Signum","twitter_card":"summary_large_image","twitter_misc":{"Written by":"Signum","Est. reading time":"8 minutes"},"schema":{"@context":"https:\/\/schema.org","@graph":[{"@type":"Article","@id":"https:\/\/www.signum.cat\/ca\/instal%c2%b7lacio-de-domotica-en-habitatge\/#article","isPartOf":{"@id":"https:\/\/www.signum.cat\/ca\/instal%c2%b7lacio-de-domotica-en-habitatge\/"},"author":{"name":"Signum","@id":"https:\/\/www.signum.cat\/#\/schema\/person\/c2e78202a3b382edd9e2930aac0b4def"},"headline":"Instal\u00b7laci\u00f3 de Dom\u00f2tica en Habitatge:","datePublished":"2022-03-03T15:24:58+00:00","dateModified":"2022-03-10T12:05:27+00:00","mainEntityOfPage":{"@id":"https:\/\/www.signum.cat\/ca\/instal%c2%b7lacio-de-domotica-en-habitatge\/"},"wordCount":1497,"publisher":{"@id":"https:\/\/www.signum.cat\/#organization"},"articleSection":["Automatitzaci\u00f3 de la llar","Automatitzacions","Automatizaci\u00f3n","Dom\u00f2tica","Edificis Inteligents","Smart Home"],"inLanguage":"ca-ES"},{"@type":"WebPage","@id":"https:\/\/www.signum.cat\/ca\/instal%c2%b7lacio-de-domotica-en-habitatge\/","url":"https:\/\/www.signum.cat\/ca\/instal%c2%b7lacio-de-domotica-en-habitatge\/","name":"Instal\u00b7laci\u00f3 de Dom\u00f2tica en Habitatge: SIGNUM","isPartOf":{"@id":"https:\/\/www.signum.cat\/#website"},"datePublished":"2022-03-03T15:24:58+00:00","dateModified":"2022-03-10T12:05:27+00:00","description":"Instal\u00b7laci\u00f3 de dom\u00f2tica en habitatge: T'expliquem el que hauries de considerar abans de contractar un expert en automatitzaci\u00f3 de la llar.","breadcrumb":{"@id":"https:\/\/www.signum.cat\/ca\/instal%c2%b7lacio-de-domotica-en-habitatge\/#breadcrumb"},"inLanguage":"ca-ES","potentialAction":[{"@type":"ReadAction","target":["https:\/\/www.signum.cat\/ca\/instal%c2%b7lacio-de-domotica-en-habitatge\/"]}]},{"@type":"BreadcrumbList","@id":"https:\/\/www.signum.cat\/ca\/instal%c2%b7lacio-de-domotica-en-habitatge\/#breadcrumb","itemListElement":[{"@type":"ListItem","position":1,"name":"Portada","item":"https:\/\/www.signum.cat\/ca\/"},{"@type":"ListItem","position":2,"name":"Instal\u00b7laci\u00f3 de Dom\u00f2tica en Habitatge:"}]},{"@type":"WebSite","@id":"https:\/\/www.signum.cat\/#website","url":"https:\/\/www.signum.cat\/","name":"SIGNUM","description":"Electricidad, dom\u00f3tica e inm\u00f3tica","publisher":{"@id":"https:\/\/www.signum.cat\/#organization"},"potentialAction":[{"@type":"SearchAction","target":{"@type":"EntryPoint","urlTemplate":"https:\/\/www.signum.cat\/?s={search_term_string}"},"query-input":"required name=search_term_string"}],"inLanguage":"ca-ES"},{"@type":"Organization","@id":"https:\/\/www.signum.cat\/#organization","name":"SIGNUM","url":"https:\/\/www.signum.cat\/","logo":{"@type":"ImageObject","inLanguage":"ca-ES","@id":"https:\/\/www.signum.cat\/#\/schema\/logo\/image\/","url":"https:\/\/www.signum.cat\/wp-content\/uploads\/2021\/02\/Logo-SIGNUM-Favicon-1.png","contentUrl":"https:\/\/www.signum.cat\/wp-content\/uploads\/2021\/02\/Logo-SIGNUM-Favicon-1.png","width":80,"height":73,"caption":"SIGNUM"},"image":{"@id":"https:\/\/www.signum.cat\/#\/schema\/logo\/image\/"}},{"@type":"Person","@id":"https:\/\/www.signum.cat\/#\/schema\/person\/c2e78202a3b382edd9e2930aac0b4def","name":"Signum"}]}},"_links":{"self":[{"href":"https:\/\/www.signum.cat\/ca\/wp-json\/wp\/v2\/posts\/2939"}],"collection":[{"href":"https:\/\/www.signum.cat\/ca\/wp-json\/wp\/v2\/posts"}],"about":[{"href":"https:\/\/www.signum.cat\/ca\/wp-json\/wp\/v2\/types\/post"}],"author":[{"embeddable":true,"href":"https:\/\/www.signum.cat\/ca\/wp-json\/wp\/v2\/users\/2"}],"replies":[{"embeddable":true,"href":"https:\/\/www.signum.cat\/ca\/wp-json\/wp\/v2\/comments?post=2939"}],"version-history":[{"count":11,"href":"https:\/\/www.signum.cat\/ca\/wp-json\/wp\/v2\/posts\/2939\/revisions"}],"predecessor-version":[{"id":2999,"href":"https:\/\/www.signum.cat\/ca\/wp-json\/wp\/v2\/posts\/2939\/revisions\/2999"}],"wp:featuredmedia":[{"embeddable":true,"href":"https:\/\/www.signum.cat\/ca\/wp-json\/wp\/v2\/media\/2909"}],"wp:attachment":[{"href":"https:\/\/www.signum.cat\/ca\/wp-json\/wp\/v2\/media?parent=2939"}],"wp:term":[{"taxonomy":"category","embeddable":true,"href":"https:\/\/www.signum.cat\/ca\/wp-json\/wp\/v2\/categories?post=2939"},{"taxonomy":"post_tag","embeddable":true,"href":"https:\/\/www.signum.cat\/ca\/wp-json\/wp\/v2\/tags?post=2939"}],"curies":[{"name":"wp","href":"https:\/\/api.w.org\/{rel}","templated":true}]}}