{"id":3343,"date":"2022-11-22T16:00:44","date_gmt":"2022-11-22T15:00:44","guid":{"rendered":"https:\/\/www.signum.cat\/quins-son-els-5-electrodomestics-que-mes-consumeixen-energia\/"},"modified":"2022-11-22T16:06:59","modified_gmt":"2022-11-22T15:06:59","slug":"quins-son-els-5-electrodomestics-que-mes-consumeixen-energia","status":"publish","type":"post","link":"https:\/\/www.signum.cat\/ca\/quins-son-els-5-electrodomestics-que-mes-consumeixen-energia\/","title":{"rendered":"Quins s\u00f3n els 5 electrodom\u00e8stics que m\u00e9s consumeixen energia"},"content":{"rendered":"\n<div id=\"ez-toc-container\" class=\"ez-toc-v2_0_61 counter-hierarchy ez-toc-counter ez-toc-grey ez-toc-container-direction\">\n<p class=\"ez-toc-title\"><\/p>\n<label for=\"ez-toc-cssicon-toggle-item-69f1d9b20b63f\" class=\"ez-toc-cssicon-toggle-label\"><span class=\"\"><span class=\"eztoc-hide\" style=\"display:none;\">Toggle<\/span><span class=\"ez-toc-icon-toggle-span\"><svg style=\"fill: #999;color:#999\" xmlns=\"http:\/\/www.w3.org\/2000\/svg\" class=\"list-377408\" width=\"20px\" height=\"20px\" viewBox=\"0 0 24 24\" fill=\"none\"><path d=\"M6 6H4v2h2V6zm14 0H8v2h12V6zM4 11h2v2H4v-2zm16 0H8v2h12v-2zM4 16h2v2H4v-2zm16 0H8v2h12v-2z\" fill=\"currentColor\"><\/path><\/svg><svg style=\"fill: #999;color:#999\" class=\"arrow-unsorted-368013\" xmlns=\"http:\/\/www.w3.org\/2000\/svg\" width=\"10px\" height=\"10px\" viewBox=\"0 0 24 24\" version=\"1.2\" baseProfile=\"tiny\"><path d=\"M18.2 9.3l-6.2-6.3-6.2 6.3c-.2.2-.3.4-.3.7s.1.5.3.7c.2.2.4.3.7.3h11c.3 0 .5-.1.7-.3.2-.2.3-.5.3-.7s-.1-.5-.3-.7zM5.8 14.7l6.2 6.3 6.2-6.3c.2-.2.3-.5.3-.7s-.1-.5-.3-.7c-.2-.2-.4-.3-.7-.3h-11c-.3 0-.5.1-.7.3-.2.2-.3.5-.3.7s.1.5.3.7z\"\/><\/svg><\/span><\/span><\/label><input type=\"checkbox\"  id=\"ez-toc-cssicon-toggle-item-69f1d9b20b63f\"  aria-label=\"Toggle\" \/><nav><ul class='ez-toc-list ez-toc-list-level-1 ' ><li class='ez-toc-page-1 ez-toc-heading-level-2'><a class=\"ez-toc-link ez-toc-heading-1\" href=\"https:\/\/www.signum.cat\/ca\/quins-son-els-5-electrodomestics-que-mes-consumeixen-energia\/#Introduccio_La_importancia_de_controlar_el_consum_denergia_i_electricitat\" title=\"Introducci\u00f3: La import\u00e0ncia de controlar el consum d&#8217;energia i electricitat\">Introducci\u00f3: La import\u00e0ncia de controlar el consum d&#8217;energia i electricitat<\/a><\/li><li class='ez-toc-page-1 ez-toc-heading-level-2'><a class=\"ez-toc-link ez-toc-heading-2\" href=\"https:\/\/www.signum.cat\/ca\/quins-son-els-5-electrodomestics-que-mes-consumeixen-energia\/#La_importancia_destalviar_energia_en_la_llar_i_en_loficina\" title=\"La import\u00e0ncia d&#8217;estalviar energia en la llar i en l&#8217;oficina\n\">La import\u00e0ncia d&#8217;estalviar energia en la llar i en l&#8217;oficina\n<\/a><\/li><li class='ez-toc-page-1 ez-toc-heading-level-2'><a class=\"ez-toc-link ez-toc-heading-3\" href=\"https:\/\/www.signum.cat\/ca\/quins-son-els-5-electrodomestics-que-mes-consumeixen-energia\/#Los_electrodomesticos_que_mas_consumen_energia\" title=\"Los electrodom\u00e9sticos que m\u00e1s consumen energ\u00eda\">Los electrodom\u00e9sticos que m\u00e1s consumen energ\u00eda<\/a><ul class='ez-toc-list-level-3' ><li class='ez-toc-heading-level-3'><a class=\"ez-toc-link ez-toc-heading-4\" href=\"https:\/\/www.signum.cat\/ca\/quins-son-els-5-electrodomestics-que-mes-consumeixen-energia\/#El_frigorific\" title=\"El frigor\u00edfic\">El frigor\u00edfic<\/a><\/li><li class='ez-toc-page-1 ez-toc-heading-level-3'><a class=\"ez-toc-link ez-toc-heading-5\" href=\"https:\/\/www.signum.cat\/ca\/quins-son-els-5-electrodomestics-que-mes-consumeixen-energia\/#Si_la_rentadora_es_un_dels_electrodomestics_que_mes_consumeixen_energia\" title=\"S\u00ed: la rentadora \u00e9s un dels electrodom\u00e8stics que m\u00e9s consumeixen energia\n\">S\u00ed: la rentadora \u00e9s un dels electrodom\u00e8stics que m\u00e9s consumeixen energia\n<\/a><\/li><li class='ez-toc-page-1 ez-toc-heading-level-3'><a class=\"ez-toc-link ez-toc-heading-6\" href=\"https:\/\/www.signum.cat\/ca\/quins-son-els-5-electrodomestics-que-mes-consumeixen-energia\/#El_televisor_Tambe_es_un_dells\" title=\"El televisor? Tamb\u00e9 \u00e9s un d&#8217;ells\">El televisor? Tamb\u00e9 \u00e9s un d&#8217;ells<\/a><\/li><li class='ez-toc-page-1 ez-toc-heading-level-3'><a class=\"ez-toc-link ez-toc-heading-7\" href=\"https:\/\/www.signum.cat\/ca\/quins-son-els-5-electrodomestics-que-mes-consumeixen-energia\/#El_forn\" title=\"El forn\">El forn<\/a><\/li><li class='ez-toc-page-1 ez-toc-heading-level-3'><a class=\"ez-toc-link ez-toc-heading-8\" href=\"https:\/\/www.signum.cat\/ca\/quins-son-els-5-electrodomestics-que-mes-consumeixen-energia\/#La_vitroceramica_otro_de_los_electrodomesticos_que_mas_consumen_energia\" title=\"La vitrocer\u00e1mica: otro de los electrodom\u00e9sticos que m\u00e1s consumen energ\u00eda\">La vitrocer\u00e1mica: otro de los electrodom\u00e9sticos que m\u00e1s consumen energ\u00eda<\/a><\/li><\/ul><\/li><li class='ez-toc-page-1 ez-toc-heading-level-2'><a class=\"ez-toc-link ez-toc-heading-9\" href=\"https:\/\/www.signum.cat\/ca\/quins-son-els-5-electrodomestics-que-mes-consumeixen-energia\/#Que_es_el_consum_fantasma_delectricitat\" title=\"Qu\u00e8 \u00e9s el consum fantasma d&#8217;electricitat?\">Qu\u00e8 \u00e9s el consum fantasma d&#8217;electricitat?<\/a><\/li><li class='ez-toc-page-1 ez-toc-heading-level-2'><a class=\"ez-toc-link ez-toc-heading-10\" href=\"https:\/\/www.signum.cat\/ca\/quins-son-els-5-electrodomestics-que-mes-consumeixen-energia\/#Per_que_es_important_estalviar_energia_amb_una_casa_mes_eficient\" title=\"Per qu\u00e8 \u00e9s important estalviar energia amb una casa m\u00e9s eficient\">Per qu\u00e8 \u00e9s important estalviar energia amb una casa m\u00e9s eficient<\/a><\/li><\/ul><\/nav><\/div>\n<h2 class=\"wp-block-heading\"><span class=\"ez-toc-section\" id=\"Introduccio_La_importancia_de_controlar_el_consum_denergia_i_electricitat\"><\/span>Introducci\u00f3: La import\u00e0ncia de controlar el consum d&#8217;energia i electricitat<span class=\"ez-toc-section-end\"><\/span><\/h2>\n\n\n\n<p>Saber quins electrodom\u00e8stics que m\u00e9s consumeixen energia no sols \u00e9s important a nivell econ\u00f2mic, tamb\u00e9 ho \u00e9s a nivell clim\u00e0tic. <\/p>\n\n\n\n<p>Les tecnologies d&#8217;efici\u00e8ncia <a href=\"https:\/\/www.signum.cat\/ca\/energia-solar-a-casa\/\"> energ\u00e8tica<\/a> poden reduir la petjada de carboni d&#8217;una empresa o llar fins a un 50%. Aix\u00ed mateix, la nostra factura tamb\u00e9 es veur\u00e0 rebaixada si adoptem, en el nostre negoci o llar, mesures d&#8217;estalvi energ\u00e8tic.<\/p>\n\n\n\n<h2 class=\"wp-block-heading\"><span class=\"ez-toc-section\" id=\"La_importancia_destalviar_energia_en_la_llar_i_en_loficina\"><\/span><strong>La import\u00e0ncia d&#8217;estalviar energia en la llar i en l&#8217;oficina<\/strong>\n<span class=\"ez-toc-section-end\"><\/span><\/h2>\n\n\n\n<p>El canvi clim\u00e0tic \u00e9s aqu\u00ed. Prova d&#8217;aix\u00f2 s\u00f3n els fen\u00f2mens meteorol\u00f2gics extrems que cada vegada es donen amb m\u00e9s freq\u00fc\u00e8ncia. <\/p>\n\n\n\n<p>A les cat\u00e0strofes naturals a les quals ens enfrontem cal afegir el nombre de v\u00edctimes que provoquen, aix\u00ed com la fam a la qual fan front diferents pa\u00efsos a causa de l&#8217;extrema sequera. <\/p>\n\n\n\n<p>La salut dels habitants del m\u00f3n occidental tamb\u00e9 es veu afectada pel canvi clim\u00e0tic. Els casos d&#8217;al\u00b7l\u00e8rgies augmenten, aix\u00ed com els morts per cops de calor o altres patologies associades a temperatures extremes.<\/p>\n\n\n\n<blockquote class=\"wp-block-quote\">\n<p>\u00c9s necessari que els nostres h\u00e0bits canvi\u00efn i que utilitzem totes les eines que estiguin al nostre abast per a afavorir l&#8217;estalvi <a href=\"https:\/\/www.signum.cat\/ca\/energia-solar-a-casa\/\"> energ\u00e8tic<\/a>. La nostra salut i la del nostre planeta depenen d&#8217;aix\u00f2.<\/p>\n<\/blockquote>\n\n\n\n<h2 class=\"wp-block-heading\"><span class=\"ez-toc-section\" id=\"Los_electrodomesticos_que_mas_consumen_energia\"><\/span><strong>Los electrodom\u00e9sticos que m\u00e1s consumen energ\u00eda<\/strong><span class=\"ez-toc-section-end\"><\/span><\/h2>\n\n\n\n<p>Por todo eso es importante saber cu\u00e1les son los electrodom\u00e9sticos que m\u00e1s consumen energ\u00eda para tener un control de los gastos e informarse tambi\u00e9n de qu\u00e9 alternativas eficientes tenemos en el mercado:<\/p>\n\n\n\n<h3 class=\"wp-block-heading\"><span class=\"ez-toc-section\" id=\"El_frigorific\"><\/span><strong>El frigor\u00edfic<\/strong><span class=\"ez-toc-section-end\"><\/span><\/h3>\n\n\n\n<figure class=\"wp-block-image size-full\"><img loading=\"lazy\" decoding=\"async\" width=\"980\" height=\"560\" src=\"https:\/\/www.signum.cat\/wp-content\/uploads\/2022\/11\/electrodomesticos-que-mas-consumen-energia-2.jpg\" alt=\"electrodom\u00e9sticos que m\u00e1s consumen energ\u00eda\" class=\"wp-image-3326\" srcset=\"https:\/\/www.signum.cat\/wp-content\/uploads\/2022\/11\/electrodomesticos-que-mas-consumen-energia-2.jpg 980w, https:\/\/www.signum.cat\/wp-content\/uploads\/2022\/11\/electrodomesticos-que-mas-consumen-energia-2-300x171.jpg 300w, https:\/\/www.signum.cat\/wp-content\/uploads\/2022\/11\/electrodomesticos-que-mas-consumen-energia-2-768x439.jpg 768w\" sizes=\"(max-width: 980px) 100vw, 980px\" \/><\/figure>\n\n\n\n<p>El frigor\u00edfic \u00e9s un dels electrodom\u00e8stics m\u00e9s utilitzat en la llar. Tamb\u00e9 pot consumir una gran quantitat d&#8217;electricitat. Les estad\u00edstiques mostren que, en mitjana, un refrigerador consumeix 2700 quilowatts-hora (kWh) per any, la qual cosa equival a uns 24 kWh per dia.\n<\/p>\n\n\n\n<p>Una llar amb refrigerador i escalfador d&#8217;aigua el\u00e8ctric pot consumir un 25% m\u00e9s d&#8217;electricitat que un sense ells.<\/p>\n\n\n\n<figure class=\"wp-block-embed is-type-wp-embed is-provider-signum wp-block-embed-signum\"><div class=\"wp-block-embed__wrapper\">\n<blockquote class=\"wp-embedded-content\" data-secret=\"3o4zaPZFhf\"><a href=\"https:\/\/www.signum.cat\/automatizacion-del-hogar-vale-la-pena\/\">Automatizaci\u00f3n del Hogar, \u00bfvale la pena?<\/a><\/blockquote><iframe class=\"wp-embedded-content\" sandbox=\"allow-scripts\" security=\"restricted\" style=\"position: absolute; clip: rect(1px, 1px, 1px, 1px);\" title=\"\u00abAutomatizaci\u00f3n del Hogar, \u00bfvale la pena?\u00bb \u2014 SIGNUM\" src=\"https:\/\/www.signum.cat\/automatizacion-del-hogar-vale-la-pena\/embed\/#?secret=yWtCsadN4A#?secret=3o4zaPZFhf\" data-secret=\"3o4zaPZFhf\" width=\"600\" height=\"338\" frameborder=\"0\" marginwidth=\"0\" marginheight=\"0\" scrolling=\"no\"><\/iframe>\n<\/div><\/figure>\n\n\n\n<h3 class=\"wp-block-heading\"><span class=\"ez-toc-section\" id=\"Si_la_rentadora_es_un_dels_electrodomestics_que_mes_consumeixen_energia\"><\/span>S\u00ed: l<strong>a rentadora<\/strong> \u00e9s un dels electrodom\u00e8stics que m\u00e9s consumeixen energia\n<span class=\"ez-toc-section-end\"><\/span><\/h3>\n\n\n\n<p>La rentadora \u00e9s un altre electrodom\u00e8stic que consumeix molta electricitat. Pot consumir  m\u00e9s de 6.000 kWh d&#8217;electricitat a l&#8217;any. <\/p>\n\n\n\n<h3 class=\"wp-block-heading\"><span class=\"ez-toc-section\" id=\"El_televisor_Tambe_es_un_dells\"><\/span><strong>El televisor<\/strong>? Tamb\u00e9 \u00e9s un d&#8217;ells<span class=\"ez-toc-section-end\"><\/span><\/h3>\n\n\n\n<p>El televisor \u00e9s un electrodom\u00e8stic que forma part integral de la majoria de les llars. \u00c9s la principal forma d&#8217;entreteniment d&#8217;una fam\u00edlia i, sovint, el dispositiu que m\u00e9s energia consumeix en la llar. Resulta que el televisor mitj\u00e0 consumeix m\u00e9s de 1000 quilowatts hora d&#8217;electricitat a l&#8217;any.<\/p>\n\n\n\n<figure class=\"wp-block-embed is-type-video is-provider-youtube wp-block-embed-youtube wp-embed-aspect-16-9 wp-has-aspect-ratio\"><div class=\"wp-block-embed__wrapper\">\n<iframe loading=\"lazy\" title=\"\u00bfCu\u00e1les son los electrodom\u00e9sticos que m\u00e1s gastan?\" width=\"720\" height=\"405\" src=\"https:\/\/www.youtube.com\/embed\/iUaIwifhDC4?feature=oembed\" frameborder=\"0\" allow=\"accelerometer; autoplay; clipboard-write; encrypted-media; gyroscope; picture-in-picture\" allowfullscreen><\/iframe>\n<\/div><\/figure>\n\n\n\n<p>Considera el fet que els <a href=\"https:\/\/www.signum.cat\/ca\/avantatges-de-la-il%c2%b7luminacio-led-a-casa\/\">televisors LED consumin almenys un 25% menys d&#8217;energia<\/a> que els LCD i fins a un 40% menys que els de plasma.<\/p>\n\n\n\n<h3 class=\"wp-block-heading\"><span class=\"ez-toc-section\" id=\"El_forn\"><\/span><strong>El forn<\/strong><span class=\"ez-toc-section-end\"><\/span><\/h3>\n\n\n\n<figure class=\"wp-block-image size-full\"><img loading=\"lazy\" decoding=\"async\" width=\"980\" height=\"560\" src=\"https:\/\/www.signum.cat\/wp-content\/uploads\/2022\/11\/electrodomesticos-que-mas-consumen-energia-4.jpg\" alt=\"electrodom\u00e9sticos que m\u00e1s consumen energ\u00eda\" class=\"wp-image-3328\" srcset=\"https:\/\/www.signum.cat\/wp-content\/uploads\/2022\/11\/electrodomesticos-que-mas-consumen-energia-4.jpg 980w, https:\/\/www.signum.cat\/wp-content\/uploads\/2022\/11\/electrodomesticos-que-mas-consumen-energia-4-300x171.jpg 300w, https:\/\/www.signum.cat\/wp-content\/uploads\/2022\/11\/electrodomesticos-que-mas-consumen-energia-4-768x439.jpg 768w\" sizes=\"(max-width: 980px) 100vw, 980px\" \/><\/figure>\n\n\n\n<p>El horno uno de los electrodom\u00e9sticos que m\u00e1s consumen energ\u00eda, seguido de cerca por la secadora. De hecho, las cocinas el\u00e9ctricas consumen m\u00e1s energ\u00eda que cualquier otro electrodom\u00e9stico. \ud83d\ude33<\/p>\n\n\n\n<h3 class=\"wp-block-heading\"><span class=\"ez-toc-section\" id=\"La_vitroceramica_otro_de_los_electrodomesticos_que_mas_consumen_energia\"><\/span>La vitrocer\u00e1mica: otro de los electrodom\u00e9sticos que m\u00e1s consumen energ\u00eda<span class=\"ez-toc-section-end\"><\/span><\/h3>\n\n\n\n<figure class=\"wp-block-image size-full\"><img loading=\"lazy\" decoding=\"async\" width=\"980\" height=\"560\" src=\"https:\/\/www.signum.cat\/wp-content\/uploads\/2022\/11\/electrodomesticos-que-mas-consumen-energia-3.jpg\" alt=\"electrodom\u00e9sticos que m\u00e1s consumen energ\u00eda\" class=\"wp-image-3322\" srcset=\"https:\/\/www.signum.cat\/wp-content\/uploads\/2022\/11\/electrodomesticos-que-mas-consumen-energia-3.jpg 980w, https:\/\/www.signum.cat\/wp-content\/uploads\/2022\/11\/electrodomesticos-que-mas-consumen-energia-3-300x171.jpg 300w, https:\/\/www.signum.cat\/wp-content\/uploads\/2022\/11\/electrodomesticos-que-mas-consumen-energia-3-768x439.jpg 768w\" sizes=\"(max-width: 980px) 100vw, 980px\" \/><\/figure>\n\n\n\n<p>La vitrocer\u00e0mica \u00e9s l&#8217;electrodom\u00e8stic m\u00e9s car de la casa ja que consumeix molta energia. De fet, podria consumir tanta electricitat com un forn de microones i una cuina el\u00e8ctrica junts.<\/p>\n\n\n\n<h2 class=\"wp-block-heading\"><span class=\"ez-toc-section\" id=\"Que_es_el_consum_fantasma_delectricitat\"><\/span><strong>Qu\u00e8 \u00e9s el consum fantasma d&#8217;electricitat?<\/strong><span class=\"ez-toc-section-end\"><\/span><\/h2>\n\n\n\n<p>El consum d&#8217;electricitat fantasma \u00e9s la quantitat d&#8217;energia que consumeixen els dispositius electr\u00f2nics quan estan apagats. Aquests dispositius continuaran consumint energia encara que no estiguin funcionant plenament.<\/p>\n\n\n\n<p>CSIRO (l&#8217;ag\u00e8ncia Nacional d&#8217;energia d&#8217;Austr\u00e0lia) va realitzar un estudi i va trobar que el consum d&#8217;electricitat fantasma pot arribar al 10% de l&#8217;\u00fas total d&#8217;electricitat d&#8217;una llar.<\/p>\n\n\n\n<figure class=\"wp-block-embed is-type-wp-embed is-provider-signum wp-block-embed-signum\"><div class=\"wp-block-embed__wrapper\">\n<blockquote class=\"wp-embedded-content\" data-secret=\"Ce5gMOVlc6\"><a href=\"https:\/\/www.signum.cat\/instalacion-de-domotica-en-vivienda\/\">Instalaci\u00f3n de dom\u00f3tica en vivienda<\/a><\/blockquote><iframe class=\"wp-embedded-content\" sandbox=\"allow-scripts\" security=\"restricted\" style=\"position: absolute; clip: rect(1px, 1px, 1px, 1px);\" title=\"\u00abInstalaci\u00f3n de dom\u00f3tica en vivienda\u00bb \u2014 SIGNUM\" src=\"https:\/\/www.signum.cat\/instalacion-de-domotica-en-vivienda\/embed\/#?secret=s4AaRlK39N#?secret=Ce5gMOVlc6\" data-secret=\"Ce5gMOVlc6\" width=\"600\" height=\"338\" frameborder=\"0\" marginwidth=\"0\" marginheight=\"0\" scrolling=\"no\"><\/iframe>\n<\/div><\/figure>\n\n\n\n<p>S&#8217;espera que aquest n\u00famero augmenti a mesura que m\u00e9s i m\u00e9s dispositius estiguin connectats a l&#8217;anomenada Internet de les coses, la qual cosa els far\u00e0 m\u00e9s susceptibles a l&#8217;\u00fas d&#8217;energia fantasma.<\/p>\n\n\n<p><a href=\"https:\/\/www.statista.com\/statistics\/1230674\/electricity-demand-in-spain\/\" rel=\"nofollow\"><img decoding=\"async\" src=\"https:\/\/www.statista.com\/graphic\/1\/1230674\/electricity-demand-in-spain.jpg\" alt=\"Statistic: Electricity demand in Spain from 2011 to 2021 (in terawatt hours) | Statista\" style=\"width: 100%; height: auto !important; max-width:1000px;-ms-interpolation-mode: bicubic;\"><\/a><br \/>Find more statistics at <a href=\"https:\/\/www.statista.com\" rel=\"nofollow\">Statista<\/a><\/p>\n\n\n\n<p><em>En 2021, el consum d&#8217;electricitat a Espanya va aconseguir els 256,4 teravatios hora, uns 6,3 teravatios hora m\u00e9s que l&#8217;any anterior. Font Luc\u00eda Fern\u00e1ndez, 24 de febrer de 2022 \/<\/em><a href=\"http:\/\/statista.com\"><em>Statista.com<\/em><\/a><\/p>\n\n\n\n<h2 class=\"wp-block-heading\"><span class=\"ez-toc-section\" id=\"Per_que_es_important_estalviar_energia_amb_una_casa_mes_eficient\"><\/span><strong>Per qu\u00e8 \u00e9s important estalviar energia amb una casa m\u00e9s eficient<\/strong><span class=\"ez-toc-section-end\"><\/span><\/h2>\n\n\n\n<p>L&#8217;efici\u00e8ncia energ\u00e8tica \u00e9s una de les principals preocupacions de moltes persones. \u00c9s important estalviar energia a causa de la gran quantitat que utilitzem i l&#8217;impacte que t\u00e9 en el nostre planeta. Necessitem ser m\u00e9s conscients de quanta energia consumim i quanta malgastem.<\/p>\n\n\n\n<p>Algunes cases s\u00f3n m\u00e9s eficients que altres a causa dels seus sistemes d&#8217;a\u00efllament, calefacci\u00f3 i refrigeraci\u00f3. Una casa que sigui eficient tindr\u00e0 factures de serveis p\u00fablics m\u00e9s baixes i ajudar\u00e0 a estalviar diners a llarg termini.<\/p>\n","protected":false},"excerpt":{"rendered":"<p>Introducci\u00f3: La import\u00e0ncia de controlar el consum d&#8217;energia i electricitat Saber quins electrodom\u00e8stics que m\u00e9s consumeixen energia no sols \u00e9s important a nivell econ\u00f2mic, tamb\u00e9 ho \u00e9s a nivell clim\u00e0tic. Les tecnologies d&#8217;efici\u00e8ncia energ\u00e8tica poden reduir la petjada de carboni&#8230;<\/p>\n","protected":false},"author":2,"featured_media":3537,"comment_status":"closed","ping_status":"closed","sticky":false,"template":"","format":"standard","meta":{"_kad_post_transparent":"","_kad_post_title":"","_kad_post_layout":"","_kad_post_sidebar_id":"","_kad_post_content_style":"","_kad_post_vertical_padding":"","_kad_post_feature":"","_kad_post_feature_position":"","_kad_post_header":false,"_kad_post_footer":false,"footnotes":"","_joinchat":[]},"categories":[32,43],"tags":[],"yoast_head":"<!-- This site is optimized with the Yoast SEO plugin v21.7 - https:\/\/yoast.com\/wordpress\/plugins\/seo\/ -->\n<title>Els electrodom\u00e8stics que m\u00e9s consumeixen energia<\/title>\n<meta name=\"description\" content=\"Saber quins electrodom\u00e8stics que m\u00e9s consumeixen energia no sols \u00e9s important a nivell econ\u00f2mic, tamb\u00e9 ho \u00e9s a nivell clim\u00e0tic.\" \/>\n<meta name=\"robots\" content=\"index, follow, max-snippet:-1, max-image-preview:large, max-video-preview:-1\" \/>\n<link rel=\"canonical\" href=\"https:\/\/www.signum.cat\/ca\/quins-son-els-5-electrodomestics-que-mes-consumeixen-energia\/\" \/>\n<meta property=\"og:locale\" content=\"ca_ES\" \/>\n<meta property=\"og:type\" content=\"article\" \/>\n<meta property=\"og:title\" content=\"Els electrodom\u00e8stics que m\u00e9s consumeixen energia\" \/>\n<meta property=\"og:description\" content=\"Saber quins electrodom\u00e8stics que m\u00e9s consumeixen energia no sols \u00e9s important a nivell econ\u00f2mic, tamb\u00e9 ho \u00e9s a nivell clim\u00e0tic.\" \/>\n<meta property=\"og:url\" content=\"https:\/\/www.signum.cat\/ca\/quins-son-els-5-electrodomestics-que-mes-consumeixen-energia\/\" \/>\n<meta property=\"og:site_name\" content=\"SIGNUM\" \/>\n<meta property=\"article:published_time\" content=\"2022-11-22T15:00:44+00:00\" \/>\n<meta property=\"article:modified_time\" content=\"2022-11-22T15:06:59+00:00\" \/>\n<meta property=\"og:image\" content=\"https:\/\/www.signum.cat\/wp-content\/uploads\/2022\/11\/Electrodomesticos-que-mas-consumen-energia-1.jpg\" \/>\n\t<meta property=\"og:image:width\" content=\"980\" \/>\n\t<meta property=\"og:image:height\" content=\"560\" \/>\n\t<meta property=\"og:image:type\" content=\"image\/jpeg\" \/>\n<meta name=\"author\" content=\"Signum\" \/>\n<meta name=\"twitter:card\" content=\"summary_large_image\" \/>\n<meta name=\"twitter:label1\" content=\"Written by\" \/>\n\t<meta name=\"twitter:data1\" content=\"Signum\" \/>\n\t<meta name=\"twitter:label2\" content=\"Est. reading time\" \/>\n\t<meta name=\"twitter:data2\" content=\"4 minutes\" \/>\n<script type=\"application\/ld+json\" class=\"yoast-schema-graph\">{\"@context\":\"https:\/\/schema.org\",\"@graph\":[{\"@type\":\"Article\",\"@id\":\"https:\/\/www.signum.cat\/ca\/quins-son-els-5-electrodomestics-que-mes-consumeixen-energia\/#article\",\"isPartOf\":{\"@id\":\"https:\/\/www.signum.cat\/ca\/quins-son-els-5-electrodomestics-que-mes-consumeixen-energia\/\"},\"author\":{\"name\":\"Signum\",\"@id\":\"https:\/\/www.signum.cat\/#\/schema\/person\/c2e78202a3b382edd9e2930aac0b4def\"},\"headline\":\"Quins s\u00f3n els 5 electrodom\u00e8stics que m\u00e9s consumeixen energia\",\"datePublished\":\"2022-11-22T15:00:44+00:00\",\"dateModified\":\"2022-11-22T15:06:59+00:00\",\"mainEntityOfPage\":{\"@id\":\"https:\/\/www.signum.cat\/ca\/quins-son-els-5-electrodomestics-que-mes-consumeixen-energia\/\"},\"wordCount\":790,\"publisher\":{\"@id\":\"https:\/\/www.signum.cat\/#organization\"},\"articleSection\":[\"L'Efici\u00e8ncia Energ\u00e8tica\",\"Smart Home\"],\"inLanguage\":\"ca-ES\"},{\"@type\":\"WebPage\",\"@id\":\"https:\/\/www.signum.cat\/ca\/quins-son-els-5-electrodomestics-que-mes-consumeixen-energia\/\",\"url\":\"https:\/\/www.signum.cat\/ca\/quins-son-els-5-electrodomestics-que-mes-consumeixen-energia\/\",\"name\":\"Els electrodom\u00e8stics que m\u00e9s consumeixen energia\",\"isPartOf\":{\"@id\":\"https:\/\/www.signum.cat\/#website\"},\"datePublished\":\"2022-11-22T15:00:44+00:00\",\"dateModified\":\"2022-11-22T15:06:59+00:00\",\"description\":\"Saber quins electrodom\u00e8stics que m\u00e9s consumeixen energia no sols \u00e9s important a nivell econ\u00f2mic, tamb\u00e9 ho \u00e9s a nivell clim\u00e0tic.\",\"breadcrumb\":{\"@id\":\"https:\/\/www.signum.cat\/ca\/quins-son-els-5-electrodomestics-que-mes-consumeixen-energia\/#breadcrumb\"},\"inLanguage\":\"ca-ES\",\"potentialAction\":[{\"@type\":\"ReadAction\",\"target\":[\"https:\/\/www.signum.cat\/ca\/quins-son-els-5-electrodomestics-que-mes-consumeixen-energia\/\"]}]},{\"@type\":\"BreadcrumbList\",\"@id\":\"https:\/\/www.signum.cat\/ca\/quins-son-els-5-electrodomestics-que-mes-consumeixen-energia\/#breadcrumb\",\"itemListElement\":[{\"@type\":\"ListItem\",\"position\":1,\"name\":\"Portada\",\"item\":\"https:\/\/www.signum.cat\/ca\/\"},{\"@type\":\"ListItem\",\"position\":2,\"name\":\"Quins s\u00f3n els 5 electrodom\u00e8stics que m\u00e9s consumeixen energia\"}]},{\"@type\":\"WebSite\",\"@id\":\"https:\/\/www.signum.cat\/#website\",\"url\":\"https:\/\/www.signum.cat\/\",\"name\":\"SIGNUM\",\"description\":\"Electricidad, dom\u00f3tica e inm\u00f3tica\",\"publisher\":{\"@id\":\"https:\/\/www.signum.cat\/#organization\"},\"potentialAction\":[{\"@type\":\"SearchAction\",\"target\":{\"@type\":\"EntryPoint\",\"urlTemplate\":\"https:\/\/www.signum.cat\/?s={search_term_string}\"},\"query-input\":\"required name=search_term_string\"}],\"inLanguage\":\"ca-ES\"},{\"@type\":\"Organization\",\"@id\":\"https:\/\/www.signum.cat\/#organization\",\"name\":\"SIGNUM\",\"url\":\"https:\/\/www.signum.cat\/\",\"logo\":{\"@type\":\"ImageObject\",\"inLanguage\":\"ca-ES\",\"@id\":\"https:\/\/www.signum.cat\/#\/schema\/logo\/image\/\",\"url\":\"https:\/\/www.signum.cat\/wp-content\/uploads\/2021\/02\/Logo-SIGNUM-Favicon-1.png\",\"contentUrl\":\"https:\/\/www.signum.cat\/wp-content\/uploads\/2021\/02\/Logo-SIGNUM-Favicon-1.png\",\"width\":80,\"height\":73,\"caption\":\"SIGNUM\"},\"image\":{\"@id\":\"https:\/\/www.signum.cat\/#\/schema\/logo\/image\/\"}},{\"@type\":\"Person\",\"@id\":\"https:\/\/www.signum.cat\/#\/schema\/person\/c2e78202a3b382edd9e2930aac0b4def\",\"name\":\"Signum\"}]}<\/script>\n<!-- \/ Yoast SEO plugin. -->","yoast_head_json":{"title":"Els electrodom\u00e8stics que m\u00e9s consumeixen energia","description":"Saber quins electrodom\u00e8stics que m\u00e9s consumeixen energia no sols \u00e9s important a nivell econ\u00f2mic, tamb\u00e9 ho \u00e9s a nivell clim\u00e0tic.","robots":{"index":"index","follow":"follow","max-snippet":"max-snippet:-1","max-image-preview":"max-image-preview:large","max-video-preview":"max-video-preview:-1"},"canonical":"https:\/\/www.signum.cat\/ca\/quins-son-els-5-electrodomestics-que-mes-consumeixen-energia\/","og_locale":"ca_ES","og_type":"article","og_title":"Els electrodom\u00e8stics que m\u00e9s consumeixen energia","og_description":"Saber quins electrodom\u00e8stics que m\u00e9s consumeixen energia no sols \u00e9s important a nivell econ\u00f2mic, tamb\u00e9 ho \u00e9s a nivell clim\u00e0tic.","og_url":"https:\/\/www.signum.cat\/ca\/quins-son-els-5-electrodomestics-que-mes-consumeixen-energia\/","og_site_name":"SIGNUM","article_published_time":"2022-11-22T15:00:44+00:00","article_modified_time":"2022-11-22T15:06:59+00:00","og_image":[{"width":980,"height":560,"url":"https:\/\/www.signum.cat\/wp-content\/uploads\/2022\/11\/Electrodomesticos-que-mas-consumen-energia-1.jpg","type":"image\/jpeg"}],"author":"Signum","twitter_card":"summary_large_image","twitter_misc":{"Written by":"Signum","Est. reading time":"4 minutes"},"schema":{"@context":"https:\/\/schema.org","@graph":[{"@type":"Article","@id":"https:\/\/www.signum.cat\/ca\/quins-son-els-5-electrodomestics-que-mes-consumeixen-energia\/#article","isPartOf":{"@id":"https:\/\/www.signum.cat\/ca\/quins-son-els-5-electrodomestics-que-mes-consumeixen-energia\/"},"author":{"name":"Signum","@id":"https:\/\/www.signum.cat\/#\/schema\/person\/c2e78202a3b382edd9e2930aac0b4def"},"headline":"Quins s\u00f3n els 5 electrodom\u00e8stics que m\u00e9s consumeixen energia","datePublished":"2022-11-22T15:00:44+00:00","dateModified":"2022-11-22T15:06:59+00:00","mainEntityOfPage":{"@id":"https:\/\/www.signum.cat\/ca\/quins-son-els-5-electrodomestics-que-mes-consumeixen-energia\/"},"wordCount":790,"publisher":{"@id":"https:\/\/www.signum.cat\/#organization"},"articleSection":["L'Efici\u00e8ncia Energ\u00e8tica","Smart Home"],"inLanguage":"ca-ES"},{"@type":"WebPage","@id":"https:\/\/www.signum.cat\/ca\/quins-son-els-5-electrodomestics-que-mes-consumeixen-energia\/","url":"https:\/\/www.signum.cat\/ca\/quins-son-els-5-electrodomestics-que-mes-consumeixen-energia\/","name":"Els electrodom\u00e8stics que m\u00e9s consumeixen energia","isPartOf":{"@id":"https:\/\/www.signum.cat\/#website"},"datePublished":"2022-11-22T15:00:44+00:00","dateModified":"2022-11-22T15:06:59+00:00","description":"Saber quins electrodom\u00e8stics que m\u00e9s consumeixen energia no sols \u00e9s important a nivell econ\u00f2mic, tamb\u00e9 ho \u00e9s a nivell clim\u00e0tic.","breadcrumb":{"@id":"https:\/\/www.signum.cat\/ca\/quins-son-els-5-electrodomestics-que-mes-consumeixen-energia\/#breadcrumb"},"inLanguage":"ca-ES","potentialAction":[{"@type":"ReadAction","target":["https:\/\/www.signum.cat\/ca\/quins-son-els-5-electrodomestics-que-mes-consumeixen-energia\/"]}]},{"@type":"BreadcrumbList","@id":"https:\/\/www.signum.cat\/ca\/quins-son-els-5-electrodomestics-que-mes-consumeixen-energia\/#breadcrumb","itemListElement":[{"@type":"ListItem","position":1,"name":"Portada","item":"https:\/\/www.signum.cat\/ca\/"},{"@type":"ListItem","position":2,"name":"Quins s\u00f3n els 5 electrodom\u00e8stics que m\u00e9s consumeixen energia"}]},{"@type":"WebSite","@id":"https:\/\/www.signum.cat\/#website","url":"https:\/\/www.signum.cat\/","name":"SIGNUM","description":"Electricidad, dom\u00f3tica e inm\u00f3tica","publisher":{"@id":"https:\/\/www.signum.cat\/#organization"},"potentialAction":[{"@type":"SearchAction","target":{"@type":"EntryPoint","urlTemplate":"https:\/\/www.signum.cat\/?s={search_term_string}"},"query-input":"required name=search_term_string"}],"inLanguage":"ca-ES"},{"@type":"Organization","@id":"https:\/\/www.signum.cat\/#organization","name":"SIGNUM","url":"https:\/\/www.signum.cat\/","logo":{"@type":"ImageObject","inLanguage":"ca-ES","@id":"https:\/\/www.signum.cat\/#\/schema\/logo\/image\/","url":"https:\/\/www.signum.cat\/wp-content\/uploads\/2021\/02\/Logo-SIGNUM-Favicon-1.png","contentUrl":"https:\/\/www.signum.cat\/wp-content\/uploads\/2021\/02\/Logo-SIGNUM-Favicon-1.png","width":80,"height":73,"caption":"SIGNUM"},"image":{"@id":"https:\/\/www.signum.cat\/#\/schema\/logo\/image\/"}},{"@type":"Person","@id":"https:\/\/www.signum.cat\/#\/schema\/person\/c2e78202a3b382edd9e2930aac0b4def","name":"Signum"}]}},"_links":{"self":[{"href":"https:\/\/www.signum.cat\/ca\/wp-json\/wp\/v2\/posts\/3343"}],"collection":[{"href":"https:\/\/www.signum.cat\/ca\/wp-json\/wp\/v2\/posts"}],"about":[{"href":"https:\/\/www.signum.cat\/ca\/wp-json\/wp\/v2\/types\/post"}],"author":[{"embeddable":true,"href":"https:\/\/www.signum.cat\/ca\/wp-json\/wp\/v2\/users\/2"}],"replies":[{"embeddable":true,"href":"https:\/\/www.signum.cat\/ca\/wp-json\/wp\/v2\/comments?post=3343"}],"version-history":[{"count":5,"href":"https:\/\/www.signum.cat\/ca\/wp-json\/wp\/v2\/posts\/3343\/revisions"}],"predecessor-version":[{"id":3349,"href":"https:\/\/www.signum.cat\/ca\/wp-json\/wp\/v2\/posts\/3343\/revisions\/3349"}],"wp:featuredmedia":[{"embeddable":true,"href":"https:\/\/www.signum.cat\/ca\/wp-json\/wp\/v2\/media\/3537"}],"wp:attachment":[{"href":"https:\/\/www.signum.cat\/ca\/wp-json\/wp\/v2\/media?parent=3343"}],"wp:term":[{"taxonomy":"category","embeddable":true,"href":"https:\/\/www.signum.cat\/ca\/wp-json\/wp\/v2\/categories?post=3343"},{"taxonomy":"post_tag","embeddable":true,"href":"https:\/\/www.signum.cat\/ca\/wp-json\/wp\/v2\/tags?post=3343"}],"curies":[{"name":"wp","href":"https:\/\/api.w.org\/{rel}","templated":true}]}}