{"id":3459,"date":"2023-03-22T16:58:38","date_gmt":"2023-03-22T15:58:38","guid":{"rendered":"https:\/\/www.signum.cat\/termostat-de-calefaccio\/"},"modified":"2023-03-22T16:58:39","modified_gmt":"2023-03-22T15:58:39","slug":"termostat-de-calefaccio","status":"publish","type":"post","link":"https:\/\/www.signum.cat\/ca\/termostat-de-calefaccio\/","title":{"rendered":"Term\u00f2stat de Calefacci\u00f3"},"content":{"rendered":"\n<p>El control de la temperatura \u00e9s una de les tasques m\u00e9s importants per estalviar energia a la llar. Gr\u00e0cies al term\u00f2stat de calefacci\u00f3 i amb la temperatura adequada <strong>podem ajudar a reduir el consum d&#8217;energia i estalviar diners a la factura<\/strong> de calefacci\u00f3.<\/p>\n\n\n\n<p>En ajustar la temperatura segons la necessitat, es pot millorar el confort i reduir limpacte ambiental. A m\u00e9s, l&#8217;\u00fas d&#8217;un term\u00f2stat de calefacci\u00f3 intel\u00b7ligent <strong>permet programar la temperatura<\/strong> segons els horaris de pres\u00e8ncia i abs\u00e8ncia <strong>pot ajudar a estalviar fins al 15% a la factura de calefacci\u00f3. <\/strong><\/p>\n\n\n\n<p>\u00c9s important tenir en compte que el control de la temperatura \u00e9s una part important de l&#8217;estalvi d&#8217;energia a la llar.<\/p>\n\n\n\n<div id=\"ez-toc-container\" class=\"ez-toc-v2_0_61 counter-hierarchy ez-toc-counter ez-toc-grey ez-toc-container-direction\">\n<p class=\"ez-toc-title\"><\/p>\n<label for=\"ez-toc-cssicon-toggle-item-69f1e0edb3474\" class=\"ez-toc-cssicon-toggle-label\"><span class=\"\"><span class=\"eztoc-hide\" style=\"display:none;\">Toggle<\/span><span class=\"ez-toc-icon-toggle-span\"><svg style=\"fill: #999;color:#999\" xmlns=\"http:\/\/www.w3.org\/2000\/svg\" class=\"list-377408\" width=\"20px\" height=\"20px\" viewBox=\"0 0 24 24\" fill=\"none\"><path d=\"M6 6H4v2h2V6zm14 0H8v2h12V6zM4 11h2v2H4v-2zm16 0H8v2h12v-2zM4 16h2v2H4v-2zm16 0H8v2h12v-2z\" fill=\"currentColor\"><\/path><\/svg><svg style=\"fill: #999;color:#999\" class=\"arrow-unsorted-368013\" xmlns=\"http:\/\/www.w3.org\/2000\/svg\" width=\"10px\" height=\"10px\" viewBox=\"0 0 24 24\" version=\"1.2\" baseProfile=\"tiny\"><path d=\"M18.2 9.3l-6.2-6.3-6.2 6.3c-.2.2-.3.4-.3.7s.1.5.3.7c.2.2.4.3.7.3h11c.3 0 .5-.1.7-.3.2-.2.3-.5.3-.7s-.1-.5-.3-.7zM5.8 14.7l6.2 6.3 6.2-6.3c.2-.2.3-.5.3-.7s-.1-.5-.3-.7c-.2-.2-.4-.3-.7-.3h-11c-.3 0-.5.1-.7.3-.2.2-.3.5-.3.7s.1.5.3.7z\"\/><\/svg><\/span><\/span><\/label><input type=\"checkbox\"  id=\"ez-toc-cssicon-toggle-item-69f1e0edb3474\"  aria-label=\"Toggle\" \/><nav><ul class='ez-toc-list ez-toc-list-level-1 ' ><li class='ez-toc-page-1 ez-toc-heading-level-2'><a class=\"ez-toc-link ez-toc-heading-1\" href=\"https:\/\/www.signum.cat\/ca\/termostat-de-calefaccio\/#Que_es_un_termostat\" title=\"Qu\u00e8 \u00e9s un term\u00f2stat?\">Qu\u00e8 \u00e9s un term\u00f2stat?<\/a><\/li><li class='ez-toc-page-1 ez-toc-heading-level-2'><a class=\"ez-toc-link ez-toc-heading-2\" href=\"https:\/\/www.signum.cat\/ca\/termostat-de-calefaccio\/#Com_funciona_un_termostat_de_calefaccio\" title=\"Com funciona un term\u00f2stat de calefacci\u00f3?\">Com funciona un term\u00f2stat de calefacci\u00f3?<\/a><\/li><li class='ez-toc-page-1 ez-toc-heading-level-2'><a class=\"ez-toc-link ez-toc-heading-3\" href=\"https:\/\/www.signum.cat\/ca\/termostat-de-calefaccio\/#5_tipus_de_termostat_de_calefaccio_mes_comuns_en_lactualitat_son\" title=\"5 tipus de term\u00f2stat de calefacci\u00f3 m\u00e9s comuns en l&#8217;actualitat s\u00f3n:\">5 tipus de term\u00f2stat de calefacci\u00f3 m\u00e9s comuns en l&#8217;actualitat s\u00f3n:<\/a><ul class='ez-toc-list-level-3' ><li class='ez-toc-heading-level-3'><a class=\"ez-toc-link ez-toc-heading-4\" href=\"https:\/\/www.signum.cat\/ca\/termostat-de-calefaccio\/#Termostat_mecanics\" title=\"Term\u00f2stat mec\u00e0nics:\">Term\u00f2stat mec\u00e0nics:<\/a><\/li><li class='ez-toc-page-1 ez-toc-heading-level-3'><a class=\"ez-toc-link ez-toc-heading-5\" href=\"https:\/\/www.signum.cat\/ca\/termostat-de-calefaccio\/#Termostats_programables\" title=\"Term\u00f2stats programables:\">Term\u00f2stats programables:<\/a><\/li><li class='ez-toc-page-1 ez-toc-heading-level-3'><a class=\"ez-toc-link ez-toc-heading-6\" href=\"https:\/\/www.signum.cat\/ca\/termostat-de-calefaccio\/#Termostats_intel%C2%B7ligents\" title=\"Term\u00f2stats intel\u00b7ligents:\">Term\u00f2stats intel\u00b7ligents:<\/a><\/li><li class='ez-toc-page-1 ez-toc-heading-level-3'><a class=\"ez-toc-link ez-toc-heading-7\" href=\"https:\/\/www.signum.cat\/ca\/termostat-de-calefaccio\/#Termostats_de_zona\" title=\"Term\u00f2stats de zona:\">Term\u00f2stats de zona:<\/a><\/li><li class='ez-toc-page-1 ez-toc-heading-level-3'><a class=\"ez-toc-link ez-toc-heading-8\" href=\"https:\/\/www.signum.cat\/ca\/termostat-de-calefaccio\/#Termostats_amb_sensors\" title=\"Term\u00f2stats amb sensors:\">Term\u00f2stats amb sensors:<\/a><\/li><\/ul><\/li><li class='ez-toc-page-1 ez-toc-heading-level-2'><a class=\"ez-toc-link ez-toc-heading-9\" href=\"https:\/\/www.signum.cat\/ca\/termostat-de-calefaccio\/#Quant_podem_estalviar_instal%C2%B7lant_un_termostat\" title=\"Quant podem estalviar instal\u00b7lant un term\u00f2stat?\">Quant podem estalviar instal\u00b7lant un term\u00f2stat?<\/a><\/li><li class='ez-toc-page-1 ez-toc-heading-level-2'><a class=\"ez-toc-link ez-toc-heading-10\" href=\"https:\/\/www.signum.cat\/ca\/termostat-de-calefaccio\/#On_cal_posar_el_termostat_de_calefaccio\" title=\"On cal posar el term\u00f2stat de calefacci\u00f3?\">On cal posar el term\u00f2stat de calefacci\u00f3?<\/a><\/li><li class='ez-toc-page-1 ez-toc-heading-level-2'><a class=\"ez-toc-link ez-toc-heading-11\" href=\"https:\/\/www.signum.cat\/ca\/termostat-de-calefaccio\/#Com_saber_si_falla_el_termostat_de_calefaccio\" title=\"Com saber si falla el term\u00f2stat de calefacci\u00f3?\">Com saber si falla el term\u00f2stat de calefacci\u00f3?<\/a><\/li><\/ul><\/nav><\/div>\n<h2 class=\"wp-block-heading\"><span class=\"ez-toc-section\" id=\"Que_es_un_termostat\"><\/span>Qu\u00e8 \u00e9s un term\u00f2stat?<span class=\"ez-toc-section-end\"><\/span><\/h2>\n\n\n<div class=\"wp-block-image\">\n<figure class=\"aligncenter size-full\"><img loading=\"lazy\" decoding=\"async\" width=\"980\" height=\"560\" src=\"https:\/\/www.signum.cat\/wp-content\/uploads\/2023\/01\/Que-es-un-termostato-de-calefaccion.jpg\" alt=\"Qu\u00e8 \u00e9s un term\u00f2stat?\" class=\"wp-image-3418\" srcset=\"https:\/\/www.signum.cat\/wp-content\/uploads\/2023\/01\/Que-es-un-termostato-de-calefaccion.jpg 980w, https:\/\/www.signum.cat\/wp-content\/uploads\/2023\/01\/Que-es-un-termostato-de-calefaccion-300x171.jpg 300w, https:\/\/www.signum.cat\/wp-content\/uploads\/2023\/01\/Que-es-un-termostato-de-calefaccion-768x439.jpg 768w\" sizes=\"(max-width: 980px) 100vw, 980px\" \/><\/figure><\/div>\n\n\n<p>Primer de tot, hem de saber que un dispositiu que controla la temperatura d&#8217;un sistema de calefacci\u00f3, refrigeraci\u00f3 o <a href=\"https:\/\/www.signum.cat\/ca\/serveis-de-climatitzacio\/\">climatitzaci\u00f3 <\/a>.<\/p>\n\n\n\n<p>Funciona mitjan\u00e7ant el mesurament de la <strong>temperatura ambient i la comparaci\u00f3 amb la temperatura desitjada,<\/strong> i en conseq\u00fc\u00e8ncia, enc\u00e9n o apaga la calefacci\u00f3 o l&#8217;aire condicionat per mantenir la temperatura desitjada constant.<\/p>\n\n\n\n<p>Els term\u00f2stats poden ser mec\u00e0nics o electr\u00f2nics i poden ser programables o tenir funcions avan\u00e7ades, com la capacitat de controlar la temperatura de manera remota a trav\u00e9s d&#8217;una aplicaci\u00f3 al tel\u00e8fon m\u00f2bil.<\/p>\n\n\n\n<h2 class=\"wp-block-heading\"><span class=\"ez-toc-section\" id=\"Com_funciona_un_termostat_de_calefaccio\"><\/span>Com funciona un term\u00f2stat de calefacci\u00f3?<span class=\"ez-toc-section-end\"><\/span><\/h2>\n\n\n\n<p>Un term\u00f2stat s&#8217;encarrega de regular la temperatura ambiental pel que fa a la desitjada. El term\u00f2stat activa el sistema de calefacci\u00f3 quan la temperatura de l&#8217;estada \u00e9s m\u00e9s baixa i s&#8217;escalfa.<\/p>\n\n\n\n<figure class=\"wp-block-image size-full\"><img loading=\"lazy\" decoding=\"async\" width=\"980\" height=\"560\" src=\"https:\/\/www.signum.cat\/wp-content\/uploads\/2023\/01\/Instalacion-de-un-termostato-de-calefaccion.jpg\" alt=\"Instal\u00b7laci\u00f3 de terra radiant per a la calefacci\u00f3\" class=\"wp-image-3420\" srcset=\"https:\/\/www.signum.cat\/wp-content\/uploads\/2023\/01\/Instalacion-de-un-termostato-de-calefaccion.jpg 980w, https:\/\/www.signum.cat\/wp-content\/uploads\/2023\/01\/Instalacion-de-un-termostato-de-calefaccion-300x171.jpg 300w, https:\/\/www.signum.cat\/wp-content\/uploads\/2023\/01\/Instalacion-de-un-termostato-de-calefaccion-768x439.jpg 768w\" sizes=\"(max-width: 980px) 100vw, 980px\" \/><\/figure>\n\n\n\n<p>Si la temperatura ambient \u00e9s m\u00e9s alta que la temperatura desitjada, el term\u00f2stat activa l&#8217;aire condicionat per refredar l&#8217;ambient. El term\u00f2stat pot ser mec\u00e0nic o electr\u00f2nic, i els term\u00f2stats electr\u00f2nics poden ser programables.<\/p>\n\n\n\n<p>Aix\u00f2 significa que <strong>es pot programar la temperatura desitjada per a diferents moments del dia<\/strong>, cosa que <strong>permet un control m\u00e9s prec\u00eds i eficient<\/strong> <strong>de la temperatura<\/strong> ambient i redueix els costos denergia.<\/p>\n\n\n\n<p>El funcionament b\u00e0sic d&#8217;un term\u00f2stat consisteix a mesurar la temperatura ambient, comparar-la amb la temperatura desitjada i encendre o apagar la calefacci\u00f3 o aire condicionat en conseq\u00fc\u00e8ncia per mantenir la temperatura desitjada constant.<\/p>\n\n\n\n<h2 class=\"wp-block-heading\"><span class=\"ez-toc-section\" id=\"5_tipus_de_termostat_de_calefaccio_mes_comuns_en_lactualitat_son\"><\/span>5 tipus de term\u00f2stat de calefacci\u00f3 m\u00e9s comuns en l&#8217;actualitat s\u00f3n:<span class=\"ez-toc-section-end\"><\/span><\/h2>\n\n\n\n<ul>\n<li><strong>Term\u00f2stats mec\u00e0nics:<\/strong> s\u00f3n els m\u00e9s b\u00e0sics i no requereixen electricitat. Funcionen amb un mecanisme que ajusta manualment la temperatura desitjada.<\/li>\n\n\n\n<li><strong>Term\u00f2stats programables:<\/strong> permeten programar la temperatura desitjada per a diferents moments del dia i s\u00f3n m\u00e9s eficients en termes d&#8217;energia i costos.<\/li>\n\n\n\n<li><strong>Term\u00f2stats intel\u00b7ligents:<\/strong> tenen connectivitat a internet i poden ser controlats de forma remota a trav\u00e9s d&#8217;una aplicaci\u00f3 al tel\u00e8fon m\u00f2bil.<\/li>\n\n\n\n<li><strong>Term\u00f2stats de zona:<\/strong> permeten controlar la temperatura de diferents zones de la casa de forma independent i eficient.<\/li>\n\n\n\n<li><strong>Term\u00f2stats amb sensors: <\/strong>inclouen sensors que mesuren la temperatura ambient en diferents punts de la casa i ajusten la temperatura en conseq\u00fc\u00e8ncia per a una climatitzaci\u00f3 m\u00e9s uniforme i eficient.<\/li>\n<\/ul>\n\n\n\n<h3 class=\"wp-block-heading\"><span class=\"ez-toc-section\" id=\"Termostat_mecanics\"><\/span>Term\u00f2stat mec\u00e0nics:<span class=\"ez-toc-section-end\"><\/span><\/h3>\n\n\n\n<p>Els term\u00f2stats mec\u00e0nics s\u00f3n els m\u00e9s b\u00e0sics i senzills quant a tecnologia. Funcionen amb un mecanisme que <strong>ajusta manualment la temperatura desitjada a l&#8217;interior de l&#8217;habitatge.<\/strong><\/p>\n\n\n<div class=\"wp-block-image\">\n<figure class=\"aligncenter size-full\"><img loading=\"lazy\" decoding=\"async\" width=\"980\" height=\"560\" src=\"https:\/\/www.signum.cat\/wp-content\/uploads\/2023\/01\/Termostato-mecanicos-para-la-calefaccion.jpg\" alt=\"Term\u00f2stat mec\u00e0nic per a la calefacci\u00f3\" class=\"wp-image-3424\" srcset=\"https:\/\/www.signum.cat\/wp-content\/uploads\/2023\/01\/Termostato-mecanicos-para-la-calefaccion.jpg 980w, https:\/\/www.signum.cat\/wp-content\/uploads\/2023\/01\/Termostato-mecanicos-para-la-calefaccion-300x171.jpg 300w, https:\/\/www.signum.cat\/wp-content\/uploads\/2023\/01\/Termostato-mecanicos-para-la-calefaccion-768x439.jpg 768w\" sizes=\"(max-width: 980px) 100vw, 980px\" \/><\/figure><\/div>\n\n\n<p>Aquest tipus de term\u00f2stat es compon d&#8217;un dial o una barbeta que es pot girar per augmentar o disminuir la temperatura. Aquests term\u00f2stats <strong>no requereixen electricitat per funcionar i s\u00f3n una opci\u00f3 econ\u00f2mica<\/strong> i f\u00e0cil de fer servir.<\/p>\n\n\n\n<p>No obstant aix\u00f2, no tenen funcions avan\u00e7ades com ara la programaci\u00f3 o la connectivitat amb dispositius intel\u00b7ligents, i <strong>necessiten ser ajustats manualment<\/strong> per mantenir la temperatura desitjada. A m\u00e9s, no solen ser tan precisos com altres tipus de term\u00f2stats.<\/p>\n\n\n\n<p>S\u00f3n una opci\u00f3 b\u00e0sica i econ\u00f2mica per a aquells que necessiten controlar la temperatura del vostre habitatge de forma manual i sense requerir tecnologia avan\u00e7ada.<\/p>\n\n\n\n<h3 class=\"wp-block-heading\"><span class=\"ez-toc-section\" id=\"Termostats_programables\"><\/span>Term\u00f2stats programables:<span class=\"ez-toc-section-end\"><\/span><\/h3>\n\n\n\n<p>Els term\u00f2stats programables s\u00f3n un tipus avan\u00e7at de term\u00f2stat que permeten programar la temperatura desitjada per a diferents moments del dia.<\/p>\n\n\n<div class=\"wp-block-image\">\n<figure class=\"aligncenter size-full\"><img loading=\"lazy\" decoding=\"async\" width=\"980\" height=\"560\" src=\"https:\/\/www.signum.cat\/wp-content\/uploads\/2023\/01\/Termostatos-programables.jpg\" alt=\"Control de la temperatura programable\" class=\"wp-image-3426\" srcset=\"https:\/\/www.signum.cat\/wp-content\/uploads\/2023\/01\/Termostatos-programables.jpg 980w, https:\/\/www.signum.cat\/wp-content\/uploads\/2023\/01\/Termostatos-programables-300x171.jpg 300w, https:\/\/www.signum.cat\/wp-content\/uploads\/2023\/01\/Termostatos-programables-768x439.jpg 768w\" sizes=\"(max-width: 980px) 100vw, 980px\" \/><\/figure><\/div>\n\n\n<p>Aquests term\u00f2stats <strong>funcionen amb electricitat i solen incloure una pantalla digital<\/strong> i botons per ajustar la temperatura i programar-la.<\/p>\n\n\n\n<p>Amb els term\u00f2stats programables, es poden establir diferents temperatures per a les diferents hores del dia, per la qual cosa la calefacci\u00f3 nom\u00e9s est\u00e0 encesa quan cal. D&#8217;aquesta manera, \u00e9s possible estalviar energia i diners a la factura de la llum.<\/p>\n\n\n\n<p>A m\u00e9s, molts <strong>term\u00f2stats programables inclouen funcions addicionals com la detecci\u00f3 d&#8217;abs\u00e8ncia,<\/strong> que apaga la calefacci\u00f3 quan ning\u00fa \u00e9s a la llar, i la recuperaci\u00f3 de la programaci\u00f3, que restableix la temperatura programada despr\u00e9s d&#8217;un tall de llum .<\/p>\n\n\n\n<p>Els term\u00f2stats programables <strong>s\u00f3n una bona opci\u00f3 per a aquells que volen controlar la temperatura de casa seva de manera eficient i econ\u00f2mica<\/strong>, i que volen m\u00e9s flexibilitat quant a la programaci\u00f3 de la temperatura desitjada.<\/p>\n\n\n\n<h3 class=\"wp-block-heading\"><span class=\"ez-toc-section\" id=\"Termostats_intel%C2%B7ligents\"><\/span>Term\u00f2stats intel\u00b7ligents:<span class=\"ez-toc-section-end\"><\/span><\/h3>\n\n\n\n<p>Els term\u00f2stats intel\u00b7ligents s\u00f3n un tipus avan\u00e7at de term\u00f2stat que s&#8217;integren amb la tecnologia de <a href=\"https:\/\/www.redhat.com\/es\/topics\/internet-of-things\/what-is-iot\" target=\"_blank\" rel=\"noreferrer noopener\">Internet de les coses<\/a> <strong>(IoT)<\/strong> per oferir un control remot i una gesti\u00f3 m\u00e9s eficient de la temperatura a la llar.<\/p>\n\n\n<div class=\"wp-block-image\">\n<figure class=\"aligncenter size-full\"><img loading=\"lazy\" decoding=\"async\" width=\"980\" height=\"560\" src=\"https:\/\/www.signum.cat\/wp-content\/uploads\/2023\/01\/Calefaccion-a-traves-de-dispositivos-moviles.jpg\" alt=\"Calefacci\u00f3 a trav\u00e9s de dispositius m\u00f2bils\" class=\"wp-image-3422\" srcset=\"https:\/\/www.signum.cat\/wp-content\/uploads\/2023\/01\/Calefaccion-a-traves-de-dispositivos-moviles.jpg 980w, https:\/\/www.signum.cat\/wp-content\/uploads\/2023\/01\/Calefaccion-a-traves-de-dispositivos-moviles-300x171.jpg 300w, https:\/\/www.signum.cat\/wp-content\/uploads\/2023\/01\/Calefaccion-a-traves-de-dispositivos-moviles-768x439.jpg 768w\" sizes=\"(max-width: 980px) 100vw, 980px\" \/><\/figure><\/div>\n\n\n<p>Alguns d&#8217;aquests term\u00f2stats inclouen funcions com el control de la temperatura des de qualsevol lloc, la programaci\u00f3 de la temperatura mitjan\u00e7ant una aplicaci\u00f3 i la detecci\u00f3 autom\u00e0tica de la pres\u00e8ncia a la llar.<\/p>\n\n\n\n<p>Els term\u00f2stats intel\u00b7ligents i programables poden ser controlats a trav\u00e9s d&#8217;una aplicaci\u00f3 m\u00f2bil i <strong>es connecten a internet mitjan\u00e7ant Wi-Fi<\/strong> o un <a href=\"https:\/\/www.signum.cat\/automatizacion -del-llar-val-la-pena\/\">sistema d&#8217;automatitzaci\u00f3 de la llar<\/a>.<\/p>\n\n\n\n<p>Aix\u00f2 permet ajustar la temperatura des de qualsevol lloc i en qualsevol moment, cosa que resulta en una major efici\u00e8ncia energ\u00e8tica i un major control sobre la calefacci\u00f3.<\/p>\n\n\n\n<p>A m\u00e9s, alguns <a href=\"https:\/\/www.signum.cat\/ca\/instal%c2%b7lacio-de-domotica-en-habitatge\/\">sistemes de dom\u00f2tica<\/a> tamb\u00e9 permeten la integraci\u00f3 de sensors que mesuren la temperatura ambient, la humitat i altres factors per ajustar autom\u00e0ticament la calefacci\u00f3.<\/p>\n\n\n\n<h3 class=\"wp-block-heading\"><span class=\"ez-toc-section\" id=\"Termostats_de_zona\"><\/span>Term\u00f2stats de zona:<span class=\"ez-toc-section-end\"><\/span><\/h3>\n\n\n\n<p>Els term\u00f2stats de zona s\u00f3n un tipus de term\u00f2stat que permet controlar la temperatura a diferents \u00e0rees o habitacions d&#8217;una llar. En lloc de controlar la temperatura per a tota la casa a partir d&#8217;un term\u00f2stat \u00fanic, els term\u00f2stats de zona permeten que cada habitaci\u00f3 tingui un control independent de la temperatura.<\/p>\n\n\n\n<p>Aquests term\u00f2stats utilitzen v\u00e0lvules o actuadors per controlar el flux de calor a diferents habitacions i es connecten a un <a href=\"https:\/\/www.signum.cat\/ca\/calefaccio-a-barcelona\/\">sistema de calefacci\u00f3<\/a> central. Per exemple, si una habitaci\u00f3 necessita m\u00e9s calor, es pot ajustar la temperatura en aquesta habitaci\u00f3 amb un term\u00f2stat de zona, sense afectar les temperatures en altres habitacions.<\/p>\n\n\n\n<p>A m\u00e9s, els term\u00f2stats de zona tamb\u00e9 poden ajudar a estalviar energia, ja que permet controlar la temperatura a cada habitaci\u00f3 de manera independent i ajustar la temperatura a les habitacions que no estan sent utilitzades per estalviar energia.<\/p>\n\n\n\n<p>Aquest tipus de term\u00f2stats de zona s\u00f3n una bona opci\u00f3 per a aquells que busquen un control m\u00e9s prec\u00eds i personalitzat de la temperatura a diferents habitacions de casa seva. Ofereixen una major <a href=\"https:\/\/www.signum.cat\/ca\/eficiencia-energetica-un-futur-mes-sostenible\/\">efici\u00e8ncia energ\u00e8tica<\/a> i un millor confort t\u00e8rmic, i s\u00f3n adequats per a llars amb sistemes de calefacci\u00f3 central.<\/p>\n\n\n\n<h3 class=\"wp-block-heading\"><span class=\"ez-toc-section\" id=\"Termostats_amb_sensors\"><\/span>Term\u00f2stats amb sensors:<span class=\"ez-toc-section-end\"><\/span><\/h3>\n\n\n\n<p>Els term\u00f2stats amb sensors s\u00f3n un tipus de term\u00f2stat que inclou sensors addicionals per mesurar la temperatura ambient. Aquests sensors <strong>poden col\u00b7locar-se a diferents punts de la casa<\/strong> i transmetre la informaci\u00f3 a la unitat central del term\u00f2stat, permetent un control m\u00e9s prec\u00eds de la temperatura.<\/p>\n\n\n\n<p>Aquest tipus de term\u00f2stats <strong>s\u00f3n \u00fatils per a aquelles llars amb zones de diferents temperatures<\/strong>, com ara una habitaci\u00f3 que est\u00e0 exposada al sol o una habitaci\u00f3 amb sostres alts. Els sensors poden ubicar-se en aquestes \u00e0rees per mesurar <strong>la temperatura i assegurar-se que s&#8217;ajusti adequadament<\/strong> la temperatura en aquestes \u00e0rees.<\/p>\n\n\n\n<p>A m\u00e9s, els term\u00f2stats amb sensors tamb\u00e9 poden ser programats per ajustar-se autom\u00e0ticament en funci\u00f3 de la temperatura ambient i per estalviar energia quan la casa \u00e9s buida.<\/p>\n\n\n\n<p>Els term\u00f2stats amb sensors ofereixen un major control i precisi\u00f3 de la temperatura ambient en una llar, cosa que resulta en un <strong>millor confort t\u00e8rmic i una major efici\u00e8ncia energ\u00e8tica. <\/strong>S\u00f3n una bona opci\u00f3 per a aquelles llars amb diferents requisits t\u00e8rmics en diferents \u00e0rees.<\/p>\n\n\n\n<h2 class=\"wp-block-heading\"><span class=\"ez-toc-section\" id=\"Quant_podem_estalviar_instal%C2%B7lant_un_termostat\"><\/span>Quant podem estalviar instal\u00b7lant un term\u00f2stat?<span class=\"ez-toc-section-end\"><\/span><\/h2>\n\n\n\n<p>L&#8217;estalvi que es pot obtenir amb un term\u00f2stat dep\u00e8n de diversos factors, com el tipus de term\u00f2stat que s&#8217;instal\u00b7li, l&#8217;\u00fas que se li doni i l&#8217;efici\u00e8ncia energ\u00e8tica de la calefacci\u00f3.<\/p>\n\n\n<div class=\"wp-block-image\">\n<figure class=\"aligncenter size-full\"><img loading=\"lazy\" decoding=\"async\" width=\"980\" height=\"560\" src=\"https:\/\/www.signum.cat\/wp-content\/uploads\/2023\/01\/Cuanto-podemos-ahorrar-instalando-un-termostato.jpg\" alt=\"Quant podem estalviar a la nostra factura\" class=\"wp-image-3428\" srcset=\"https:\/\/www.signum.cat\/wp-content\/uploads\/2023\/01\/Cuanto-podemos-ahorrar-instalando-un-termostato.jpg 980w, https:\/\/www.signum.cat\/wp-content\/uploads\/2023\/01\/Cuanto-podemos-ahorrar-instalando-un-termostato-300x171.jpg 300w, https:\/\/www.signum.cat\/wp-content\/uploads\/2023\/01\/Cuanto-podemos-ahorrar-instalando-un-termostato-768x439.jpg 768w\" sizes=\"(max-width: 980px) 100vw, 980px\" \/><\/figure><\/div>\n\n\n<blockquote class=\"wp-block-quote\">\n<p>De mitjana, <strong>es pot estalviar al voltant del 15% en factura d&#8217;energia<\/strong> amb un term\u00f2stat programable i fins a un <strong>30% amb un term\u00f2stat intel\u00b7ligent<\/strong>.<\/p>\n<\/blockquote>\n\n\n\n<p>Tot i aix\u00f2, \u00e9s important tenir en compte que l&#8217;estalvi real varia segons la situaci\u00f3 individual, i \u00e9s important fer una avaluaci\u00f3 detallada per determinar l&#8217;estalvi espec\u00edfic.<\/p>\n\n\n\n<h2 class=\"wp-block-heading\"><span class=\"ez-toc-section\" id=\"On_cal_posar_el_termostat_de_calefaccio\"><\/span>On cal posar el term\u00f2stat de calefacci\u00f3?<span class=\"ez-toc-section-end\"><\/span><\/h2>\n\n\n\n<p>El lloc ideal per col\u00b7locar el term\u00f2stat de la calefacci\u00f3 dep\u00e8n de diversos factors, incloent-hi la ubicaci\u00f3 de les reixetes de ventilaci\u00f3, la pres\u00e8ncia de portes i finestres i l&#8217;exposici\u00f3 a la llum solar.<\/p>\n\n\n\n<p><strong>Alguns consells per triar una ubicaci\u00f3 adequada inclouen:<\/strong><\/p>\n\n\n\n<ul>\n<li><strong>En una paret interna<\/strong>: \u00c9s important que el term\u00f2stat no estigui exposat a corrents d&#8217;aire oa la llum directa del sol, ja que aix\u00f2 pot afectar la lectura de la temperatura ambient.<\/li>\n\n\n\n<li><strong>lluny de portes i finestres:<\/strong> Les portes i finestres poden causar corrents d&#8217;aire fred o c\u00e0lid que afectin la lectura de la temperatura ambient.<\/li>\n\n\n\n<li><strong>A prop d&#8217;una reixeta de ventilaci\u00f3<\/strong>: Col\u00b7locar el term\u00f2stat a prop d&#8217;una reixeta de ventilaci\u00f3 ajuda a fer que el term\u00f2stat pugui mesurar la temperatura ambient de manera m\u00e9s precisa.<\/li>\n\n\n\n<li><strong>A una al\u00e7ada adequada:<\/strong> \u00c9s recomanable col\u00b7locar el term\u00f2stat a una al\u00e7ada d&#8217;1,5 metres del terra per evitar que s&#8217;afecti la lectura per la radiaci\u00f3 t\u00e8rmica del terra.<\/li>\n<\/ul>\n\n\n\n<p>En general, \u00e9s important triar una ubicaci\u00f3 adequada per al term\u00f2stat per assegurar-se que pugui mesurar la temperatura ambient de manera precisa i controlar la calefacci\u00f3 de manera efectiva.<\/p>\n\n\n\n<h2 class=\"wp-block-heading\"><span class=\"ez-toc-section\" id=\"Com_saber_si_falla_el_termostat_de_calefaccio\"><\/span>Com saber si falla el term\u00f2stat de calefacci\u00f3?<span class=\"ez-toc-section-end\"><\/span><\/h2>\n\n\n\n<p>Podeu seguir aquests passos per determinar si el term\u00f2stat de calefacci\u00f3 est\u00e0 fallant:<\/p>\n\n\n\n<ol>\n<li><strong>Comprova les piles:<\/strong> Si el term\u00f2stat \u00e9s electr\u00f2nic, revisar que les piles estiguin carregades i reempla\u00e7ar-les si cal.<\/li>\n\n\n\n<li><strong>Verificar la temperatura ambient:<\/strong> Comprovar que la temperatura ambient amb un term\u00f2metre per assegurar-te que estigui sent mesurada correctament.<\/li>\n\n\n\n<li><strong>Revisar el sistema:<\/strong> Garantir que el sistema de calefacci\u00f3 estigui enc\u00e8s i funcionant correctament.<\/li>\n\n\n\n<li><strong>Verifica els cables i les connexions:<\/strong> Verifica que els cables i les connexions estiguin connectats i en bon estat.<\/li>\n\n\n\n<li><strong>Prova el term\u00f2stat en una configuraci\u00f3 manual:<\/strong> Si el term\u00f2stat \u00e9s programable, prova de posar-lo en una configuraci\u00f3 manual i verifica si la calefacci\u00f3 s&#8217;enc\u00e9n.<\/li>\n<\/ol>\n\n\n\n<p>Si despr\u00e9s de seguir aquests passos encara no podeu solucionar el problema, \u00e9s possible que necessiteu <a href=\"https:\/\/www.signum.cat\/ca\/contacta-amb-nososaltres\/\">contactar<\/a> amb un t\u00e8cnic especialitzat en sistemes de calefacci\u00f3.<\/p>\n\n\n\n<p>En resum, els term\u00f2stats de calefacci\u00f3 intel\u00b7ligents s\u00f3n una opci\u00f3 tecnol\u00f2gicament avan\u00e7ada per a aquells que busquen un control remot i una gesti\u00f3 m\u00e9s eficient de la temperatura a casa seva.<\/p>\n","protected":false},"excerpt":{"rendered":"<p>El control de la temperatura \u00e9s una de les tasques m\u00e9s importants per estalviar energia a la llar. Gr\u00e0cies al term\u00f2stat de calefacci\u00f3 i amb la temperatura adequada podem ajudar a reduir el consum d&#8217;energia i estalviar diners a la&#8230;<\/p>\n","protected":false},"author":2,"featured_media":3417,"comment_status":"closed","ping_status":"closed","sticky":false,"template":"","format":"standard","meta":{"_kad_post_transparent":"","_kad_post_title":"","_kad_post_layout":"","_kad_post_sidebar_id":"","_kad_post_content_style":"","_kad_post_vertical_padding":"","_kad_post_feature":"","_kad_post_feature_position":"","_kad_post_header":false,"_kad_post_footer":false,"footnotes":"","_joinchat":[]},"categories":[48],"tags":[],"yoast_head":"<!-- This site is optimized with the Yoast SEO plugin v21.7 - https:\/\/yoast.com\/wordpress\/plugins\/seo\/ -->\n<title>Term\u00f2stat de Calefacci\u00f3 - SIGNUM<\/title>\n<meta name=\"description\" content=\"Un term\u00f2stat de calefacci\u00f3 intel\u00b7ligent pot millorar l&#039;efici\u00e8ncia energ\u00e8tica a la llar i estalviar diners a la factura de calefacci\u00f3.\" \/>\n<meta name=\"robots\" content=\"index, follow, max-snippet:-1, max-image-preview:large, max-video-preview:-1\" \/>\n<link rel=\"canonical\" href=\"https:\/\/www.signum.cat\/ca\/termostat-de-calefaccio\/\" \/>\n<meta property=\"og:locale\" content=\"ca_ES\" \/>\n<meta property=\"og:type\" content=\"article\" \/>\n<meta property=\"og:title\" content=\"Term\u00f2stat de Calefacci\u00f3 - SIGNUM\" \/>\n<meta property=\"og:description\" content=\"Un term\u00f2stat de calefacci\u00f3 intel\u00b7ligent pot millorar l&#039;efici\u00e8ncia energ\u00e8tica a la llar i estalviar diners a la factura de calefacci\u00f3.\" \/>\n<meta property=\"og:url\" content=\"https:\/\/www.signum.cat\/ca\/termostat-de-calefaccio\/\" \/>\n<meta property=\"og:site_name\" content=\"SIGNUM\" \/>\n<meta property=\"article:published_time\" content=\"2023-03-22T15:58:38+00:00\" \/>\n<meta property=\"article:modified_time\" content=\"2023-03-22T15:58:39+00:00\" \/>\n<meta property=\"og:image\" content=\"https:\/\/www.signum.cat\/wp-content\/uploads\/2023\/01\/Termostato-de-calefaccion.jpg\" \/>\n\t<meta property=\"og:image:width\" content=\"980\" \/>\n\t<meta property=\"og:image:height\" content=\"560\" \/>\n\t<meta property=\"og:image:type\" content=\"image\/jpeg\" \/>\n<meta name=\"author\" content=\"Signum\" \/>\n<meta name=\"twitter:card\" content=\"summary_large_image\" \/>\n<meta name=\"twitter:label1\" content=\"Written by\" \/>\n\t<meta name=\"twitter:data1\" content=\"Signum\" \/>\n\t<meta name=\"twitter:label2\" content=\"Est. reading time\" \/>\n\t<meta name=\"twitter:data2\" content=\"10 minutes\" \/>\n<script type=\"application\/ld+json\" class=\"yoast-schema-graph\">{\"@context\":\"https:\/\/schema.org\",\"@graph\":[{\"@type\":\"Article\",\"@id\":\"https:\/\/www.signum.cat\/ca\/termostat-de-calefaccio\/#article\",\"isPartOf\":{\"@id\":\"https:\/\/www.signum.cat\/ca\/termostat-de-calefaccio\/\"},\"author\":{\"name\":\"Signum\",\"@id\":\"https:\/\/www.signum.cat\/#\/schema\/person\/c2e78202a3b382edd9e2930aac0b4def\"},\"headline\":\"Term\u00f2stat de Calefacci\u00f3\",\"datePublished\":\"2023-03-22T15:58:38+00:00\",\"dateModified\":\"2023-03-22T15:58:39+00:00\",\"mainEntityOfPage\":{\"@id\":\"https:\/\/www.signum.cat\/ca\/termostat-de-calefaccio\/\"},\"wordCount\":1919,\"publisher\":{\"@id\":\"https:\/\/www.signum.cat\/#organization\"},\"articleSection\":[\"Calefacci\u00f3\"],\"inLanguage\":\"ca-ES\"},{\"@type\":\"WebPage\",\"@id\":\"https:\/\/www.signum.cat\/ca\/termostat-de-calefaccio\/\",\"url\":\"https:\/\/www.signum.cat\/ca\/termostat-de-calefaccio\/\",\"name\":\"Term\u00f2stat de Calefacci\u00f3 - SIGNUM\",\"isPartOf\":{\"@id\":\"https:\/\/www.signum.cat\/#website\"},\"datePublished\":\"2023-03-22T15:58:38+00:00\",\"dateModified\":\"2023-03-22T15:58:39+00:00\",\"description\":\"Un term\u00f2stat de calefacci\u00f3 intel\u00b7ligent pot millorar l'efici\u00e8ncia energ\u00e8tica a la llar i estalviar diners a la factura de calefacci\u00f3.\",\"breadcrumb\":{\"@id\":\"https:\/\/www.signum.cat\/ca\/termostat-de-calefaccio\/#breadcrumb\"},\"inLanguage\":\"ca-ES\",\"potentialAction\":[{\"@type\":\"ReadAction\",\"target\":[\"https:\/\/www.signum.cat\/ca\/termostat-de-calefaccio\/\"]}]},{\"@type\":\"BreadcrumbList\",\"@id\":\"https:\/\/www.signum.cat\/ca\/termostat-de-calefaccio\/#breadcrumb\",\"itemListElement\":[{\"@type\":\"ListItem\",\"position\":1,\"name\":\"Portada\",\"item\":\"https:\/\/www.signum.cat\/ca\/\"},{\"@type\":\"ListItem\",\"position\":2,\"name\":\"Term\u00f2stat de Calefacci\u00f3\"}]},{\"@type\":\"WebSite\",\"@id\":\"https:\/\/www.signum.cat\/#website\",\"url\":\"https:\/\/www.signum.cat\/\",\"name\":\"SIGNUM\",\"description\":\"Electricidad, dom\u00f3tica e inm\u00f3tica\",\"publisher\":{\"@id\":\"https:\/\/www.signum.cat\/#organization\"},\"potentialAction\":[{\"@type\":\"SearchAction\",\"target\":{\"@type\":\"EntryPoint\",\"urlTemplate\":\"https:\/\/www.signum.cat\/?s={search_term_string}\"},\"query-input\":\"required name=search_term_string\"}],\"inLanguage\":\"ca-ES\"},{\"@type\":\"Organization\",\"@id\":\"https:\/\/www.signum.cat\/#organization\",\"name\":\"SIGNUM\",\"url\":\"https:\/\/www.signum.cat\/\",\"logo\":{\"@type\":\"ImageObject\",\"inLanguage\":\"ca-ES\",\"@id\":\"https:\/\/www.signum.cat\/#\/schema\/logo\/image\/\",\"url\":\"https:\/\/www.signum.cat\/wp-content\/uploads\/2021\/02\/Logo-SIGNUM-Favicon-1.png\",\"contentUrl\":\"https:\/\/www.signum.cat\/wp-content\/uploads\/2021\/02\/Logo-SIGNUM-Favicon-1.png\",\"width\":80,\"height\":73,\"caption\":\"SIGNUM\"},\"image\":{\"@id\":\"https:\/\/www.signum.cat\/#\/schema\/logo\/image\/\"}},{\"@type\":\"Person\",\"@id\":\"https:\/\/www.signum.cat\/#\/schema\/person\/c2e78202a3b382edd9e2930aac0b4def\",\"name\":\"Signum\"}]}<\/script>\n<!-- \/ Yoast SEO plugin. -->","yoast_head_json":{"title":"Term\u00f2stat de Calefacci\u00f3 - SIGNUM","description":"Un term\u00f2stat de calefacci\u00f3 intel\u00b7ligent pot millorar l'efici\u00e8ncia energ\u00e8tica a la llar i estalviar diners a la factura de calefacci\u00f3.","robots":{"index":"index","follow":"follow","max-snippet":"max-snippet:-1","max-image-preview":"max-image-preview:large","max-video-preview":"max-video-preview:-1"},"canonical":"https:\/\/www.signum.cat\/ca\/termostat-de-calefaccio\/","og_locale":"ca_ES","og_type":"article","og_title":"Term\u00f2stat de Calefacci\u00f3 - SIGNUM","og_description":"Un term\u00f2stat de calefacci\u00f3 intel\u00b7ligent pot millorar l'efici\u00e8ncia energ\u00e8tica a la llar i estalviar diners a la factura de calefacci\u00f3.","og_url":"https:\/\/www.signum.cat\/ca\/termostat-de-calefaccio\/","og_site_name":"SIGNUM","article_published_time":"2023-03-22T15:58:38+00:00","article_modified_time":"2023-03-22T15:58:39+00:00","og_image":[{"width":980,"height":560,"url":"https:\/\/www.signum.cat\/wp-content\/uploads\/2023\/01\/Termostato-de-calefaccion.jpg","type":"image\/jpeg"}],"author":"Signum","twitter_card":"summary_large_image","twitter_misc":{"Written by":"Signum","Est. reading time":"10 minutes"},"schema":{"@context":"https:\/\/schema.org","@graph":[{"@type":"Article","@id":"https:\/\/www.signum.cat\/ca\/termostat-de-calefaccio\/#article","isPartOf":{"@id":"https:\/\/www.signum.cat\/ca\/termostat-de-calefaccio\/"},"author":{"name":"Signum","@id":"https:\/\/www.signum.cat\/#\/schema\/person\/c2e78202a3b382edd9e2930aac0b4def"},"headline":"Term\u00f2stat de Calefacci\u00f3","datePublished":"2023-03-22T15:58:38+00:00","dateModified":"2023-03-22T15:58:39+00:00","mainEntityOfPage":{"@id":"https:\/\/www.signum.cat\/ca\/termostat-de-calefaccio\/"},"wordCount":1919,"publisher":{"@id":"https:\/\/www.signum.cat\/#organization"},"articleSection":["Calefacci\u00f3"],"inLanguage":"ca-ES"},{"@type":"WebPage","@id":"https:\/\/www.signum.cat\/ca\/termostat-de-calefaccio\/","url":"https:\/\/www.signum.cat\/ca\/termostat-de-calefaccio\/","name":"Term\u00f2stat de Calefacci\u00f3 - SIGNUM","isPartOf":{"@id":"https:\/\/www.signum.cat\/#website"},"datePublished":"2023-03-22T15:58:38+00:00","dateModified":"2023-03-22T15:58:39+00:00","description":"Un term\u00f2stat de calefacci\u00f3 intel\u00b7ligent pot millorar l'efici\u00e8ncia energ\u00e8tica a la llar i estalviar diners a la factura de calefacci\u00f3.","breadcrumb":{"@id":"https:\/\/www.signum.cat\/ca\/termostat-de-calefaccio\/#breadcrumb"},"inLanguage":"ca-ES","potentialAction":[{"@type":"ReadAction","target":["https:\/\/www.signum.cat\/ca\/termostat-de-calefaccio\/"]}]},{"@type":"BreadcrumbList","@id":"https:\/\/www.signum.cat\/ca\/termostat-de-calefaccio\/#breadcrumb","itemListElement":[{"@type":"ListItem","position":1,"name":"Portada","item":"https:\/\/www.signum.cat\/ca\/"},{"@type":"ListItem","position":2,"name":"Term\u00f2stat de Calefacci\u00f3"}]},{"@type":"WebSite","@id":"https:\/\/www.signum.cat\/#website","url":"https:\/\/www.signum.cat\/","name":"SIGNUM","description":"Electricidad, dom\u00f3tica e inm\u00f3tica","publisher":{"@id":"https:\/\/www.signum.cat\/#organization"},"potentialAction":[{"@type":"SearchAction","target":{"@type":"EntryPoint","urlTemplate":"https:\/\/www.signum.cat\/?s={search_term_string}"},"query-input":"required name=search_term_string"}],"inLanguage":"ca-ES"},{"@type":"Organization","@id":"https:\/\/www.signum.cat\/#organization","name":"SIGNUM","url":"https:\/\/www.signum.cat\/","logo":{"@type":"ImageObject","inLanguage":"ca-ES","@id":"https:\/\/www.signum.cat\/#\/schema\/logo\/image\/","url":"https:\/\/www.signum.cat\/wp-content\/uploads\/2021\/02\/Logo-SIGNUM-Favicon-1.png","contentUrl":"https:\/\/www.signum.cat\/wp-content\/uploads\/2021\/02\/Logo-SIGNUM-Favicon-1.png","width":80,"height":73,"caption":"SIGNUM"},"image":{"@id":"https:\/\/www.signum.cat\/#\/schema\/logo\/image\/"}},{"@type":"Person","@id":"https:\/\/www.signum.cat\/#\/schema\/person\/c2e78202a3b382edd9e2930aac0b4def","name":"Signum"}]}},"_links":{"self":[{"href":"https:\/\/www.signum.cat\/ca\/wp-json\/wp\/v2\/posts\/3459"}],"collection":[{"href":"https:\/\/www.signum.cat\/ca\/wp-json\/wp\/v2\/posts"}],"about":[{"href":"https:\/\/www.signum.cat\/ca\/wp-json\/wp\/v2\/types\/post"}],"author":[{"embeddable":true,"href":"https:\/\/www.signum.cat\/ca\/wp-json\/wp\/v2\/users\/2"}],"replies":[{"embeddable":true,"href":"https:\/\/www.signum.cat\/ca\/wp-json\/wp\/v2\/comments?post=3459"}],"version-history":[{"count":2,"href":"https:\/\/www.signum.cat\/ca\/wp-json\/wp\/v2\/posts\/3459\/revisions"}],"predecessor-version":[{"id":3461,"href":"https:\/\/www.signum.cat\/ca\/wp-json\/wp\/v2\/posts\/3459\/revisions\/3461"}],"wp:featuredmedia":[{"embeddable":true,"href":"https:\/\/www.signum.cat\/ca\/wp-json\/wp\/v2\/media\/3417"}],"wp:attachment":[{"href":"https:\/\/www.signum.cat\/ca\/wp-json\/wp\/v2\/media?parent=3459"}],"wp:term":[{"taxonomy":"category","embeddable":true,"href":"https:\/\/www.signum.cat\/ca\/wp-json\/wp\/v2\/categories?post=3459"},{"taxonomy":"post_tag","embeddable":true,"href":"https:\/\/www.signum.cat\/ca\/wp-json\/wp\/v2\/tags?post=3459"}],"curies":[{"name":"wp","href":"https:\/\/api.w.org\/{rel}","templated":true}]}}