{"id":3511,"date":"2023-04-25T13:48:49","date_gmt":"2023-04-25T11:48:49","guid":{"rendered":"https:\/\/www.signum.cat\/edificis-intel%c2%b7ligents-eficiencia-energetica\/"},"modified":"2023-04-25T13:50:28","modified_gmt":"2023-04-25T11:50:28","slug":"edificis-intel%c2%b7ligents-eficiencia-energetica","status":"publish","type":"post","link":"https:\/\/www.signum.cat\/ca\/edificis-intel%c2%b7ligents-eficiencia-energetica\/","title":{"rendered":"Edificis Intel\u00b7ligents: Efici\u00e8ncia Energ\u00e8tica"},"content":{"rendered":"\n<p>L&#8217;automatitzaci\u00f3 de la calefacci\u00f3 i altres controls ambientals pot generar grans estalvis per als edificis intel\u00b7ligents.<\/p>\n\n\n\n<p><strong>Fins a quin punt \u00e9s possible assolir els mateixos resultats en habitatges residencials? Quina \u00e9s la difer\u00e8ncia entre l&#8217;anomenada dom\u00f2tica i la imm\u00f2tica?<\/strong><\/p>\n\n\n\n<div id=\"ez-toc-container\" class=\"ez-toc-v2_0_61 counter-hierarchy ez-toc-counter ez-toc-grey ez-toc-container-direction\">\n<p class=\"ez-toc-title\"><\/p>\n<label for=\"ez-toc-cssicon-toggle-item-69f1d8dda0ce5\" class=\"ez-toc-cssicon-toggle-label\"><span class=\"\"><span class=\"eztoc-hide\" style=\"display:none;\">Toggle<\/span><span class=\"ez-toc-icon-toggle-span\"><svg style=\"fill: #999;color:#999\" xmlns=\"http:\/\/www.w3.org\/2000\/svg\" class=\"list-377408\" width=\"20px\" height=\"20px\" viewBox=\"0 0 24 24\" fill=\"none\"><path d=\"M6 6H4v2h2V6zm14 0H8v2h12V6zM4 11h2v2H4v-2zm16 0H8v2h12v-2zM4 16h2v2H4v-2zm16 0H8v2h12v-2z\" fill=\"currentColor\"><\/path><\/svg><svg style=\"fill: #999;color:#999\" class=\"arrow-unsorted-368013\" xmlns=\"http:\/\/www.w3.org\/2000\/svg\" width=\"10px\" height=\"10px\" viewBox=\"0 0 24 24\" version=\"1.2\" baseProfile=\"tiny\"><path d=\"M18.2 9.3l-6.2-6.3-6.2 6.3c-.2.2-.3.4-.3.7s.1.5.3.7c.2.2.4.3.7.3h11c.3 0 .5-.1.7-.3.2-.2.3-.5.3-.7s-.1-.5-.3-.7zM5.8 14.7l6.2 6.3 6.2-6.3c.2-.2.3-.5.3-.7s-.1-.5-.3-.7c-.2-.2-.4-.3-.7-.3h-11c-.3 0-.5.1-.7.3-.2.2-.3.5-.3.7s.1.5.3.7z\"\/><\/svg><\/span><\/span><\/label><input type=\"checkbox\"  id=\"ez-toc-cssicon-toggle-item-69f1d8dda0ce5\"  aria-label=\"Toggle\" \/><nav><ul class='ez-toc-list ez-toc-list-level-1 ' ><li class='ez-toc-page-1 ez-toc-heading-level-2'><a class=\"ez-toc-link ez-toc-heading-1\" href=\"https:\/\/www.signum.cat\/ca\/edificis-intel%c2%b7ligents-eficiencia-energetica\/#Els_edificis_intel%C2%B7ligents_i_els_desafiaments_energetics\" title=\"Els edificis intel\u00b7ligents i els desafiaments energ\u00e8tics\">Els edificis intel\u00b7ligents i els desafiaments energ\u00e8tics<\/a><\/li><li class='ez-toc-page-1 ez-toc-heading-level-2'><a class=\"ez-toc-link ez-toc-heading-2\" href=\"https:\/\/www.signum.cat\/ca\/edificis-intel%c2%b7ligents-eficiencia-energetica\/#Quins_objectius_cal_aconseguir_amb_edificis_intel%C2%B7ligents\" title=\"Quins objectius cal aconseguir amb edificis intel\u00b7ligents?\">Quins objectius cal aconseguir amb edificis intel\u00b7ligents?<\/a><\/li><li class='ez-toc-page-1 ez-toc-heading-level-2'><a class=\"ez-toc-link ez-toc-heading-3\" href=\"https:\/\/www.signum.cat\/ca\/edificis-intel%c2%b7ligents-eficiencia-energetica\/#Quins_son_els_avantatges_de_triar_una_casa_o_edifici_intel%C2%B7ligent_per_a_la_domotica\" title=\"Quins s\u00f3n els avantatges de triar una casa o edifici intel\u00b7ligent per a la dom\u00f2tica?\">Quins s\u00f3n els avantatges de triar una casa o edifici intel\u00b7ligent per a la dom\u00f2tica?<\/a><ul class='ez-toc-list-level-3' ><li class='ez-toc-heading-level-3'><a class=\"ez-toc-link ez-toc-heading-4\" href=\"https:\/\/www.signum.cat\/ca\/edificis-intel%c2%b7ligents-eficiencia-energetica\/#Interficie_dusuari_que_sigui_accessible_i_eficient\" title=\"Interf\u00edcie d&#8217;usuari que sigui accessible i eficient\">Interf\u00edcie d&#8217;usuari que sigui accessible i eficient<\/a><\/li><li class='ez-toc-page-1 ez-toc-heading-level-3'><a class=\"ez-toc-link ez-toc-heading-5\" href=\"https:\/\/www.signum.cat\/ca\/edificis-intel%c2%b7ligents-eficiencia-energetica\/#Operacions_automatiques_podrien_ser_millorables\" title=\"Operacions autom\u00e0tiques podrien ser millorables\">Operacions autom\u00e0tiques podrien ser millorables<\/a><\/li><li class='ez-toc-page-1 ez-toc-heading-level-3'><a class=\"ez-toc-link ez-toc-heading-6\" href=\"https:\/\/www.signum.cat\/ca\/edificis-intel%c2%b7ligents-eficiencia-energetica\/#Edificis_intel%C2%B7ligents_contra_pirates_informatics\" title=\"Edificis intel\u00b7ligents contra pirates inform\u00e0tics\">Edificis intel\u00b7ligents contra pirates inform\u00e0tics<\/a><\/li><\/ul><\/li><\/ul><\/nav><\/div>\n<h2 class=\"wp-block-heading\"><span class=\"ez-toc-section\" id=\"Els_edificis_intel%C2%B7ligents_i_els_desafiaments_energetics\"><\/span>Els edificis intel\u00b7ligents i els desafiaments energ\u00e8tics<span class=\"ez-toc-section-end\"><\/span><\/h2>\n\n\n<div class=\"wp-block-image\">\n<figure class=\"aligncenter\"><img loading=\"lazy\" decoding=\"async\" width=\"980\" height=\"560\" src=\"https:\/\/www.signum.cat\/wp-content\/uploads\/2021\/02\/Viviendas-inteligentes-SIGNUM.jpg\" alt=\"Edificis Intel\u00b7ligents - SIGNUM\" class=\"wp-image-1663\" srcset=\"https:\/\/www.signum.cat\/wp-content\/uploads\/2021\/02\/Viviendas-inteligentes-SIGNUM.jpg 980w, https:\/\/www.signum.cat\/wp-content\/uploads\/2021\/02\/Viviendas-inteligentes-SIGNUM-300x171.jpg 300w, https:\/\/www.signum.cat\/wp-content\/uploads\/2021\/02\/Viviendas-inteligentes-SIGNUM-768x439.jpg 768w\" sizes=\"(max-width: 980px) 100vw, 980px\" \/><\/figure><\/div>\n\n\n<p>Una efici\u00e8ncia m\u00e9s gran ajudaria els consumidors a reduir els ingressos gastats en consum d&#8217;energia, reduir les emissions de gasos d&#8217;efecte hivernacle i tamb\u00e9 ajudaria els <strong>pa\u00efsos de la UE<\/strong> a complir els <strong><a href=\"https:\/\/ec.europa.eu\/info\/energy-climate-change-environment\/overall-targets\/2030-targets_ca\" target=\"_blank\" rel=\"noreferrer noopener\">objectius de l&#8217;estrat\u00e8gia energ\u00e8tica 2030<\/a><\/strong>.<\/p>\n\n\n\n<p>La dom\u00f2tica pot realment complir les seves promeses d&#8217;efici\u00e8ncia? La dom\u00f2tica \u00e9s un sistema que controla l&#8217;automatitzaci\u00f3, tot all\u00f2 que s&#8217;instal\u00b7la en un edifici. Aix\u00f2 inclou tota una gamma de tasques:<\/p>\n\n\n\n<p>Des de <a href=\"https:\/\/www.signum.cat\/ca\/domotica-intel%c2%b7ligent-mes-que-un-control-de-persianes\/\"><strong>domotitzar el control de persianes<\/strong><\/a> , deixant entrar m\u00e9s o menys llum solar segons la temporada, programar electrodom\u00e8stics, funcionar a l&#8217;horari preferit de l&#8217;usuari o quan els costos d&#8217;electricitat siguin m\u00e9s baixos o simplement programar la calefacci\u00f3 o l&#8217;aire condicionat.<\/p>\n\n\n\n<p>Segons <a href=\"http:\/\/www.cedom.es\/ca\" target=\"_blank\" rel=\"noreferrer noopener\"><strong>Jordi Sabat\u00e9, secretari de Cedom<\/strong>:<\/a>&nbsp;<strong><a href=\"https:\/\/www.interempresas.net\/Construccion\/Articulos\/230929-Tendencias-y-actualidad-del-sector-de-la-domotica.html\">la imm\u00f2tica \u00e9s actualment el principal mercat de la automatitzaci\u00f3.<\/a><\/strong><\/p>\n\n\n\n<h2 class=\"wp-block-heading\"><span class=\"ez-toc-section\" id=\"Quins_objectius_cal_aconseguir_amb_edificis_intel%C2%B7ligents\"><\/span>Quins objectius cal aconseguir amb edificis intel\u00b7ligents?<span class=\"ez-toc-section-end\"><\/span><\/h2>\n\n\n<div class=\"wp-block-image\">\n<figure class=\"aligncenter\"><img loading=\"lazy\" decoding=\"async\" width=\"980\" height=\"560\" src=\"https:\/\/www.signum.cat\/wp-content\/uploads\/2021\/02\/Oficina-Inteligente.jpg\" alt=\"Oficina Intel\u00b7ligent - SIGNUM\" class=\"wp-image-1669\" srcset=\"https:\/\/www.signum.cat\/wp-content\/uploads\/2021\/02\/Oficina-Inteligente.jpg 980w, https:\/\/www.signum.cat\/wp-content\/uploads\/2021\/02\/Oficina-Inteligente-300x171.jpg 300w, https:\/\/www.signum.cat\/wp-content\/uploads\/2021\/02\/Oficina-Inteligente-768x439.jpg 768w\" sizes=\"(max-width: 980px) 100vw, 980px\" \/><\/figure><\/div>\n\n\n<p>La instal\u00b7laci\u00f3 de l&#8217;automatitzaci\u00f3 aqu\u00ed pot tenir avantatges significatius a causa de la major escala d&#8217;\u00fas d&#8217;energia als <strong>Smart Buildings<\/strong>.<\/p>\n\n\n\n<p>Consisteix a <strong><a href=\"https:\/\/www.signum.cat\/ca\/automatitzacio-dedificis\/\">projectar l&#8217;automatitzaci\u00f3 de l&#8217;edifici en habitatges<\/a><\/strong> no residencials, com ara despatxos o oficines.<\/p>\n\n\n\n<p>Si b\u00e9 la major escala de consum d&#8217;energia als edificis no residencials significa que hi ha un marge d&#8217;estalvi m\u00e9s gran, el potencial per reduir l&#8217;energia a trav\u00e9s de la tecnologia de la llar intel\u00b7ligent \u00e9s menys clar.<\/p>\n\n\n\n<p>Nombrosos assajos han revelat <strong>el desconeixement dels ciutadans respecte al comportament de la seva despesa<\/strong> en el consum d&#8217;electricitat al domicili.<\/p>\n\n\n\n<h2 class=\"wp-block-heading\"><span class=\"ez-toc-section\" id=\"Quins_son_els_avantatges_de_triar_una_casa_o_edifici_intel%C2%B7ligent_per_a_la_domotica\"><\/span>Quins s\u00f3n els avantatges de triar una casa o edifici intel\u00b7ligent per a la dom\u00f2tica?<span class=\"ez-toc-section-end\"><\/span><\/h2>\n\n\n\n<p>Els sistemes de dom\u00f2tica augmenten la consci\u00e8ncia de com es fa servir l&#8217;energia a la llar i poden conduir a una reducci\u00f3 del consum.<\/p>\n\n\n\n<p>Amb la <a href=\"https:\/\/www.pisos.com\/aldia\/con-la-domotica-se-pueden-alcanzar-ahorros-del-25-o-30-en-el-consumo-energetico\/62724 \/\" target=\"_blank\" rel=\"noreferrer noopener\">dom\u00f2tica es poden assolir estalvis del 25% o 30% en el consum energ\u00e8tic<\/a>. De vegades, la inversi\u00f3 realitzada es pot recuperar en dos o tres anys. Tot dependr\u00e0 de la quantitat de les funcions dom\u00f2tiques que vulguem integrar.<\/p>\n\n\n\n<p>A <strong>Signum<\/strong> podem oferir-te solucions a mida per a qualsevol tipus de consumidor, pots <a href=\"https:\/\/www.signum.cat\/ca\/contacta-amb-nososaltres\/\">contactar amb nosaltres i elaborarem un pressupost a mida.<\/a><\/p>\n\n\n\n<p>La tecnologia dep\u00e8n en gran mesura d&#8217;on s&#8217;apliqui, ja que en el cas del sud d&#8217;Europa, concretament a pa\u00efsos com It\u00e0lia o Espanya, \u00e9s molt probable que <strong>no s&#8217;obtinguin gaires beneficis<\/strong> amb un estalvi d&#8217;electricitat elevat .<\/p>\n\n\n\n<p>Per exemple, a nivell residencial, el nivell de consum per a calefacci\u00f3 \u00e9s tan baix que quan arribes als n\u00fameros reals, veus quant pots estalviar, <strong>probablement gastis m\u00e9s en el sistema de dom\u00f2tica del que podries estalviar a tota la vida. <\/strong><\/p>\n\n\n\n<h3 class=\"wp-block-heading\"><span class=\"ez-toc-section\" id=\"Interficie_dusuari_que_sigui_accessible_i_eficient\"><\/span>Interf\u00edcie d&#8217;usuari que sigui accessible i eficient<span class=\"ez-toc-section-end\"><\/span><\/h3>\n\n\n<div class=\"wp-block-image\">\n<figure class=\"aligncenter\"><img loading=\"lazy\" decoding=\"async\" width=\"980\" height=\"560\" src=\"https:\/\/www.signum.cat\/wp-content\/uploads\/2021\/02\/Control-de-luz-con-Domotica-SIGNUM.jpg\" alt=\"Control de llum amb Dom\u00f2tica - SIGNUM\" class=\"wp-image-1667\" srcset=\"https:\/\/www.signum.cat\/wp-content\/uploads\/2021\/02\/Control-de-luz-con-Domotica-SIGNUM.jpg 980w, https:\/\/www.signum.cat\/wp-content\/uploads\/2021\/02\/Control-de-luz-con-Domotica-SIGNUM-300x171.jpg 300w, https:\/\/www.signum.cat\/wp-content\/uploads\/2021\/02\/Control-de-luz-con-Domotica-SIGNUM-768x439.jpg 768w\" sizes=\"(max-width: 980px) 100vw, 980px\" \/><\/figure><\/div>\n\n\n<p>La majoria dels sistemes d&#8217;automatitzaci\u00f3 de la llar actuals assumeixen m\u00e9s o menys que tot s&#8217;ha de controlar a trav\u00e9s d&#8217;un smartphone o una cosa similar, cosa que podria no ser la soluci\u00f3 m\u00e9s eficient en molts casos.<\/p>\n\n\n\n<p>Hi ha exemples d&#8217;interacci\u00f3 ben coneguts que s\u00f3n dif\u00edcils de substituir a trav\u00e9s dels tel\u00e8fons intel\u00b7ligents. Pensem, per exemple, en l&#8217;interruptor de la llum, <strong>\u00e9s realment m\u00e9s eficient haver de fer servir el nostre tel\u00e8fon, obrir una aplicaci\u00f3 concreta i tocar un bot\u00f3 per encendre un llum?<\/strong><\/p>\n\n\n\n<h3 class=\"wp-block-heading\"><span class=\"ez-toc-section\" id=\"Operacions_automatiques_podrien_ser_millorables\"><\/span>Operacions autom\u00e0tiques podrien ser millorables<span class=\"ez-toc-section-end\"><\/span><\/h3>\n\n\n\n<p>L&#8217;automatitzaci\u00f3 de sistemes en habitatges residencials pot presentar altres desafiaments, com ara la integraci\u00f3 de dispositius produ\u00efts per diferents fabricants.<\/p>\n\n\n\n<p>Els consumidors que compren una <a href=\"https:\/\/www.xataka.com\/seleccion\/cual-dispositivo-util-mi-casa-inteligente-mejores-gadgets-conectados-editores-xataka\" target=\"_blank\" rel=\"noreferrer noopener\"><strong>varietat de dispositius intel\u00b7ligents<\/strong><\/a> diferents produ\u00efts per una varietat de desenvolupadors probablement enfrontaran problemes quan intenten que aquestes solucions funcionen juntes o responguin a un sol sistema d&#8217;ordre unificat.<\/p>\n\n\n\n<h3 class=\"wp-block-heading\"><span class=\"ez-toc-section\" id=\"Edificis_intel%C2%B7ligents_contra_pirates_informatics\"><\/span>Edificis intel\u00b7ligents contra pirates inform\u00e0tics<span class=\"ez-toc-section-end\"><\/span><\/h3>\n\n\n\n<p>Altres desafiaments inclouen protegir-se contra els riscos de seguretat en forma de pirates inform\u00e0tics que intenten obtenir acc\u00e9s al sistema.<\/p>\n\n\n\n<p>Aquests problemes es redueixen quan s&#8217;aplica un sistema d&#8217;automatitzaci\u00f3 de la llar integrada, en lloc d&#8217;una s\u00e8rie dels anomenats dispositius intel\u00b7ligents amb funcionalitat de <strong>Internet de les coses (IoT)<\/strong>.<\/p>\n\n\n\n<p>Tot i aix\u00f2, l&#8217;\u00fas de dispositius <strong>Internet of Things<\/strong> connectats a la xarxa elevar\u00e0 el volum global de <a href=\"https:\/\/almacenamientoit.ituser.es\/noticias-y-actualidad\/ 2019\/06\/el-\u00fas-de-dispositius-iot-connectats-elevara-el-volumen-global-de-dades-fins-794-zb-en-2025\" target=\"_blank\" rel=\"noreferrer noopener\"> 41.600 milions de dispositius el 2025<\/a> , de manera que les q\u00fcestions d&#8217;integraci\u00f3 semblen continuar sent importants els propers anys.<\/p>\n","protected":false},"excerpt":{"rendered":"<p>L&#8217;automatitzaci\u00f3 de la calefacci\u00f3 i altres controls ambientals pot generar grans estalvis per als edificis intel\u00b7ligents. Fins a quin punt \u00e9s possible assolir els mateixos resultats en habitatges residencials? Quina \u00e9s la difer\u00e8ncia entre l&#8217;anomenada dom\u00f2tica i la imm\u00f2tica? Els&#8230;<\/p>\n","protected":false},"author":2,"featured_media":1666,"comment_status":"closed","ping_status":"closed","sticky":false,"template":"","format":"standard","meta":{"_kad_post_transparent":"","_kad_post_title":"","_kad_post_layout":"","_kad_post_sidebar_id":"","_kad_post_content_style":"","_kad_post_vertical_padding":"","_kad_post_feature":"","_kad_post_feature_position":"","_kad_post_header":false,"_kad_post_footer":false,"footnotes":"","_joinchat":[]},"categories":[14,49,42],"tags":[],"yoast_head":"<!-- This site is optimized with the Yoast SEO plugin v21.7 - https:\/\/yoast.com\/wordpress\/plugins\/seo\/ -->\n<title>Edificis Intel\u00b7ligents: Efici\u00e8ncia Energ\u00e8tica - SIGNUM<\/title>\n<meta name=\"description\" content=\"El marc conceptual dels edificis intel\u00b7ligents i la correlaci\u00f3 amb l&#039;efici\u00e8ncia energ\u00e8tica. Aconseguir m\u00e9s rendiment de l&#039;edifici.\" \/>\n<meta name=\"robots\" content=\"index, follow, max-snippet:-1, max-image-preview:large, max-video-preview:-1\" \/>\n<link rel=\"canonical\" href=\"https:\/\/www.signum.cat\/ca\/edificis-intel\u00b7ligents-eficiencia-energetica\/\" \/>\n<meta property=\"og:locale\" content=\"ca_ES\" \/>\n<meta property=\"og:type\" content=\"article\" \/>\n<meta property=\"og:title\" content=\"Edificis Intel\u00b7ligents: Efici\u00e8ncia Energ\u00e8tica - SIGNUM\" \/>\n<meta property=\"og:description\" content=\"El marc conceptual dels edificis intel\u00b7ligents i la correlaci\u00f3 amb l&#039;efici\u00e8ncia energ\u00e8tica. Aconseguir m\u00e9s rendiment de l&#039;edifici.\" \/>\n<meta property=\"og:url\" content=\"https:\/\/www.signum.cat\/ca\/edificis-intel\u00b7ligents-eficiencia-energetica\/\" \/>\n<meta property=\"og:site_name\" content=\"SIGNUM\" \/>\n<meta property=\"article:published_time\" content=\"2023-04-25T11:48:49+00:00\" \/>\n<meta property=\"article:modified_time\" content=\"2023-04-25T11:50:28+00:00\" \/>\n<meta property=\"og:image\" content=\"https:\/\/www.signum.cat\/wp-content\/uploads\/2021\/02\/Edificios-Inteligentes-SIGNUM.jpg\" \/>\n\t<meta property=\"og:image:width\" content=\"980\" \/>\n\t<meta property=\"og:image:height\" content=\"560\" \/>\n\t<meta property=\"og:image:type\" content=\"image\/jpeg\" \/>\n<meta name=\"author\" content=\"Signum\" \/>\n<meta name=\"twitter:card\" content=\"summary_large_image\" \/>\n<meta name=\"twitter:label1\" content=\"Written by\" \/>\n\t<meta name=\"twitter:data1\" content=\"Signum\" \/>\n\t<meta name=\"twitter:label2\" content=\"Est. reading time\" \/>\n\t<meta name=\"twitter:data2\" content=\"4 minutes\" \/>\n<script type=\"application\/ld+json\" class=\"yoast-schema-graph\">{\"@context\":\"https:\/\/schema.org\",\"@graph\":[{\"@type\":\"Article\",\"@id\":\"https:\/\/www.signum.cat\/ca\/edificis-intel%c2%b7ligents-eficiencia-energetica\/#article\",\"isPartOf\":{\"@id\":\"https:\/\/www.signum.cat\/ca\/edificis-intel%c2%b7ligents-eficiencia-energetica\/\"},\"author\":{\"name\":\"Signum\",\"@id\":\"https:\/\/www.signum.cat\/#\/schema\/person\/c2e78202a3b382edd9e2930aac0b4def\"},\"headline\":\"Edificis Intel\u00b7ligents: Efici\u00e8ncia Energ\u00e8tica\",\"datePublished\":\"2023-04-25T11:48:49+00:00\",\"dateModified\":\"2023-04-25T11:50:28+00:00\",\"mainEntityOfPage\":{\"@id\":\"https:\/\/www.signum.cat\/ca\/edificis-intel%c2%b7ligents-eficiencia-energetica\/\"},\"wordCount\":759,\"publisher\":{\"@id\":\"https:\/\/www.signum.cat\/#organization\"},\"articleSection\":[\"Automatizaci\u00f3n\",\"Dom\u00f2tica\",\"Edificis Inteligents\"],\"inLanguage\":\"ca-ES\"},{\"@type\":\"WebPage\",\"@id\":\"https:\/\/www.signum.cat\/ca\/edificis-intel%c2%b7ligents-eficiencia-energetica\/\",\"url\":\"https:\/\/www.signum.cat\/ca\/edificis-intel%c2%b7ligents-eficiencia-energetica\/\",\"name\":\"Edificis Intel\u00b7ligents: Efici\u00e8ncia Energ\u00e8tica - SIGNUM\",\"isPartOf\":{\"@id\":\"https:\/\/www.signum.cat\/#website\"},\"datePublished\":\"2023-04-25T11:48:49+00:00\",\"dateModified\":\"2023-04-25T11:50:28+00:00\",\"description\":\"El marc conceptual dels edificis intel\u00b7ligents i la correlaci\u00f3 amb l'efici\u00e8ncia energ\u00e8tica. Aconseguir m\u00e9s rendiment de l'edifici.\",\"breadcrumb\":{\"@id\":\"https:\/\/www.signum.cat\/ca\/edificis-intel%c2%b7ligents-eficiencia-energetica\/#breadcrumb\"},\"inLanguage\":\"ca-ES\",\"potentialAction\":[{\"@type\":\"ReadAction\",\"target\":[\"https:\/\/www.signum.cat\/ca\/edificis-intel%c2%b7ligents-eficiencia-energetica\/\"]}]},{\"@type\":\"BreadcrumbList\",\"@id\":\"https:\/\/www.signum.cat\/ca\/edificis-intel%c2%b7ligents-eficiencia-energetica\/#breadcrumb\",\"itemListElement\":[{\"@type\":\"ListItem\",\"position\":1,\"name\":\"Portada\",\"item\":\"https:\/\/www.signum.cat\/ca\/\"},{\"@type\":\"ListItem\",\"position\":2,\"name\":\"Edificis Intel\u00b7ligents: Efici\u00e8ncia Energ\u00e8tica\"}]},{\"@type\":\"WebSite\",\"@id\":\"https:\/\/www.signum.cat\/#website\",\"url\":\"https:\/\/www.signum.cat\/\",\"name\":\"SIGNUM\",\"description\":\"Electricidad, dom\u00f3tica e inm\u00f3tica\",\"publisher\":{\"@id\":\"https:\/\/www.signum.cat\/#organization\"},\"potentialAction\":[{\"@type\":\"SearchAction\",\"target\":{\"@type\":\"EntryPoint\",\"urlTemplate\":\"https:\/\/www.signum.cat\/?s={search_term_string}\"},\"query-input\":\"required name=search_term_string\"}],\"inLanguage\":\"ca-ES\"},{\"@type\":\"Organization\",\"@id\":\"https:\/\/www.signum.cat\/#organization\",\"name\":\"SIGNUM\",\"url\":\"https:\/\/www.signum.cat\/\",\"logo\":{\"@type\":\"ImageObject\",\"inLanguage\":\"ca-ES\",\"@id\":\"https:\/\/www.signum.cat\/#\/schema\/logo\/image\/\",\"url\":\"https:\/\/www.signum.cat\/wp-content\/uploads\/2021\/02\/Logo-SIGNUM-Favicon-1.png\",\"contentUrl\":\"https:\/\/www.signum.cat\/wp-content\/uploads\/2021\/02\/Logo-SIGNUM-Favicon-1.png\",\"width\":80,\"height\":73,\"caption\":\"SIGNUM\"},\"image\":{\"@id\":\"https:\/\/www.signum.cat\/#\/schema\/logo\/image\/\"}},{\"@type\":\"Person\",\"@id\":\"https:\/\/www.signum.cat\/#\/schema\/person\/c2e78202a3b382edd9e2930aac0b4def\",\"name\":\"Signum\"}]}<\/script>\n<!-- \/ Yoast SEO plugin. -->","yoast_head_json":{"title":"Edificis Intel\u00b7ligents: Efici\u00e8ncia Energ\u00e8tica - SIGNUM","description":"El marc conceptual dels edificis intel\u00b7ligents i la correlaci\u00f3 amb l'efici\u00e8ncia energ\u00e8tica. Aconseguir m\u00e9s rendiment de l'edifici.","robots":{"index":"index","follow":"follow","max-snippet":"max-snippet:-1","max-image-preview":"max-image-preview:large","max-video-preview":"max-video-preview:-1"},"canonical":"https:\/\/www.signum.cat\/ca\/edificis-intel\u00b7ligents-eficiencia-energetica\/","og_locale":"ca_ES","og_type":"article","og_title":"Edificis Intel\u00b7ligents: Efici\u00e8ncia Energ\u00e8tica - SIGNUM","og_description":"El marc conceptual dels edificis intel\u00b7ligents i la correlaci\u00f3 amb l'efici\u00e8ncia energ\u00e8tica. Aconseguir m\u00e9s rendiment de l'edifici.","og_url":"https:\/\/www.signum.cat\/ca\/edificis-intel\u00b7ligents-eficiencia-energetica\/","og_site_name":"SIGNUM","article_published_time":"2023-04-25T11:48:49+00:00","article_modified_time":"2023-04-25T11:50:28+00:00","og_image":[{"width":980,"height":560,"url":"https:\/\/www.signum.cat\/wp-content\/uploads\/2021\/02\/Edificios-Inteligentes-SIGNUM.jpg","type":"image\/jpeg"}],"author":"Signum","twitter_card":"summary_large_image","twitter_misc":{"Written by":"Signum","Est. reading time":"4 minutes"},"schema":{"@context":"https:\/\/schema.org","@graph":[{"@type":"Article","@id":"https:\/\/www.signum.cat\/ca\/edificis-intel%c2%b7ligents-eficiencia-energetica\/#article","isPartOf":{"@id":"https:\/\/www.signum.cat\/ca\/edificis-intel%c2%b7ligents-eficiencia-energetica\/"},"author":{"name":"Signum","@id":"https:\/\/www.signum.cat\/#\/schema\/person\/c2e78202a3b382edd9e2930aac0b4def"},"headline":"Edificis Intel\u00b7ligents: Efici\u00e8ncia Energ\u00e8tica","datePublished":"2023-04-25T11:48:49+00:00","dateModified":"2023-04-25T11:50:28+00:00","mainEntityOfPage":{"@id":"https:\/\/www.signum.cat\/ca\/edificis-intel%c2%b7ligents-eficiencia-energetica\/"},"wordCount":759,"publisher":{"@id":"https:\/\/www.signum.cat\/#organization"},"articleSection":["Automatizaci\u00f3n","Dom\u00f2tica","Edificis Inteligents"],"inLanguage":"ca-ES"},{"@type":"WebPage","@id":"https:\/\/www.signum.cat\/ca\/edificis-intel%c2%b7ligents-eficiencia-energetica\/","url":"https:\/\/www.signum.cat\/ca\/edificis-intel%c2%b7ligents-eficiencia-energetica\/","name":"Edificis Intel\u00b7ligents: Efici\u00e8ncia Energ\u00e8tica - SIGNUM","isPartOf":{"@id":"https:\/\/www.signum.cat\/#website"},"datePublished":"2023-04-25T11:48:49+00:00","dateModified":"2023-04-25T11:50:28+00:00","description":"El marc conceptual dels edificis intel\u00b7ligents i la correlaci\u00f3 amb l'efici\u00e8ncia energ\u00e8tica. Aconseguir m\u00e9s rendiment de l'edifici.","breadcrumb":{"@id":"https:\/\/www.signum.cat\/ca\/edificis-intel%c2%b7ligents-eficiencia-energetica\/#breadcrumb"},"inLanguage":"ca-ES","potentialAction":[{"@type":"ReadAction","target":["https:\/\/www.signum.cat\/ca\/edificis-intel%c2%b7ligents-eficiencia-energetica\/"]}]},{"@type":"BreadcrumbList","@id":"https:\/\/www.signum.cat\/ca\/edificis-intel%c2%b7ligents-eficiencia-energetica\/#breadcrumb","itemListElement":[{"@type":"ListItem","position":1,"name":"Portada","item":"https:\/\/www.signum.cat\/ca\/"},{"@type":"ListItem","position":2,"name":"Edificis Intel\u00b7ligents: Efici\u00e8ncia Energ\u00e8tica"}]},{"@type":"WebSite","@id":"https:\/\/www.signum.cat\/#website","url":"https:\/\/www.signum.cat\/","name":"SIGNUM","description":"Electricidad, dom\u00f3tica e inm\u00f3tica","publisher":{"@id":"https:\/\/www.signum.cat\/#organization"},"potentialAction":[{"@type":"SearchAction","target":{"@type":"EntryPoint","urlTemplate":"https:\/\/www.signum.cat\/?s={search_term_string}"},"query-input":"required name=search_term_string"}],"inLanguage":"ca-ES"},{"@type":"Organization","@id":"https:\/\/www.signum.cat\/#organization","name":"SIGNUM","url":"https:\/\/www.signum.cat\/","logo":{"@type":"ImageObject","inLanguage":"ca-ES","@id":"https:\/\/www.signum.cat\/#\/schema\/logo\/image\/","url":"https:\/\/www.signum.cat\/wp-content\/uploads\/2021\/02\/Logo-SIGNUM-Favicon-1.png","contentUrl":"https:\/\/www.signum.cat\/wp-content\/uploads\/2021\/02\/Logo-SIGNUM-Favicon-1.png","width":80,"height":73,"caption":"SIGNUM"},"image":{"@id":"https:\/\/www.signum.cat\/#\/schema\/logo\/image\/"}},{"@type":"Person","@id":"https:\/\/www.signum.cat\/#\/schema\/person\/c2e78202a3b382edd9e2930aac0b4def","name":"Signum"}]}},"_links":{"self":[{"href":"https:\/\/www.signum.cat\/ca\/wp-json\/wp\/v2\/posts\/3511"}],"collection":[{"href":"https:\/\/www.signum.cat\/ca\/wp-json\/wp\/v2\/posts"}],"about":[{"href":"https:\/\/www.signum.cat\/ca\/wp-json\/wp\/v2\/types\/post"}],"author":[{"embeddable":true,"href":"https:\/\/www.signum.cat\/ca\/wp-json\/wp\/v2\/users\/2"}],"replies":[{"embeddable":true,"href":"https:\/\/www.signum.cat\/ca\/wp-json\/wp\/v2\/comments?post=3511"}],"version-history":[{"count":2,"href":"https:\/\/www.signum.cat\/ca\/wp-json\/wp\/v2\/posts\/3511\/revisions"}],"predecessor-version":[{"id":3514,"href":"https:\/\/www.signum.cat\/ca\/wp-json\/wp\/v2\/posts\/3511\/revisions\/3514"}],"wp:featuredmedia":[{"embeddable":true,"href":"https:\/\/www.signum.cat\/ca\/wp-json\/wp\/v2\/media\/1666"}],"wp:attachment":[{"href":"https:\/\/www.signum.cat\/ca\/wp-json\/wp\/v2\/media?parent=3511"}],"wp:term":[{"taxonomy":"category","embeddable":true,"href":"https:\/\/www.signum.cat\/ca\/wp-json\/wp\/v2\/categories?post=3511"},{"taxonomy":"post_tag","embeddable":true,"href":"https:\/\/www.signum.cat\/ca\/wp-json\/wp\/v2\/tags?post=3511"}],"curies":[{"name":"wp","href":"https:\/\/api.w.org\/{rel}","templated":true}]}}