{"id":3589,"date":"2023-06-19T18:14:34","date_gmt":"2023-06-19T16:14:34","guid":{"rendered":"https:\/\/www.signum.cat\/7-trucs-per-estalviar-calefaccio-i-gaudir-de-lhivern\/"},"modified":"2023-06-19T18:17:09","modified_gmt":"2023-06-19T16:17:09","slug":"estalviar-calefaccio","status":"publish","type":"post","link":"https:\/\/www.signum.cat\/ca\/estalviar-calefaccio\/","title":{"rendered":"7 trucs per estalviar calefacci\u00f3 i gaudir de l&#8217;hivern"},"content":{"rendered":"\n<p>Estalviar calefacci\u00f3 des del principi: L&#8217;hivern comporta baixes temperatures i, amb aix\u00f2, el <strong>augment en el consum de calefacci\u00f3.<\/strong> No obstant aix\u00f2, aix\u00f2 no significa que ens haguem de resignar a altes factures d&#8217;energia.<\/p>\n\n\n\n<p>En aquest article, <strong>et presentem trucs i consells<\/strong> per gaudir del m\u00e0xim confort durant els mesos m\u00e9s freds de l&#8217;any. Continua llegint i descobreix com mantenir la teva llar c\u00e0lida sense comprometre la teva butxaca.<\/p>\n\n\n\n<div id=\"ez-toc-container\" class=\"ez-toc-v2_0_61 counter-hierarchy ez-toc-counter ez-toc-grey ez-toc-container-direction\">\n<p class=\"ez-toc-title\"><\/p>\n<label for=\"ez-toc-cssicon-toggle-item-69f1d998d3f9c\" class=\"ez-toc-cssicon-toggle-label\"><span class=\"\"><span class=\"eztoc-hide\" style=\"display:none;\">Toggle<\/span><span class=\"ez-toc-icon-toggle-span\"><svg style=\"fill: #999;color:#999\" xmlns=\"http:\/\/www.w3.org\/2000\/svg\" class=\"list-377408\" width=\"20px\" height=\"20px\" viewBox=\"0 0 24 24\" fill=\"none\"><path d=\"M6 6H4v2h2V6zm14 0H8v2h12V6zM4 11h2v2H4v-2zm16 0H8v2h12v-2zM4 16h2v2H4v-2zm16 0H8v2h12v-2z\" fill=\"currentColor\"><\/path><\/svg><svg style=\"fill: #999;color:#999\" class=\"arrow-unsorted-368013\" xmlns=\"http:\/\/www.w3.org\/2000\/svg\" width=\"10px\" height=\"10px\" viewBox=\"0 0 24 24\" version=\"1.2\" baseProfile=\"tiny\"><path d=\"M18.2 9.3l-6.2-6.3-6.2 6.3c-.2.2-.3.4-.3.7s.1.5.3.7c.2.2.4.3.7.3h11c.3 0 .5-.1.7-.3.2-.2.3-.5.3-.7s-.1-.5-.3-.7zM5.8 14.7l6.2 6.3 6.2-6.3c.2-.2.3-.5.3-.7s-.1-.5-.3-.7c-.2-.2-.4-.3-.7-.3h-11c-.3 0-.5.1-.7.3-.2.2-.3.5-.3.7s.1.5.3.7z\"\/><\/svg><\/span><\/span><\/label><input type=\"checkbox\"  id=\"ez-toc-cssicon-toggle-item-69f1d998d3f9c\"  aria-label=\"Toggle\" \/><nav><ul class='ez-toc-list ez-toc-list-level-1 ' ><li class='ez-toc-page-1 ez-toc-heading-level-2'><a class=\"ez-toc-link ez-toc-heading-1\" href=\"https:\/\/www.signum.cat\/ca\/estalviar-calefaccio\/#Consells_eficients_per_estalviar_calefaccio\" title=\"Consells eficients per estalviar calefacci\u00f3\">Consells eficients per estalviar calefacci\u00f3<\/a><ul class='ez-toc-list-level-3' ><li class='ez-toc-heading-level-3'><a class=\"ez-toc-link ez-toc-heading-2\" href=\"https:\/\/www.signum.cat\/ca\/estalviar-calefaccio\/#Aprofita_la_llum_solar\" title=\"Aprofita la llum solar\">Aprofita la llum solar<\/a><\/li><li class='ez-toc-page-1 ez-toc-heading-level-3'><a class=\"ez-toc-link ez-toc-heading-3\" href=\"https:\/\/www.signum.cat\/ca\/estalviar-calefaccio\/#Ailla_adequadament_casa_teva\" title=\"A\u00eflla adequadament casa teva\">A\u00eflla adequadament casa teva<\/a><\/li><li class='ez-toc-page-1 ez-toc-heading-level-3'><a class=\"ez-toc-link ez-toc-heading-4\" href=\"https:\/\/www.signum.cat\/ca\/estalviar-calefaccio\/#Utilitza_termostats_programables\" title=\"Utilitza term\u00f2stats programables\">Utilitza term\u00f2stats programables<\/a><\/li><\/ul><\/li><li class='ez-toc-page-1 ez-toc-heading-level-2'><a class=\"ez-toc-link ez-toc-heading-5\" href=\"https:\/\/www.signum.cat\/ca\/estalviar-calefaccio\/#Maximitza_el_teu_estalvi_de_calefaccio_amb_aquests_consells_addicionals\" title=\"Maximitza el teu estalvi de calefacci\u00f3 amb aquests consells addicionals\">Maximitza el teu estalvi de calefacci\u00f3 amb aquests consells addicionals<\/a><ul class='ez-toc-list-level-3' ><li class='ez-toc-heading-level-3'><a class=\"ez-toc-link ez-toc-heading-6\" href=\"https:\/\/www.signum.cat\/ca\/estalviar-calefaccio\/#No_bloquegis_els_radiadors\" title=\"No bloquegis els radiadors\">No bloquegis els radiadors<\/a><\/li><li class='ez-toc-page-1 ez-toc-heading-level-3'><a class=\"ez-toc-link ez-toc-heading-7\" href=\"https:\/\/www.signum.cat\/ca\/estalviar-calefaccio\/#Ajusta_la_temperatura_adequada\" title=\"Ajusta la temperatura adequada\">Ajusta la temperatura adequada<\/a><\/li><li class='ez-toc-page-1 ez-toc-heading-level-3'><a class=\"ez-toc-link ez-toc-heading-8\" href=\"https:\/\/www.signum.cat\/ca\/estalviar-calefaccio\/#Aprofita_la_calor_residual\" title=\"Aprofita la calor residual\">Aprofita la calor residual<\/a><\/li><li class='ez-toc-page-1 ez-toc-heading-level-3'><a class=\"ez-toc-link ez-toc-heading-9\" href=\"https:\/\/www.signum.cat\/ca\/estalviar-calefaccio\/#Mantingues_un_manteniment_regular\" title=\"Mantingues un manteniment regular\">Mantingues un manteniment regular<\/a><\/li><\/ul><\/li><li class='ez-toc-page-1 ez-toc-heading-level-2'><a class=\"ez-toc-link ez-toc-heading-10\" href=\"https:\/\/www.signum.cat\/ca\/estalviar-calefaccio\/#En_resum_sobre_estalviar_calefaccio_a_lhivern\" title=\"En resum sobre estalviar calefacci\u00f3 a l&#8217;hivern\">En resum sobre estalviar calefacci\u00f3 a l&#8217;hivern<\/a><\/li><\/ul><\/nav><\/div>\n<h2 class=\"wp-block-heading\"><span class=\"ez-toc-section\" id=\"Consells_eficients_per_estalviar_calefaccio\"><\/span>Consells eficients per estalviar calefacci\u00f3<span class=\"ez-toc-section-end\"><\/span><\/h2>\n\n\n\n<p>Descobriu estrat\u00e8gies intel\u00b7ligents que us permetran gaudir de l&#8217;hivern sense preocupar-vos per les altes factures d&#8217;energia. Prepara&#8217;t per posar en pr\u00e0ctica aquests trucs i estalviar calefacci\u00f3 de manera efectiva!<\/p>\n\n\n\n<h3 class=\"wp-block-heading\"><span class=\"ez-toc-section\" id=\"Aprofita_la_llum_solar\"><\/span>Aprofita la llum solar<span class=\"ez-toc-section-end\"><\/span><\/h3>\n\n\n\n<p><strong>L&#8217;energia solar \u00e9s una font natural i gratu\u00efta de calor<\/strong>. Assegureu-vos d&#8217;obrir les cortines i persianes durant el dia per deixar entrar la llum del sol.<\/p>\n\n\n\n<figure class=\"wp-block-embed is-type-wp-embed is-provider-signum wp-block-embed-signum\"><div class=\"wp-block-embed__wrapper\">\n<blockquote class=\"wp-embedded-content\" data-secret=\"HQ0NSPLQIE\"><a href=\"https:\/\/www.signum.cat\/ca\/coneix-els-avantatges-dels-panells-solars-a-casa\/\">Coneix els avantatges dels panells solars a casa<\/a><\/blockquote><iframe class=\"wp-embedded-content\" sandbox=\"allow-scripts\" security=\"restricted\" style=\"position: absolute; clip: rect(1px, 1px, 1px, 1px);\" title=\"\u00abConeix els avantatges dels panells solars a casa\u00bb \u2014 SIGNUM\" src=\"https:\/\/www.signum.cat\/ca\/coneix-els-avantatges-dels-panells-solars-a-casa\/embed\/#?secret=s2KI9jhFql#?secret=HQ0NSPLQIE\" data-secret=\"HQ0NSPLQIE\" width=\"600\" height=\"338\" frameborder=\"0\" marginwidth=\"0\" marginheight=\"0\" scrolling=\"no\"><\/iframe>\n<\/div><\/figure>\n\n\n\n<p>Aix\u00f2 escalfar\u00e0 la teva llar de manera natural, reduint aix\u00ed la necessitat d&#8217;encendre la calefacci\u00f3. No subestimis el poder dels raigs solars, ja que tamb\u00e9 aporten una sensaci\u00f3 de benestar i vitalitat al teu espai.<\/p>\n\n\n\n<h3 class=\"wp-block-heading\"><span class=\"ez-toc-section\" id=\"Ailla_adequadament_casa_teva\"><\/span>A\u00eflla adequadament casa teva<span class=\"ez-toc-section-end\"><\/span><\/h3>\n\n\n\n<p>La manca d&#8217;a\u00efllament adequat <strong>pot fer que s&#8217;escapi la calor de casa teva<\/strong>, cosa que resulta en un major consum de calefacci\u00f3. Assegureu-vos de segellar qualsevol escletxa o fissura a les portes i finestres per evitar els corrents d&#8217;aire fred.<\/p>\n\n\n<div class=\"wp-block-image\">\n<figure class=\"aligncenter size-full\"><img loading=\"lazy\" decoding=\"async\" width=\"980\" height=\"560\" src=\"https:\/\/www.signum.cat\/wp-content\/uploads\/2023\/05\/Aislamiento-de-ventanas-para-ahorrar-calefaccion.jpg\" alt=\"A\u00efllament de finestres per estalviar calefacci\u00f3\" class=\"wp-image-3576\" srcset=\"https:\/\/www.signum.cat\/wp-content\/uploads\/2023\/05\/Aislamiento-de-ventanas-para-ahorrar-calefaccion.jpg 980w, https:\/\/www.signum.cat\/wp-content\/uploads\/2023\/05\/Aislamiento-de-ventanas-para-ahorrar-calefaccion-300x171.jpg 300w, https:\/\/www.signum.cat\/wp-content\/uploads\/2023\/05\/Aislamiento-de-ventanas-para-ahorrar-calefaccion-768x439.jpg 768w\" sizes=\"(max-width: 980px) 100vw, 980px\" \/><\/figure><\/div>\n\n\n<p>D&#8217;altra banda, considera la possibilitat d&#8217;instal\u00b7lar un <strong>bon a\u00efllament a finestres, parets i sostres per maximitzar la retenci\u00f3 de la calor. <\/strong><\/p>\n\n\n\n<p>Recordeu que un bon a\u00efllament no nom\u00e9s us ajudar\u00e0 a estalviar en calefacci\u00f3, sin\u00f3 que tamb\u00e9 contribuir\u00e0 a crear un ambient acollidor i confortable.<\/p>\n\n\n\n<h3 class=\"wp-block-heading\"><span class=\"ez-toc-section\" id=\"Utilitza_termostats_programables\"><\/span>Utilitza term\u00f2stats programables<span class=\"ez-toc-section-end\"><\/span><\/h3>\n\n\n\n<p>Els <a href=\"https:\/\/www.signum.cat\/ca\/termostat-de-calefaccio\/\">term\u00f2stats programables<\/a> s\u00f3n una excel\u00b7lent eina per optimitzar el consum de calefacci\u00f3. Aquests dispositius us <strong>permeten programar la temperatura de casa vostra<\/strong> d&#8217;acord amb els vostres horaris i necessitats.<\/p>\n\n\n\n<figure class=\"wp-block-embed is-type-wp-embed is-provider-signum wp-block-embed-signum\"><div class=\"wp-block-embed__wrapper\">\n<blockquote class=\"wp-embedded-content\" data-secret=\"M7y38NZGCZ\"><a href=\"https:\/\/www.signum.cat\/termostato-de-calefaccion\/\">Termostato de Calefacci\u00f3n<\/a><\/blockquote><iframe class=\"wp-embedded-content\" sandbox=\"allow-scripts\" security=\"restricted\" style=\"position: absolute; clip: rect(1px, 1px, 1px, 1px);\" title=\"\u00abTermostato de Calefacci\u00f3n\u00bb \u2014 SIGNUM\" src=\"https:\/\/www.signum.cat\/termostato-de-calefaccion\/embed\/#?secret=DUwiZcbKS5#?secret=M7y38NZGCZ\" data-secret=\"M7y38NZGCZ\" width=\"600\" height=\"338\" frameborder=\"0\" marginwidth=\"0\" marginheight=\"0\" scrolling=\"no\"><\/iframe>\n<\/div><\/figure>\n\n\n\n<p>Per exemple, pots reduir la temperatura mentre dorms o quan no hi ha ning\u00fa a casa. D&#8217;aquesta manera, evitar\u00e0s el malbaratament d&#8217;energia i aconseguir\u00e0s un estalvi significatiu a les factures.<\/p>\n\n\n\n<p>Igualment, alguns term\u00f2stats fins i tot et permeten controlar la temperatura de forma remota a trav\u00e9s d&#8217;una aplicaci\u00f3 al teu smartphone o gr\u00e0cies tamb\u00e9 a la <a href=\"https:\/\/www.signum.cat\/ca\/instal%c2%b7lacio-de-domotica-en-habitatge\/\">instal\u00b7laci\u00f3 de sistemes dom\u00f2tics per a cases<\/a>.<\/p>\n\n\n\n<h2 class=\"wp-block-heading\"><span class=\"ez-toc-section\" id=\"Maximitza_el_teu_estalvi_de_calefaccio_amb_aquests_consells_addicionals\"><\/span>Maximitza el teu estalvi de calefacci\u00f3 amb aquests consells addicionals<span class=\"ez-toc-section-end\"><\/span><\/h2>\n\n\n\n<figure class=\"wp-block-image size-full\"><img loading=\"lazy\" decoding=\"async\" width=\"980\" height=\"560\" src=\"https:\/\/www.signum.cat\/wp-content\/uploads\/2023\/05\/Ahorrar-calefaccion-con-radiadores-convencionales.jpg\" alt=\"Estalviar calefacci\u00f3 amb radiadors convencionals\" class=\"wp-image-3574\" srcset=\"https:\/\/www.signum.cat\/wp-content\/uploads\/2023\/05\/Ahorrar-calefaccion-con-radiadores-convencionales.jpg 980w, https:\/\/www.signum.cat\/wp-content\/uploads\/2023\/05\/Ahorrar-calefaccion-con-radiadores-convencionales-300x171.jpg 300w, https:\/\/www.signum.cat\/wp-content\/uploads\/2023\/05\/Ahorrar-calefaccion-con-radiadores-convencionales-768x439.jpg 768w\" sizes=\"(max-width: 980px) 100vw, 980px\" \/><\/figure>\n\n\n\n<h3 class=\"wp-block-heading\"><span class=\"ez-toc-section\" id=\"No_bloquegis_els_radiadors\"><\/span>No bloquegis els radiadors<span class=\"ez-toc-section-end\"><\/span><\/h3>\n\n\n\n<p>Assegureu-vos de mantenir els radiadors lliures d&#8217;obstacles. Evita col\u00b7locar-hi mobles o cortines a prop seu, ja que aix\u00f2 dificultar\u00e0 la distribuci\u00f3 de la calor a l&#8217;habitaci\u00f3.<\/p>\n\n\n\n<p>Si teniu radiadors de paret, <strong>considereu la instal\u00b7laci\u00f3 de panells reflectants darrere seu<\/strong>. Aquests panells ajuden a reflectir la calor cap a l&#8217;habitaci\u00f3 en lloc de permetre que escapi a trav\u00e9s de les parets.<\/p>\n\n\n\n<h3 class=\"wp-block-heading\"><span class=\"ez-toc-section\" id=\"Ajusta_la_temperatura_adequada\"><\/span>Ajusta la temperatura adequada<span class=\"ez-toc-section-end\"><\/span><\/h3>\n\n\n\n<p>\u00c9s temptador augmentar la temperatura de la calefacci\u00f3 al m\u00e0xim quan fa fred, per\u00f2 aix\u00f2 nom\u00e9s resultar\u00e0 en un consum d&#8217;energia m\u00e9s gran. En canvi, estableix una <strong>temperatura c\u00f2moda i adequada, generalment entre 18\u00b0C \u200b\u200bi 20\u00b0C<\/strong>.<\/p>\n\n\n\n<p>Recordeu que <em>cada grau addicional augmenta aproximadament un 7% el consum d&#8217;energia<\/em>. Si sents fred, \u00e9s preferible abrigar-se amb roba m\u00e9s abrigada o fer servir mantes addicionals per mantenir la calor.<\/p>\n\n\n\n<h3 class=\"wp-block-heading\"><span class=\"ez-toc-section\" id=\"Aprofita_la_calor_residual\"><\/span>Aprofita la calor residual<span class=\"ez-toc-section-end\"><\/span><\/h3>\n\n\n\n<p>Quan apagueu la calefacci\u00f3, podeu <strong>aprofitar la calor residual per mantenir la vostra llar c\u00e0lida<\/strong> durant m\u00e9s temps. Mantingues les portes tancades per evitar que la calor escapi d&#8217;una habitaci\u00f3 a una altra.<\/p>\n\n\n<div class=\"wp-block-image\">\n<figure class=\"aligncenter size-full\"><img loading=\"lazy\" decoding=\"async\" width=\"980\" height=\"560\" src=\"https:\/\/www.signum.cat\/wp-content\/uploads\/2023\/05\/Cerrar-puertas-para-ahorrar-calefaccion.jpg\" alt=\"Tancar portes per estalviar calefacci\u00f3\" class=\"wp-image-3578\" srcset=\"https:\/\/www.signum.cat\/wp-content\/uploads\/2023\/05\/Cerrar-puertas-para-ahorrar-calefaccion.jpg 980w, https:\/\/www.signum.cat\/wp-content\/uploads\/2023\/05\/Cerrar-puertas-para-ahorrar-calefaccion-300x171.jpg 300w, https:\/\/www.signum.cat\/wp-content\/uploads\/2023\/05\/Cerrar-puertas-para-ahorrar-calefaccion-768x439.jpg 768w\" sizes=\"(max-width: 980px) 100vw, 980px\" \/><\/figure><\/div>\n\n\n<p>Tamb\u00e9 pots utilitzar <a href=\"https:\/\/www.leroymerlin.es\/productos\/iluminacion\/ventiladores-de-sostre\/\" target=\"_blank\" rel=\"noreferrer noopener\">ventiladors de sostre<\/a> en mode invers per distribuir l&#8217;aire calent acumulat al sostre cap avall. D&#8217;aquesta manera, podreu gaudir de la calor durant m\u00e9s temps sense haver d&#8217;encendre la calefacci\u00f3 novament.<\/p>\n\n\n\n<h3 class=\"wp-block-heading\"><span class=\"ez-toc-section\" id=\"Mantingues_un_manteniment_regular\"><\/span>Mantingues un manteniment regular<span class=\"ez-toc-section-end\"><\/span><\/h3>\n\n\n\n<p>Realitzar un <strong>manteniment regular al teu sistema de calefacci\u00f3<\/strong> \u00e9s fonamental per a la seva efici\u00e8ncia i longevitat.<\/p>\n\n\n\n<p><strong>Neteja i purga els radiadors<\/strong> peri\u00f2dicament per eliminar qualsevol acumulaci\u00f3 d&#8217;aire i sediments que puguin afectar-ne el rendiment. Tamb\u00e9 assegura&#8217;t que la teva caldera estigui en bon estat i que es revisi anualment per un professional.<\/p>\n\n\n\n<p>Un sistema de calefacci\u00f3 ben mantingut no nom\u00e9s funcionar\u00e0 de manera m\u00e9s eficient, sin\u00f3 que tamb\u00e9 us <br>brindar\u00e0 tranquil\u00b7litat i evitar\u00e0 costoses reparacions a llarg termini.<\/p>\n\n\n\n<h2 class=\"wp-block-heading\"><span class=\"ez-toc-section\" id=\"En_resum_sobre_estalviar_calefaccio_a_lhivern\"><\/span>En resum sobre estalviar calefacci\u00f3 a l&#8217;hivern<span class=\"ez-toc-section-end\"><\/span><\/h2>\n\n\n\n<p>Estalviar calefacci\u00f3 i gaudir de l\u00b4hivern no s\u00f3n objectius incompatibles. Seguint aquests trucs per estalviar calefacci\u00f3, <strong>podr\u00e0s reduir significativament les teves despeses energ\u00e8tiques<\/strong> sense sacrificar el confort a casa teva.<\/p>\n\n\n\n<p>Recordeu que petites accions poden marcar la difer\u00e8ncia, i la combinaci\u00f3 d&#8217;h\u00e0bits intel\u00b7ligents i tecnologia adequada <strong>et permetr\u00e0 mantenir un ambient c\u00e0lid i acollidor<\/strong> durant tota la temporada hivernal.<\/p>\n\n\n\n<p>Obtingues <strong>assessorament energ\u00e8tic<\/strong>, sobre instal\u00b7lacions de qualitat i solucions energ\u00e8tiques eficients. No deixeu passar aquesta oportunitat i comenceu a gaudir d&#8217;una llar c\u00e0lida i sostenible!<\/p>\n\n\n\n<p>D\u00f3na-li un impuls al teu confort i estalvia en calefacci\u00f3! <a href=\"https:\/\/www.signum.cat\/ca\/contacta-amb-nososaltres\/\">Contacta&#8217;ns<\/a> ara mateix per descobrir com <a href=\"https:\/\/www.signum.cat\/ca\/calefaccio-a-barcelona\/\">els nostres serveis de calefacci\u00f3<\/a> i energies alternatives poden transformar la teva llar.<\/p>\n","protected":false},"excerpt":{"rendered":"<p>Estalviar calefacci\u00f3 des del principi: L&#8217;hivern comporta baixes temperatures i, amb aix\u00f2, el augment en el consum de calefacci\u00f3. No obstant aix\u00f2, aix\u00f2 no significa que ens haguem de resignar a altes factures d&#8217;energia. En aquest article, et presentem trucs&#8230;<\/p>\n","protected":false},"author":2,"featured_media":3581,"comment_status":"closed","ping_status":"closed","sticky":false,"template":"","format":"standard","meta":{"_kad_post_transparent":"","_kad_post_title":"","_kad_post_layout":"","_kad_post_sidebar_id":"","_kad_post_content_style":"","_kad_post_vertical_padding":"","_kad_post_feature":"","_kad_post_feature_position":"","_kad_post_header":false,"_kad_post_footer":false,"footnotes":"","_joinchat":[]},"categories":[48],"tags":[],"yoast_head":"<!-- This site is optimized with the Yoast SEO plugin v21.7 - https:\/\/yoast.com\/wordpress\/plugins\/seo\/ -->\n<title>7 trucs per estalviar calefacci\u00f3 i gaudir de l&#039;hivern - SIGNUM<\/title>\n<meta name=\"description\" content=\"Trucs i consells efectius per estalviar calefacci\u00f3 per gaudir del m\u00e0xim confort durant els mesos m\u00e9s freds de l\u00b4any.\" \/>\n<meta name=\"robots\" content=\"index, follow, max-snippet:-1, max-image-preview:large, max-video-preview:-1\" \/>\n<link rel=\"canonical\" href=\"https:\/\/www.signum.cat\/ca\/estalviar-calefaccio\/\" \/>\n<meta property=\"og:locale\" content=\"ca_ES\" \/>\n<meta property=\"og:type\" content=\"article\" \/>\n<meta property=\"og:title\" content=\"7 trucs per estalviar calefacci\u00f3 i gaudir de l&#039;hivern - SIGNUM\" \/>\n<meta property=\"og:description\" content=\"Trucs i consells efectius per estalviar calefacci\u00f3 per gaudir del m\u00e0xim confort durant els mesos m\u00e9s freds de l\u00b4any.\" \/>\n<meta property=\"og:url\" content=\"https:\/\/www.signum.cat\/ca\/estalviar-calefaccio\/\" \/>\n<meta property=\"og:site_name\" content=\"SIGNUM\" \/>\n<meta property=\"article:published_time\" content=\"2023-06-19T16:14:34+00:00\" \/>\n<meta property=\"article:modified_time\" content=\"2023-06-19T16:17:09+00:00\" \/>\n<meta property=\"og:image\" content=\"https:\/\/www.signum.cat\/wp-content\/uploads\/2023\/05\/Trucos-y-consejos-ahorrar-calefaccion.jpg\" \/>\n\t<meta property=\"og:image:width\" content=\"980\" \/>\n\t<meta property=\"og:image:height\" content=\"560\" \/>\n\t<meta property=\"og:image:type\" content=\"image\/jpeg\" \/>\n<meta name=\"author\" content=\"Signum\" \/>\n<meta name=\"twitter:card\" content=\"summary_large_image\" \/>\n<meta name=\"twitter:label1\" content=\"Written by\" \/>\n\t<meta name=\"twitter:data1\" content=\"Signum\" \/>\n\t<meta name=\"twitter:label2\" content=\"Est. reading time\" \/>\n\t<meta name=\"twitter:data2\" content=\"5 minutes\" \/>\n<script type=\"application\/ld+json\" class=\"yoast-schema-graph\">{\"@context\":\"https:\/\/schema.org\",\"@graph\":[{\"@type\":\"Article\",\"@id\":\"https:\/\/www.signum.cat\/ca\/estalviar-calefaccio\/#article\",\"isPartOf\":{\"@id\":\"https:\/\/www.signum.cat\/ca\/estalviar-calefaccio\/\"},\"author\":{\"name\":\"Signum\",\"@id\":\"https:\/\/www.signum.cat\/#\/schema\/person\/c2e78202a3b382edd9e2930aac0b4def\"},\"headline\":\"7 trucs per estalviar calefacci\u00f3 i gaudir de l&#8217;hivern\",\"datePublished\":\"2023-06-19T16:14:34+00:00\",\"dateModified\":\"2023-06-19T16:17:09+00:00\",\"mainEntityOfPage\":{\"@id\":\"https:\/\/www.signum.cat\/ca\/estalviar-calefaccio\/\"},\"wordCount\":844,\"publisher\":{\"@id\":\"https:\/\/www.signum.cat\/#organization\"},\"articleSection\":[\"Calefacci\u00f3\"],\"inLanguage\":\"ca-ES\"},{\"@type\":\"WebPage\",\"@id\":\"https:\/\/www.signum.cat\/ca\/estalviar-calefaccio\/\",\"url\":\"https:\/\/www.signum.cat\/ca\/estalviar-calefaccio\/\",\"name\":\"7 trucs per estalviar calefacci\u00f3 i gaudir de l'hivern - SIGNUM\",\"isPartOf\":{\"@id\":\"https:\/\/www.signum.cat\/#website\"},\"datePublished\":\"2023-06-19T16:14:34+00:00\",\"dateModified\":\"2023-06-19T16:17:09+00:00\",\"description\":\"Trucs i consells efectius per estalviar calefacci\u00f3 per gaudir del m\u00e0xim confort durant els mesos m\u00e9s freds de l\u00b4any.\",\"breadcrumb\":{\"@id\":\"https:\/\/www.signum.cat\/ca\/estalviar-calefaccio\/#breadcrumb\"},\"inLanguage\":\"ca-ES\",\"potentialAction\":[{\"@type\":\"ReadAction\",\"target\":[\"https:\/\/www.signum.cat\/ca\/estalviar-calefaccio\/\"]}]},{\"@type\":\"BreadcrumbList\",\"@id\":\"https:\/\/www.signum.cat\/ca\/estalviar-calefaccio\/#breadcrumb\",\"itemListElement\":[{\"@type\":\"ListItem\",\"position\":1,\"name\":\"Portada\",\"item\":\"https:\/\/www.signum.cat\/ca\/\"},{\"@type\":\"ListItem\",\"position\":2,\"name\":\"7 trucs per estalviar calefacci\u00f3 i gaudir de l&#8217;hivern\"}]},{\"@type\":\"WebSite\",\"@id\":\"https:\/\/www.signum.cat\/#website\",\"url\":\"https:\/\/www.signum.cat\/\",\"name\":\"SIGNUM\",\"description\":\"Electricidad, dom\u00f3tica e inm\u00f3tica\",\"publisher\":{\"@id\":\"https:\/\/www.signum.cat\/#organization\"},\"potentialAction\":[{\"@type\":\"SearchAction\",\"target\":{\"@type\":\"EntryPoint\",\"urlTemplate\":\"https:\/\/www.signum.cat\/?s={search_term_string}\"},\"query-input\":\"required name=search_term_string\"}],\"inLanguage\":\"ca-ES\"},{\"@type\":\"Organization\",\"@id\":\"https:\/\/www.signum.cat\/#organization\",\"name\":\"SIGNUM\",\"url\":\"https:\/\/www.signum.cat\/\",\"logo\":{\"@type\":\"ImageObject\",\"inLanguage\":\"ca-ES\",\"@id\":\"https:\/\/www.signum.cat\/#\/schema\/logo\/image\/\",\"url\":\"https:\/\/www.signum.cat\/wp-content\/uploads\/2021\/02\/Logo-SIGNUM-Favicon-1.png\",\"contentUrl\":\"https:\/\/www.signum.cat\/wp-content\/uploads\/2021\/02\/Logo-SIGNUM-Favicon-1.png\",\"width\":80,\"height\":73,\"caption\":\"SIGNUM\"},\"image\":{\"@id\":\"https:\/\/www.signum.cat\/#\/schema\/logo\/image\/\"}},{\"@type\":\"Person\",\"@id\":\"https:\/\/www.signum.cat\/#\/schema\/person\/c2e78202a3b382edd9e2930aac0b4def\",\"name\":\"Signum\"}]}<\/script>\n<!-- \/ Yoast SEO plugin. -->","yoast_head_json":{"title":"7 trucs per estalviar calefacci\u00f3 i gaudir de l'hivern - SIGNUM","description":"Trucs i consells efectius per estalviar calefacci\u00f3 per gaudir del m\u00e0xim confort durant els mesos m\u00e9s freds de l\u00b4any.","robots":{"index":"index","follow":"follow","max-snippet":"max-snippet:-1","max-image-preview":"max-image-preview:large","max-video-preview":"max-video-preview:-1"},"canonical":"https:\/\/www.signum.cat\/ca\/estalviar-calefaccio\/","og_locale":"ca_ES","og_type":"article","og_title":"7 trucs per estalviar calefacci\u00f3 i gaudir de l'hivern - SIGNUM","og_description":"Trucs i consells efectius per estalviar calefacci\u00f3 per gaudir del m\u00e0xim confort durant els mesos m\u00e9s freds de l\u00b4any.","og_url":"https:\/\/www.signum.cat\/ca\/estalviar-calefaccio\/","og_site_name":"SIGNUM","article_published_time":"2023-06-19T16:14:34+00:00","article_modified_time":"2023-06-19T16:17:09+00:00","og_image":[{"width":980,"height":560,"url":"https:\/\/www.signum.cat\/wp-content\/uploads\/2023\/05\/Trucos-y-consejos-ahorrar-calefaccion.jpg","type":"image\/jpeg"}],"author":"Signum","twitter_card":"summary_large_image","twitter_misc":{"Written by":"Signum","Est. reading time":"5 minutes"},"schema":{"@context":"https:\/\/schema.org","@graph":[{"@type":"Article","@id":"https:\/\/www.signum.cat\/ca\/estalviar-calefaccio\/#article","isPartOf":{"@id":"https:\/\/www.signum.cat\/ca\/estalviar-calefaccio\/"},"author":{"name":"Signum","@id":"https:\/\/www.signum.cat\/#\/schema\/person\/c2e78202a3b382edd9e2930aac0b4def"},"headline":"7 trucs per estalviar calefacci\u00f3 i gaudir de l&#8217;hivern","datePublished":"2023-06-19T16:14:34+00:00","dateModified":"2023-06-19T16:17:09+00:00","mainEntityOfPage":{"@id":"https:\/\/www.signum.cat\/ca\/estalviar-calefaccio\/"},"wordCount":844,"publisher":{"@id":"https:\/\/www.signum.cat\/#organization"},"articleSection":["Calefacci\u00f3"],"inLanguage":"ca-ES"},{"@type":"WebPage","@id":"https:\/\/www.signum.cat\/ca\/estalviar-calefaccio\/","url":"https:\/\/www.signum.cat\/ca\/estalviar-calefaccio\/","name":"7 trucs per estalviar calefacci\u00f3 i gaudir de l'hivern - SIGNUM","isPartOf":{"@id":"https:\/\/www.signum.cat\/#website"},"datePublished":"2023-06-19T16:14:34+00:00","dateModified":"2023-06-19T16:17:09+00:00","description":"Trucs i consells efectius per estalviar calefacci\u00f3 per gaudir del m\u00e0xim confort durant els mesos m\u00e9s freds de l\u00b4any.","breadcrumb":{"@id":"https:\/\/www.signum.cat\/ca\/estalviar-calefaccio\/#breadcrumb"},"inLanguage":"ca-ES","potentialAction":[{"@type":"ReadAction","target":["https:\/\/www.signum.cat\/ca\/estalviar-calefaccio\/"]}]},{"@type":"BreadcrumbList","@id":"https:\/\/www.signum.cat\/ca\/estalviar-calefaccio\/#breadcrumb","itemListElement":[{"@type":"ListItem","position":1,"name":"Portada","item":"https:\/\/www.signum.cat\/ca\/"},{"@type":"ListItem","position":2,"name":"7 trucs per estalviar calefacci\u00f3 i gaudir de l&#8217;hivern"}]},{"@type":"WebSite","@id":"https:\/\/www.signum.cat\/#website","url":"https:\/\/www.signum.cat\/","name":"SIGNUM","description":"Electricidad, dom\u00f3tica e inm\u00f3tica","publisher":{"@id":"https:\/\/www.signum.cat\/#organization"},"potentialAction":[{"@type":"SearchAction","target":{"@type":"EntryPoint","urlTemplate":"https:\/\/www.signum.cat\/?s={search_term_string}"},"query-input":"required name=search_term_string"}],"inLanguage":"ca-ES"},{"@type":"Organization","@id":"https:\/\/www.signum.cat\/#organization","name":"SIGNUM","url":"https:\/\/www.signum.cat\/","logo":{"@type":"ImageObject","inLanguage":"ca-ES","@id":"https:\/\/www.signum.cat\/#\/schema\/logo\/image\/","url":"https:\/\/www.signum.cat\/wp-content\/uploads\/2021\/02\/Logo-SIGNUM-Favicon-1.png","contentUrl":"https:\/\/www.signum.cat\/wp-content\/uploads\/2021\/02\/Logo-SIGNUM-Favicon-1.png","width":80,"height":73,"caption":"SIGNUM"},"image":{"@id":"https:\/\/www.signum.cat\/#\/schema\/logo\/image\/"}},{"@type":"Person","@id":"https:\/\/www.signum.cat\/#\/schema\/person\/c2e78202a3b382edd9e2930aac0b4def","name":"Signum"}]}},"_links":{"self":[{"href":"https:\/\/www.signum.cat\/ca\/wp-json\/wp\/v2\/posts\/3589"}],"collection":[{"href":"https:\/\/www.signum.cat\/ca\/wp-json\/wp\/v2\/posts"}],"about":[{"href":"https:\/\/www.signum.cat\/ca\/wp-json\/wp\/v2\/types\/post"}],"author":[{"embeddable":true,"href":"https:\/\/www.signum.cat\/ca\/wp-json\/wp\/v2\/users\/2"}],"replies":[{"embeddable":true,"href":"https:\/\/www.signum.cat\/ca\/wp-json\/wp\/v2\/comments?post=3589"}],"version-history":[{"count":2,"href":"https:\/\/www.signum.cat\/ca\/wp-json\/wp\/v2\/posts\/3589\/revisions"}],"predecessor-version":[{"id":3592,"href":"https:\/\/www.signum.cat\/ca\/wp-json\/wp\/v2\/posts\/3589\/revisions\/3592"}],"wp:featuredmedia":[{"embeddable":true,"href":"https:\/\/www.signum.cat\/ca\/wp-json\/wp\/v2\/media\/3581"}],"wp:attachment":[{"href":"https:\/\/www.signum.cat\/ca\/wp-json\/wp\/v2\/media?parent=3589"}],"wp:term":[{"taxonomy":"category","embeddable":true,"href":"https:\/\/www.signum.cat\/ca\/wp-json\/wp\/v2\/categories?post=3589"},{"taxonomy":"post_tag","embeddable":true,"href":"https:\/\/www.signum.cat\/ca\/wp-json\/wp\/v2\/tags?post=3589"}],"curies":[{"name":"wp","href":"https:\/\/api.w.org\/{rel}","templated":true}]}}