{"id":3593,"date":"2023-06-19T18:32:08","date_gmt":"2023-06-19T16:32:08","guid":{"rendered":"https:\/\/www.signum.cat\/reconeixement-facial-en-sistemes-de-seguretat\/"},"modified":"2023-06-19T18:35:53","modified_gmt":"2023-06-19T16:35:53","slug":"reconeixement-facial-en-sistemes-de-seguretat","status":"publish","type":"post","link":"https:\/\/www.signum.cat\/ca\/reconeixement-facial-en-sistemes-de-seguretat\/","title":{"rendered":"Reconeixement facial en sistemes de seguretat"},"content":{"rendered":"\n<p>El reconeixement facial als sistemes de seguretat dom\u00e8stica la <a href=\"https:\/\/www.signum.cat\/ca\/automatitzacio-de-la-llar-val-la-pena\/\" target=\"_blank\" rel=\"noreferrer noopener\">automatitzaci\u00f3 de la llar <\/a>d&#8217;\u00faltima generaci\u00f3 utilitzen accessos biom\u00e8trics per empremta dactilar en substituci\u00f3 de codis de seguretat o comandaments d&#8217;alarmes per augmentar la protecci\u00f3 i la seguretat.<\/p>\n\n\n\n<div id=\"ez-toc-container\" class=\"ez-toc-v2_0_61 counter-hierarchy ez-toc-counter ez-toc-grey ez-toc-container-direction\">\n<p class=\"ez-toc-title\"><\/p>\n<label for=\"ez-toc-cssicon-toggle-item-69f1ccdd5d98a\" class=\"ez-toc-cssicon-toggle-label\"><span class=\"\"><span class=\"eztoc-hide\" style=\"display:none;\">Toggle<\/span><span class=\"ez-toc-icon-toggle-span\"><svg style=\"fill: #999;color:#999\" xmlns=\"http:\/\/www.w3.org\/2000\/svg\" class=\"list-377408\" width=\"20px\" height=\"20px\" viewBox=\"0 0 24 24\" fill=\"none\"><path d=\"M6 6H4v2h2V6zm14 0H8v2h12V6zM4 11h2v2H4v-2zm16 0H8v2h12v-2zM4 16h2v2H4v-2zm16 0H8v2h12v-2z\" fill=\"currentColor\"><\/path><\/svg><svg style=\"fill: #999;color:#999\" class=\"arrow-unsorted-368013\" xmlns=\"http:\/\/www.w3.org\/2000\/svg\" width=\"10px\" height=\"10px\" viewBox=\"0 0 24 24\" version=\"1.2\" baseProfile=\"tiny\"><path d=\"M18.2 9.3l-6.2-6.3-6.2 6.3c-.2.2-.3.4-.3.7s.1.5.3.7c.2.2.4.3.7.3h11c.3 0 .5-.1.7-.3.2-.2.3-.5.3-.7s-.1-.5-.3-.7zM5.8 14.7l6.2 6.3 6.2-6.3c.2-.2.3-.5.3-.7s-.1-.5-.3-.7c-.2-.2-.4-.3-.7-.3h-11c-.3 0-.5.1-.7.3-.2.2-.3.5-.3.7s.1.5.3.7z\"\/><\/svg><\/span><\/span><\/label><input type=\"checkbox\"  id=\"ez-toc-cssicon-toggle-item-69f1ccdd5d98a\"  aria-label=\"Toggle\" \/><nav><ul class='ez-toc-list ez-toc-list-level-1 ' ><li class='ez-toc-page-1 ez-toc-heading-level-2'><a class=\"ez-toc-link ez-toc-heading-1\" href=\"https:\/\/www.signum.cat\/ca\/reconeixement-facial-en-sistemes-de-seguretat\/#Quins_son_els_usos_del_reconeixement_facial\" title=\"Quins s\u00f3n els usos del reconeixement facial?\">Quins s\u00f3n els usos del reconeixement facial?<\/a><\/li><li class='ez-toc-page-1 ez-toc-heading-level-2'><a class=\"ez-toc-link ez-toc-heading-2\" href=\"https:\/\/www.signum.cat\/ca\/reconeixement-facial-en-sistemes-de-seguretat\/#Beneficis_de_la_integracio_del_reconeixement_facial\" title=\"Beneficis de la integraci\u00f3 del reconeixement facial\">Beneficis de la integraci\u00f3 del reconeixement facial<\/a><ul class='ez-toc-list-level-3' ><li class='ez-toc-heading-level-3'><a class=\"ez-toc-link ez-toc-heading-3\" href=\"https:\/\/www.signum.cat\/ca\/reconeixement-facial-en-sistemes-de-seguretat\/#Obertura_automatica_de_portes\" title=\"Obertura autom\u00e0tica de portes\">Obertura autom\u00e0tica de portes<\/a><\/li><li class='ez-toc-page-1 ez-toc-heading-level-3'><a class=\"ez-toc-link ez-toc-heading-4\" href=\"https:\/\/www.signum.cat\/ca\/reconeixement-facial-en-sistemes-de-seguretat\/#Control_dacces\" title=\"Control d&#8217;acc\u00e9s\">Control d&#8217;acc\u00e9s<\/a><\/li><li class='ez-toc-page-1 ez-toc-heading-level-3'><a class=\"ez-toc-link ez-toc-heading-5\" href=\"https:\/\/www.signum.cat\/ca\/reconeixement-facial-en-sistemes-de-seguretat\/#Deteccio_dintrusos_amb_reconeixement_facial\" title=\"Detecci\u00f3 d&#8217;intrusos amb reconeixement facial\">Detecci\u00f3 d&#8217;intrusos amb reconeixement facial<\/a><\/li><li class='ez-toc-page-1 ez-toc-heading-level-3'><a class=\"ez-toc-link ez-toc-heading-6\" href=\"https:\/\/www.signum.cat\/ca\/reconeixement-facial-en-sistemes-de-seguretat\/#Integracio_amb_el_sistema_dautomatitzacio_del_domicili\" title=\"Integraci\u00f3 amb el sistema d&#8217;automatitzaci\u00f3 del domicili\">Integraci\u00f3 amb el sistema d&#8217;automatitzaci\u00f3 del domicili<\/a><\/li><\/ul><\/li><li class='ez-toc-page-1 ez-toc-heading-level-2'><a class=\"ez-toc-link ez-toc-heading-7\" href=\"https:\/\/www.signum.cat\/ca\/reconeixement-facial-en-sistemes-de-seguretat\/#Conclusio\" title=\"Conclusi\u00f3\">Conclusi\u00f3<\/a><\/li><\/ul><\/nav><\/div>\n<h2 class=\"wp-block-heading\"><span class=\"ez-toc-section\" id=\"Quins_son_els_usos_del_reconeixement_facial\"><\/span>Quins s\u00f3n els usos del reconeixement facial?<span class=\"ez-toc-section-end\"><\/span><\/h2>\n\n\n\n<p>Suposem que una persona amb un poder econ\u00f2mic elevat i que t\u00e9 una extraordin\u00e0ria col\u00b7lecci\u00f3 d&#8217;art: fins on podria arribar qualsevol lladre experimentat que volgu\u00e9s accedir a la propietat.<\/p>\n\n\n<div class=\"wp-block-image\">\n<figure class=\"aligncenter\"><img loading=\"lazy\" decoding=\"async\" width=\"980\" height=\"560\" src=\"https:\/\/www.signum.cat\/wp-content\/uploads\/2021\/06\/Reconocimiento-Facial-SIGNUM.jpg\" alt=\"Reconeixement Facial - SIGNUM\" class=\"wp-image-2261\" srcset=\"https:\/\/www.signum.cat\/wp-content\/uploads\/2021\/06\/Reconocimiento-Facial-SIGNUM.jpg 980w, https:\/\/www.signum.cat\/wp-content\/uploads\/2021\/06\/Reconocimiento-Facial-SIGNUM-300x171.jpg 300w, https:\/\/www.signum.cat\/wp-content\/uploads\/2021\/06\/Reconocimiento-Facial-SIGNUM-768x439.jpg 768w\" sizes=\"(max-width: 980px) 100vw, 980px\" \/><\/figure><\/div>\n\n\n<p>Els sistemes de reconeixement facial resolen gran part d&#8217;aquests desafiaments i ens trobem molt m\u00e9s tranquils a l&#8217;hora de definir aquests sistemes, perqu\u00e8 no depenen dels dits ni del polze dels clients. Aix\u00ed mateix, es tracta de sistemes molt m\u00e9s segurs i fiables, de manera que tots ens en beneficiem.<\/p>\n\n\n\n<h2 class=\"wp-block-heading\"><span class=\"ez-toc-section\" id=\"Beneficis_de_la_integracio_del_reconeixement_facial\"><\/span>Beneficis de la integraci\u00f3 del reconeixement facial<span class=\"ez-toc-section-end\"><\/span><\/h2>\n\n\n\n<p>El reconeixement facial pot oferir enormes avantatges, a continuaci\u00f3 enumerem alguns.<\/p>\n\n\n\n<h3 class=\"wp-block-heading\"><span class=\"ez-toc-section\" id=\"Obertura_automatica_de_portes\"><\/span>Obertura autom\u00e0tica de portes<span class=\"ez-toc-section-end\"><\/span><\/h3>\n\n\n\n<p>Nom\u00e9s mirant una de les c\u00e0meres muntades sobre la paret <strong>podem obrir els panys de portes i reixats de manera autom\u00e0tica<\/strong>.<\/p>\n\n\n\n<p>Quan un usuari arriba a la porta, ja s&#8217;ha desbloquejat. Si el rostre no est\u00e0 identificat, l&#8217;acc\u00e9s es denega.<\/p>\n\n\n\n<figure class=\"wp-block-embed is-type-wp-embed is-provider-signum wp-block-embed-signum\"><div class=\"wp-block-embed__wrapper\">\n<blockquote class=\"wp-embedded-content\" data-secret=\"A0XjjrlqB5\"><a href=\"https:\/\/www.signum.cat\/que-es-la-inmotica\/\">\u00bfQu\u00e9 es la Inm\u00f3tica?<\/a><\/blockquote><iframe class=\"wp-embedded-content\" sandbox=\"allow-scripts\" security=\"restricted\" style=\"position: absolute; clip: rect(1px, 1px, 1px, 1px);\" title=\"\u00ab\u00bfQu\u00e9 es la Inm\u00f3tica?\u00bb \u2014 SIGNUM\" src=\"https:\/\/www.signum.cat\/que-es-la-inmotica\/embed\/#?secret=mh70aFPgrC#?secret=A0XjjrlqB5\" data-secret=\"A0XjjrlqB5\" width=\"600\" height=\"338\" frameborder=\"0\" marginwidth=\"0\" marginheight=\"0\" scrolling=\"no\"><\/iframe>\n<\/div><\/figure>\n\n\n\n<h3 class=\"wp-block-heading\"><span class=\"ez-toc-section\" id=\"Control_dacces\"><\/span>Control d&#8217;acc\u00e9s<span class=\"ez-toc-section-end\"><\/span><\/h3>\n\n\n\n<p>Cada membre de la casa <strong>t\u00e9 acc\u00e9s a diferents zones<\/strong>, de manera que el servei i els nens no podran entrar al celler i el servei nom\u00e9s pot accedir a les hores establertes.<\/p>\n\n\n\n<p>En canvi, el jardiner s\u00ed que pot obrir la porta lateral, encara que no accedir a la vivenda. Els <strong>sistemes ben concebuts<\/strong> permeten que el responsable de la casa controli de la mateixa manera totes les persones que treballen a la casa.<\/p>\n\n\n\n<h3 class=\"wp-block-heading\"><span class=\"ez-toc-section\" id=\"Deteccio_dintrusos_amb_reconeixement_facial\"><\/span>Detecci\u00f3 d&#8217;intrusos amb reconeixement facial<span class=\"ez-toc-section-end\"><\/span><\/h3>\n\n\n<div class=\"wp-block-image\">\n<figure class=\"aligncenter\"><img loading=\"lazy\" decoding=\"async\" width=\"980\" height=\"560\" src=\"https:\/\/www.signum.cat\/wp-content\/uploads\/2021\/06\/Camaras-para-el-reconocimiento-facial.jpg\" alt=\"Cambres per al reconeixement facial\" class=\"wp-image-2259\" srcset=\"https:\/\/www.signum.cat\/wp-content\/uploads\/2021\/06\/Camaras-para-el-reconocimiento-facial.jpg 980w, https:\/\/www.signum.cat\/wp-content\/uploads\/2021\/06\/Camaras-para-el-reconocimiento-facial-300x171.jpg 300w, https:\/\/www.signum.cat\/wp-content\/uploads\/2021\/06\/Camaras-para-el-reconocimiento-facial-768x439.jpg 768w\" sizes=\"(max-width: 980px) 100vw, 980px\" \/><\/figure><\/div>\n\n\n<p>Els sistemes de seguretat completament equipats <strong>s\u00f3n capa\u00e7os de comunicar qualsevol tipus d&#8217;activitat a una estaci\u00f3 central<\/strong> de supervisi\u00f3, facilitant aix\u00ed la interacci\u00f3 amb potencials agressors abans que puguin arribar a l&#8217;habitatge.<\/p>\n\n\n\n<figure class=\"wp-block-embed is-type-video is-provider-youtube wp-block-embed-youtube wp-embed-aspect-16-9 wp-has-aspect-ratio\"><div class=\"wp-block-embed__wrapper\">\n<iframe loading=\"lazy\" title=\"Todo lo que el reconocimiento facial permite saber sobre nosotros\" width=\"720\" height=\"405\" src=\"https:\/\/www.youtube.com\/embed\/gwwA9HDn_0s?feature=oembed\" frameborder=\"0\" allow=\"accelerometer; autoplay; clipboard-write; encrypted-media; gyroscope; picture-in-picture; web-share\" allowfullscreen><\/iframe>\n<\/div><figcaption class=\"wp-element-caption\">Font: DW en Espanyol \/ YouTube<\/figcaption><\/figure>\n\n\n\n<p>El <strong>reconeixement facial identifica i impedeix l&#8217;acc\u00e9s<\/strong> al noi a la piscina i es concentra en la persona que s&#8217;ha esverat a trav\u00e9s de la porta auxiliar que es va oblidar tancar.<\/p>\n\n\n\n<h3 class=\"wp-block-heading\"><span class=\"ez-toc-section\" id=\"Integracio_amb_el_sistema_dautomatitzacio_del_domicili\"><\/span>Integraci\u00f3 amb el sistema d&#8217;automatitzaci\u00f3 del domicili<span class=\"ez-toc-section-end\"><\/span><\/h3>\n\n\n\n<p>Imaginem-nos per un moment que tornem a casa i que la nostra emissora de r\u00e0dio preferida est\u00e0 emetent, i que els llums estan a un nivell apropiat i la temperatura est\u00e0 regulada a voluntat.<\/p>\n\n\n\n<p>Gr\u00e0cies al <a href=\"https:\/\/www.netatmo.com\/ca-ca\/glosario\/videovigilancia\" target=\"_blank\" rel=\"noopener\">sistema de c\u00e0meres de reconeixement facial<\/a><strong> podeu especificar en tot moment qualsevol esdeveniment<\/strong> que es produeix a mesura que s&#8217;entra o se circula per l&#8217;habitatge, fent possible que la il\u00b7luminaci\u00f3 i el so ens segueixin per tot l&#8217;habitatge.<\/p>\n\n\n\n<h2 class=\"wp-block-heading\"><span class=\"ez-toc-section\" id=\"Conclusio\"><\/span>Conclusi\u00f3<span class=\"ez-toc-section-end\"><\/span><\/h2>\n\n\n\n<p>Les c\u00e0meres de reconeixement facial constitueix, segons els sistemes de seguretat m\u00e9s avan\u00e7ats, <strong>un complement pr\u00e0ctic de gran flexibilitat i seguretat<\/strong>, sense els inconvenients de la biometria tradicional. <strong>Ja ha arribat el futur i \u00e9s fant\u00e0stic.<\/strong><\/p>\n\n\n\n<div class=\"wp-block-buttons is-content-justification-center is-layout-flex wp-container-core-buttons-layout-1 wp-block-buttons-is-layout-flex\">\n<div class=\"wp-block-button\"><a class=\"wp-block-button__link wp-element-button\" href=\"https:\/\/www.signum.cat\/ca\/contacta-amb-nososaltres\/\">DEMANA&#8217;NS UN PRESSUPOST SENSE COMPROM\u00cdS<\/a><\/div>\n<\/div>\n","protected":false},"excerpt":{"rendered":"<p>El reconeixement facial als sistemes de seguretat dom\u00e8stica la automatitzaci\u00f3 de la llar d&#8217;\u00faltima generaci\u00f3 utilitzen accessos biom\u00e8trics per empremta dactilar en substituci\u00f3 de codis de seguretat o comandaments d&#8217;alarmes per augmentar la protecci\u00f3 i la seguretat. Quins s\u00f3n els&#8230;<\/p>\n","protected":false},"author":2,"featured_media":2264,"comment_status":"closed","ping_status":"closed","sticky":false,"template":"","format":"standard","meta":{"_kad_post_transparent":"","_kad_post_title":"","_kad_post_layout":"","_kad_post_sidebar_id":"","_kad_post_content_style":"","_kad_post_vertical_padding":"","_kad_post_feature":"","_kad_post_feature_position":"","_kad_post_header":false,"_kad_post_footer":false,"footnotes":"","_joinchat":[]},"categories":[42,53],"tags":[],"yoast_head":"<!-- This site is optimized with the Yoast SEO plugin v21.7 - https:\/\/yoast.com\/wordpress\/plugins\/seo\/ -->\n<title>Reconeixement facial en sistemes de seguretat - SIGNUM<\/title>\n<meta name=\"description\" content=\"El reconeixement facial \u00e9s una tecnologia que permet la identificaci\u00f3 o la constataci\u00f3 d&#039;una persona a partir de la imatge del rostre.\" \/>\n<meta name=\"robots\" content=\"index, follow, max-snippet:-1, max-image-preview:large, max-video-preview:-1\" \/>\n<link rel=\"canonical\" href=\"https:\/\/www.signum.cat\/ca\/reconeixement-facial-en-sistemes-de-seguretat\/\" \/>\n<meta property=\"og:locale\" content=\"ca_ES\" \/>\n<meta property=\"og:type\" content=\"article\" \/>\n<meta property=\"og:title\" content=\"Reconeixement facial en sistemes de seguretat - SIGNUM\" \/>\n<meta property=\"og:description\" content=\"El reconeixement facial \u00e9s una tecnologia que permet la identificaci\u00f3 o la constataci\u00f3 d&#039;una persona a partir de la imatge del rostre.\" \/>\n<meta property=\"og:url\" content=\"https:\/\/www.signum.cat\/ca\/reconeixement-facial-en-sistemes-de-seguretat\/\" \/>\n<meta property=\"og:site_name\" content=\"SIGNUM\" \/>\n<meta property=\"article:published_time\" content=\"2023-06-19T16:32:08+00:00\" \/>\n<meta property=\"article:modified_time\" content=\"2023-06-19T16:35:53+00:00\" \/>\n<meta property=\"og:image\" content=\"https:\/\/www.signum.cat\/wp-content\/uploads\/2021\/06\/Reconocimiento-Facial-en-Sistemas-de-Seguridad.jpg\" \/>\n\t<meta property=\"og:image:width\" content=\"980\" \/>\n\t<meta property=\"og:image:height\" content=\"560\" \/>\n\t<meta property=\"og:image:type\" content=\"image\/jpeg\" \/>\n<meta name=\"author\" content=\"Signum\" \/>\n<meta name=\"twitter:card\" content=\"summary_large_image\" \/>\n<meta name=\"twitter:label1\" content=\"Written by\" \/>\n\t<meta name=\"twitter:data1\" content=\"Signum\" \/>\n\t<meta name=\"twitter:label2\" content=\"Est. reading time\" \/>\n\t<meta name=\"twitter:data2\" content=\"3 minutes\" \/>\n<script type=\"application\/ld+json\" class=\"yoast-schema-graph\">{\"@context\":\"https:\/\/schema.org\",\"@graph\":[{\"@type\":\"Article\",\"@id\":\"https:\/\/www.signum.cat\/ca\/reconeixement-facial-en-sistemes-de-seguretat\/#article\",\"isPartOf\":{\"@id\":\"https:\/\/www.signum.cat\/ca\/reconeixement-facial-en-sistemes-de-seguretat\/\"},\"author\":{\"name\":\"Signum\",\"@id\":\"https:\/\/www.signum.cat\/#\/schema\/person\/c2e78202a3b382edd9e2930aac0b4def\"},\"headline\":\"Reconeixement facial en sistemes de seguretat\",\"datePublished\":\"2023-06-19T16:32:08+00:00\",\"dateModified\":\"2023-06-19T16:35:53+00:00\",\"mainEntityOfPage\":{\"@id\":\"https:\/\/www.signum.cat\/ca\/reconeixement-facial-en-sistemes-de-seguretat\/\"},\"wordCount\":508,\"publisher\":{\"@id\":\"https:\/\/www.signum.cat\/#organization\"},\"articleSection\":[\"Edificis Inteligents\",\"Sistemes de Seguretat\"],\"inLanguage\":\"ca-ES\"},{\"@type\":\"WebPage\",\"@id\":\"https:\/\/www.signum.cat\/ca\/reconeixement-facial-en-sistemes-de-seguretat\/\",\"url\":\"https:\/\/www.signum.cat\/ca\/reconeixement-facial-en-sistemes-de-seguretat\/\",\"name\":\"Reconeixement facial en sistemes de seguretat - SIGNUM\",\"isPartOf\":{\"@id\":\"https:\/\/www.signum.cat\/#website\"},\"datePublished\":\"2023-06-19T16:32:08+00:00\",\"dateModified\":\"2023-06-19T16:35:53+00:00\",\"description\":\"El reconeixement facial \u00e9s una tecnologia que permet la identificaci\u00f3 o la constataci\u00f3 d'una persona a partir de la imatge del rostre.\",\"breadcrumb\":{\"@id\":\"https:\/\/www.signum.cat\/ca\/reconeixement-facial-en-sistemes-de-seguretat\/#breadcrumb\"},\"inLanguage\":\"ca-ES\",\"potentialAction\":[{\"@type\":\"ReadAction\",\"target\":[\"https:\/\/www.signum.cat\/ca\/reconeixement-facial-en-sistemes-de-seguretat\/\"]}]},{\"@type\":\"BreadcrumbList\",\"@id\":\"https:\/\/www.signum.cat\/ca\/reconeixement-facial-en-sistemes-de-seguretat\/#breadcrumb\",\"itemListElement\":[{\"@type\":\"ListItem\",\"position\":1,\"name\":\"Portada\",\"item\":\"https:\/\/www.signum.cat\/ca\/\"},{\"@type\":\"ListItem\",\"position\":2,\"name\":\"Reconeixement facial en sistemes de seguretat\"}]},{\"@type\":\"WebSite\",\"@id\":\"https:\/\/www.signum.cat\/#website\",\"url\":\"https:\/\/www.signum.cat\/\",\"name\":\"SIGNUM\",\"description\":\"Electricidad, dom\u00f3tica e inm\u00f3tica\",\"publisher\":{\"@id\":\"https:\/\/www.signum.cat\/#organization\"},\"potentialAction\":[{\"@type\":\"SearchAction\",\"target\":{\"@type\":\"EntryPoint\",\"urlTemplate\":\"https:\/\/www.signum.cat\/?s={search_term_string}\"},\"query-input\":\"required name=search_term_string\"}],\"inLanguage\":\"ca-ES\"},{\"@type\":\"Organization\",\"@id\":\"https:\/\/www.signum.cat\/#organization\",\"name\":\"SIGNUM\",\"url\":\"https:\/\/www.signum.cat\/\",\"logo\":{\"@type\":\"ImageObject\",\"inLanguage\":\"ca-ES\",\"@id\":\"https:\/\/www.signum.cat\/#\/schema\/logo\/image\/\",\"url\":\"https:\/\/www.signum.cat\/wp-content\/uploads\/2021\/02\/Logo-SIGNUM-Favicon-1.png\",\"contentUrl\":\"https:\/\/www.signum.cat\/wp-content\/uploads\/2021\/02\/Logo-SIGNUM-Favicon-1.png\",\"width\":80,\"height\":73,\"caption\":\"SIGNUM\"},\"image\":{\"@id\":\"https:\/\/www.signum.cat\/#\/schema\/logo\/image\/\"}},{\"@type\":\"Person\",\"@id\":\"https:\/\/www.signum.cat\/#\/schema\/person\/c2e78202a3b382edd9e2930aac0b4def\",\"name\":\"Signum\"}]}<\/script>\n<!-- \/ Yoast SEO plugin. -->","yoast_head_json":{"title":"Reconeixement facial en sistemes de seguretat - SIGNUM","description":"El reconeixement facial \u00e9s una tecnologia que permet la identificaci\u00f3 o la constataci\u00f3 d'una persona a partir de la imatge del rostre.","robots":{"index":"index","follow":"follow","max-snippet":"max-snippet:-1","max-image-preview":"max-image-preview:large","max-video-preview":"max-video-preview:-1"},"canonical":"https:\/\/www.signum.cat\/ca\/reconeixement-facial-en-sistemes-de-seguretat\/","og_locale":"ca_ES","og_type":"article","og_title":"Reconeixement facial en sistemes de seguretat - SIGNUM","og_description":"El reconeixement facial \u00e9s una tecnologia que permet la identificaci\u00f3 o la constataci\u00f3 d'una persona a partir de la imatge del rostre.","og_url":"https:\/\/www.signum.cat\/ca\/reconeixement-facial-en-sistemes-de-seguretat\/","og_site_name":"SIGNUM","article_published_time":"2023-06-19T16:32:08+00:00","article_modified_time":"2023-06-19T16:35:53+00:00","og_image":[{"width":980,"height":560,"url":"https:\/\/www.signum.cat\/wp-content\/uploads\/2021\/06\/Reconocimiento-Facial-en-Sistemas-de-Seguridad.jpg","type":"image\/jpeg"}],"author":"Signum","twitter_card":"summary_large_image","twitter_misc":{"Written by":"Signum","Est. reading time":"3 minutes"},"schema":{"@context":"https:\/\/schema.org","@graph":[{"@type":"Article","@id":"https:\/\/www.signum.cat\/ca\/reconeixement-facial-en-sistemes-de-seguretat\/#article","isPartOf":{"@id":"https:\/\/www.signum.cat\/ca\/reconeixement-facial-en-sistemes-de-seguretat\/"},"author":{"name":"Signum","@id":"https:\/\/www.signum.cat\/#\/schema\/person\/c2e78202a3b382edd9e2930aac0b4def"},"headline":"Reconeixement facial en sistemes de seguretat","datePublished":"2023-06-19T16:32:08+00:00","dateModified":"2023-06-19T16:35:53+00:00","mainEntityOfPage":{"@id":"https:\/\/www.signum.cat\/ca\/reconeixement-facial-en-sistemes-de-seguretat\/"},"wordCount":508,"publisher":{"@id":"https:\/\/www.signum.cat\/#organization"},"articleSection":["Edificis Inteligents","Sistemes de Seguretat"],"inLanguage":"ca-ES"},{"@type":"WebPage","@id":"https:\/\/www.signum.cat\/ca\/reconeixement-facial-en-sistemes-de-seguretat\/","url":"https:\/\/www.signum.cat\/ca\/reconeixement-facial-en-sistemes-de-seguretat\/","name":"Reconeixement facial en sistemes de seguretat - SIGNUM","isPartOf":{"@id":"https:\/\/www.signum.cat\/#website"},"datePublished":"2023-06-19T16:32:08+00:00","dateModified":"2023-06-19T16:35:53+00:00","description":"El reconeixement facial \u00e9s una tecnologia que permet la identificaci\u00f3 o la constataci\u00f3 d'una persona a partir de la imatge del rostre.","breadcrumb":{"@id":"https:\/\/www.signum.cat\/ca\/reconeixement-facial-en-sistemes-de-seguretat\/#breadcrumb"},"inLanguage":"ca-ES","potentialAction":[{"@type":"ReadAction","target":["https:\/\/www.signum.cat\/ca\/reconeixement-facial-en-sistemes-de-seguretat\/"]}]},{"@type":"BreadcrumbList","@id":"https:\/\/www.signum.cat\/ca\/reconeixement-facial-en-sistemes-de-seguretat\/#breadcrumb","itemListElement":[{"@type":"ListItem","position":1,"name":"Portada","item":"https:\/\/www.signum.cat\/ca\/"},{"@type":"ListItem","position":2,"name":"Reconeixement facial en sistemes de seguretat"}]},{"@type":"WebSite","@id":"https:\/\/www.signum.cat\/#website","url":"https:\/\/www.signum.cat\/","name":"SIGNUM","description":"Electricidad, dom\u00f3tica e inm\u00f3tica","publisher":{"@id":"https:\/\/www.signum.cat\/#organization"},"potentialAction":[{"@type":"SearchAction","target":{"@type":"EntryPoint","urlTemplate":"https:\/\/www.signum.cat\/?s={search_term_string}"},"query-input":"required name=search_term_string"}],"inLanguage":"ca-ES"},{"@type":"Organization","@id":"https:\/\/www.signum.cat\/#organization","name":"SIGNUM","url":"https:\/\/www.signum.cat\/","logo":{"@type":"ImageObject","inLanguage":"ca-ES","@id":"https:\/\/www.signum.cat\/#\/schema\/logo\/image\/","url":"https:\/\/www.signum.cat\/wp-content\/uploads\/2021\/02\/Logo-SIGNUM-Favicon-1.png","contentUrl":"https:\/\/www.signum.cat\/wp-content\/uploads\/2021\/02\/Logo-SIGNUM-Favicon-1.png","width":80,"height":73,"caption":"SIGNUM"},"image":{"@id":"https:\/\/www.signum.cat\/#\/schema\/logo\/image\/"}},{"@type":"Person","@id":"https:\/\/www.signum.cat\/#\/schema\/person\/c2e78202a3b382edd9e2930aac0b4def","name":"Signum"}]}},"_links":{"self":[{"href":"https:\/\/www.signum.cat\/ca\/wp-json\/wp\/v2\/posts\/3593"}],"collection":[{"href":"https:\/\/www.signum.cat\/ca\/wp-json\/wp\/v2\/posts"}],"about":[{"href":"https:\/\/www.signum.cat\/ca\/wp-json\/wp\/v2\/types\/post"}],"author":[{"embeddable":true,"href":"https:\/\/www.signum.cat\/ca\/wp-json\/wp\/v2\/users\/2"}],"replies":[{"embeddable":true,"href":"https:\/\/www.signum.cat\/ca\/wp-json\/wp\/v2\/comments?post=3593"}],"version-history":[{"count":4,"href":"https:\/\/www.signum.cat\/ca\/wp-json\/wp\/v2\/posts\/3593\/revisions"}],"predecessor-version":[{"id":3600,"href":"https:\/\/www.signum.cat\/ca\/wp-json\/wp\/v2\/posts\/3593\/revisions\/3600"}],"wp:featuredmedia":[{"embeddable":true,"href":"https:\/\/www.signum.cat\/ca\/wp-json\/wp\/v2\/media\/2264"}],"wp:attachment":[{"href":"https:\/\/www.signum.cat\/ca\/wp-json\/wp\/v2\/media?parent=3593"}],"wp:term":[{"taxonomy":"category","embeddable":true,"href":"https:\/\/www.signum.cat\/ca\/wp-json\/wp\/v2\/categories?post=3593"},{"taxonomy":"post_tag","embeddable":true,"href":"https:\/\/www.signum.cat\/ca\/wp-json\/wp\/v2\/tags?post=3593"}],"curies":[{"name":"wp","href":"https:\/\/api.w.org\/{rel}","templated":true}]}}