{"id":3610,"date":"2023-06-20T09:18:52","date_gmt":"2023-06-20T07:18:52","guid":{"rendered":"https:\/\/www.signum.cat\/la-carrega-rapida-en-vehicles-electrics\/"},"modified":"2023-06-20T09:20:06","modified_gmt":"2023-06-20T07:20:06","slug":"la-carrega-rapida-en-vehicles-electrics","status":"publish","type":"post","link":"https:\/\/www.signum.cat\/ca\/la-carrega-rapida-en-vehicles-electrics\/","title":{"rendered":"La c\u00e0rrega r\u00e0pida en vehicles el\u00e8ctrics"},"content":{"rendered":"\n<p>Si augmentar la capacitat de la bateria \u00e9s fonamental per assolir una autonomia de m\u00e9s de 400 quil\u00f2metres, llavors la c\u00e0rrega r\u00e0pida de corrent continu \u00e9s la pot\u00e8ncia real per donar una segona vida als vehicles el\u00e8ctrics.<\/p>\n\n\n\n<div id=\"ez-toc-container\" class=\"ez-toc-v2_0_61 counter-hierarchy ez-toc-counter ez-toc-grey ez-toc-container-direction\">\n<p class=\"ez-toc-title\"><\/p>\n<label for=\"ez-toc-cssicon-toggle-item-69f1dbd14464e\" class=\"ez-toc-cssicon-toggle-label\"><span class=\"\"><span class=\"eztoc-hide\" style=\"display:none;\">Toggle<\/span><span class=\"ez-toc-icon-toggle-span\"><svg style=\"fill: #999;color:#999\" xmlns=\"http:\/\/www.w3.org\/2000\/svg\" class=\"list-377408\" width=\"20px\" height=\"20px\" viewBox=\"0 0 24 24\" fill=\"none\"><path d=\"M6 6H4v2h2V6zm14 0H8v2h12V6zM4 11h2v2H4v-2zm16 0H8v2h12v-2zM4 16h2v2H4v-2zm16 0H8v2h12v-2z\" fill=\"currentColor\"><\/path><\/svg><svg style=\"fill: #999;color:#999\" class=\"arrow-unsorted-368013\" xmlns=\"http:\/\/www.w3.org\/2000\/svg\" width=\"10px\" height=\"10px\" viewBox=\"0 0 24 24\" version=\"1.2\" baseProfile=\"tiny\"><path d=\"M18.2 9.3l-6.2-6.3-6.2 6.3c-.2.2-.3.4-.3.7s.1.5.3.7c.2.2.4.3.7.3h11c.3 0 .5-.1.7-.3.2-.2.3-.5.3-.7s-.1-.5-.3-.7zM5.8 14.7l6.2 6.3 6.2-6.3c.2-.2.3-.5.3-.7s-.1-.5-.3-.7c-.2-.2-.4-.3-.7-.3h-11c-.3 0-.5.1-.7.3-.2.2-.3.5-.3.7s.1.5.3.7z\"\/><\/svg><\/span><\/span><\/label><input type=\"checkbox\"  id=\"ez-toc-cssicon-toggle-item-69f1dbd14464e\"  aria-label=\"Toggle\" \/><nav><ul class='ez-toc-list ez-toc-list-level-1 ' ><li class='ez-toc-page-1 ez-toc-heading-level-2'><a class=\"ez-toc-link ez-toc-heading-1\" href=\"https:\/\/www.signum.cat\/ca\/la-carrega-rapida-en-vehicles-electrics\/#Em_quedare_sense_benzina\" title=\"Em quedar\u00e9 sense benzina?\">Em quedar\u00e9 sense benzina?<\/a><\/li><li class='ez-toc-page-1 ez-toc-heading-level-2'><a class=\"ez-toc-link ez-toc-heading-2\" href=\"https:\/\/www.signum.cat\/ca\/la-carrega-rapida-en-vehicles-electrics\/#Tipus_de_carrega_rapida\" title=\"Tipus de c\u00e0rrega r\u00e0pida\">Tipus de c\u00e0rrega r\u00e0pida<\/a><\/li><li class='ez-toc-page-1 ez-toc-heading-level-2'><a class=\"ez-toc-link ez-toc-heading-3\" href=\"https:\/\/www.signum.cat\/ca\/la-carrega-rapida-en-vehicles-electrics\/#Com_funciona_la_carrega_rapida_CC\" title=\"Com funciona la c\u00e0rrega r\u00e0pida CC\">Com funciona la c\u00e0rrega r\u00e0pida CC<\/a><\/li><li class='ez-toc-page-1 ez-toc-heading-level-2'><a class=\"ez-toc-link ez-toc-heading-4\" href=\"https:\/\/www.signum.cat\/ca\/la-carrega-rapida-en-vehicles-electrics\/#Que_tan_rapid_es_la_carrega_rapida\" title=\"Qu\u00e8 tan r\u00e0pid \u00e9s la c\u00e0rrega r\u00e0pida?\">Qu\u00e8 tan r\u00e0pid \u00e9s la c\u00e0rrega r\u00e0pida?<\/a><ul class='ez-toc-list-level-3' ><li class='ez-toc-heading-level-3'><a class=\"ez-toc-link ez-toc-heading-5\" href=\"https:\/\/www.signum.cat\/ca\/la-carrega-rapida-en-vehicles-electrics\/#Consell_per_a_vehicles_electrics\" title=\"Consell per a vehicles el\u00e8ctrics\">Consell per a vehicles el\u00e8ctrics<\/a><\/li><\/ul><\/li><li class='ez-toc-page-1 ez-toc-heading-level-2'><a class=\"ez-toc-link ez-toc-heading-6\" href=\"https:\/\/www.signum.cat\/ca\/la-carrega-rapida-en-vehicles-electrics\/#Estacions_de_carrega_rapida_de_CC\" title=\"Estacions de c\u00e0rrega r\u00e0pida de CC\">Estacions de c\u00e0rrega r\u00e0pida de CC<\/a><\/li><li class='ez-toc-page-1 ez-toc-heading-level-2'><a class=\"ez-toc-link ez-toc-heading-7\" href=\"https:\/\/www.signum.cat\/ca\/la-carrega-rapida-en-vehicles-electrics\/#Els_supercarregadors_de_Tesla\" title=\"Els supercarregadors de Tesla\">Els supercarregadors de Tesla<\/a><\/li><li class='ez-toc-page-1 ez-toc-heading-level-2'><a class=\"ez-toc-link ez-toc-heading-8\" href=\"https:\/\/www.signum.cat\/ca\/la-carrega-rapida-en-vehicles-electrics\/#Quin_es_el_futur_de_la_CC\" title=\"Quin \u00e9s el futur de la CC?\">Quin \u00e9s el futur de la CC?<\/a><\/li><\/ul><\/nav><\/div>\n<h2 class=\"wp-block-heading\"><span class=\"ez-toc-section\" id=\"Em_quedare_sense_benzina\"><\/span>Em quedar\u00e9 sense benzina?<span class=\"ez-toc-section-end\"><\/span><\/h2>\n\n\n\n<p>Probablement la majoria dels conductors hagin q\u00fcestionat aquesta pregunta. L&#8217;ansietat per l&#8217;autonomia, o la por que un autom\u00f2bil es quedi sense combustible abans d&#8217;arribar a la nostra destinaci\u00f3, no \u00e9s exclusiva dels autom\u00f2bils el\u00e8ctrics.<\/p>\n\n\n<div class=\"wp-block-image\">\n<figure class=\"aligncenter\"><img loading=\"lazy\" decoding=\"async\" width=\"980\" height=\"560\" src=\"https:\/\/www.signum.cat\/wp-content\/uploads\/2021\/03\/Gasolina-VS-Electricidad-1.jpg\" alt=\"Gasolina VS Electricitat\" class=\"wp-image-1750\" srcset=\"https:\/\/www.signum.cat\/wp-content\/uploads\/2021\/03\/Gasolina-VS-Electricidad-1.jpg 980w, https:\/\/www.signum.cat\/wp-content\/uploads\/2021\/03\/Gasolina-VS-Electricidad-1-300x171.jpg 300w, https:\/\/www.signum.cat\/wp-content\/uploads\/2021\/03\/Gasolina-VS-Electricidad-1-768x439.jpg 768w\" sizes=\"(max-width: 980px) 100vw, 980px\" \/><\/figure><\/div>\n\n\n<p>No obstant aix\u00f2, \u00e9s una ra\u00f3 comunament citada que els conductors utilitzen per justificar la conducci\u00f3 d&#8217;autom\u00f2bils a gasolina quan els seus hom\u00f2legs el\u00e8ctrics s\u00f3n m\u00e9s barats de posseir, millors per al medi ambient i m\u00e9s divertits de conduir.<\/p>\n\n\n\n<p>Segons l&#8217;experi\u00e8ncia dels conductors de vehicles el\u00e8ctrics que van adquirir els cotxes, l&#8217;ajust de la c\u00e0rrega \u00e9s m\u00e9s f\u00e0cil del que s&#8217;esperava i la sensaci\u00f3 d&#8217;ansietat per l&#8217;autonomia es dissipa r\u00e0pidament.<\/p>\n\n\n\n<p>En lloc de fer un desviament a l&#8217;estaci\u00f3 de servei, els conductors aprenen a carregar-lo a casa, llocs de treball o estacionaments.<\/p>\n\n\n\n<h2 class=\"wp-block-heading\"><span class=\"ez-toc-section\" id=\"Tipus_de_carrega_rapida\"><\/span>Tipus de c\u00e0rrega r\u00e0pida<span class=\"ez-toc-section-end\"><\/span><\/h2>\n\n\n\n<p>La c\u00e0rrega de Nivell 1 i Nivell 2 \u00e9s prou r\u00e0pida per satisfer les demandes dels viatges diaris. Per\u00f2 tot i aix\u00ed, de vegades les persones necessitem conduir un parell de centenars de quil\u00f2metres en un dia.<\/p>\n\n\n\n<p>A mesura que m\u00e9s persones adquireixen vehicles el\u00e8ctrics, proporciona un element de conveni\u00e8ncia i seguretat que pot ajudar a despla\u00e7ar les compres d&#8217;autom\u00f2bils a benzina. Per\u00f2, com funciona exactament, qu\u00e8 tan bo \u00e9s ara i quant millor podem esperar que sigui?<\/p>\n\n\n\n<h2 class=\"wp-block-heading\"><span class=\"ez-toc-section\" id=\"Com_funciona_la_carrega_rapida_CC\"><\/span>Com funciona la c\u00e0rrega r\u00e0pida CC<span class=\"ez-toc-section-end\"><\/span><\/h2>\n\n\n\n<p>A difer\u00e8ncia de les <strong>estacions de c\u00e0rrega de Nivell 1 i Nivell 2<\/strong>, els carregadors r\u00e0pids de CC nom\u00e9s estan disponibles per a \u00fas p\u00fablic (en altres paraules: no podem instal\u00b7lar-lo a casa nostra) pel fet que la seva sortida de voltatge m\u00e9s alta, fins a 500 volts.<\/p>\n\n\n\n<p>Les estacions de rec\u00e0rrega r\u00e0pida de CC poden assolir taxes de c\u00e0rrega significativament m\u00e9s altes que altres estacions degut a aquest alt voltatge i perqu\u00e8 l&#8217;energia de CC pot eludir les limitacions del carregador de bord de l&#8217;autom\u00f2bil.<\/p>\n\n\n\n<p>El carregador dels cotxes el\u00e8ctrics converteix el corrent altern (CA) que surt de les preses corrents de paret en corrent continu (CC) que el cotxe pot utilitzar.<\/p>\n\n\n\n<p><strong>La velocitat de c\u00e0rrega est\u00e0 limitada per la taxa d&#8217;acceptaci\u00f3 o la quantitat de voltatge que pot suportar l&#8217;autom\u00f2bil.<\/strong><\/p>\n\n\n<div class=\"wp-block-image\">\n<figure class=\"aligncenter\"><img loading=\"lazy\" decoding=\"async\" width=\"980\" height=\"560\" src=\"https:\/\/www.signum.cat\/wp-content\/uploads\/2021\/03\/Carga-rapida-CC-1.jpg\" alt=\"C\u00e0rrega r\u00e0pida CC amb Signum\" class=\"wp-image-1743\" srcset=\"https:\/\/www.signum.cat\/wp-content\/uploads\/2021\/03\/Carga-rapida-CC-1.jpg 980w, https:\/\/www.signum.cat\/wp-content\/uploads\/2021\/03\/Carga-rapida-CC-1-300x171.jpg 300w, https:\/\/www.signum.cat\/wp-content\/uploads\/2021\/03\/Carga-rapida-CC-1-768x439.jpg 768w\" sizes=\"(max-width: 980px) 100vw, 980px\" \/><\/figure><\/div>\n\n\n<p>L&#8217;energia de la c\u00e0rrega r\u00e0pida de CC no necessita passar a trav\u00e9s del carregador de bord de l&#8217;autom\u00f2bil. La velocitat de c\u00e0rrega es gestiona nom\u00e9s mitjan\u00e7ant un sistema de gesti\u00f3 de la bateria.<\/p>\n\n\n\n<p>No obstant aix\u00f2, per a les estacions de c\u00e0rrega r\u00e0pida de CC amb el nom adequat, no cal el carregador de bord per convertir la font d&#8217;alimentaci\u00f3 de CA a CC.<\/p>\n\n\n\n<p>L&#8217;energia que prov\u00e9 d&#8217;aquestes estacions ja \u00e9s CC, per aix\u00f2 l&#8217;electricitat de l&#8217;estaci\u00f3 pot fluir directament a la bateria, evitant les limitacions del carregador de bord per aconseguir taxes de c\u00e0rrega molt m\u00e9s r\u00e0pides sense afegir pes o complexitat significatius a l&#8217;autom\u00f2bil .<\/p>\n\n\n\n<h2 class=\"wp-block-heading\"><span class=\"ez-toc-section\" id=\"Que_tan_rapid_es_la_carrega_rapida\"><\/span>Qu\u00e8 tan r\u00e0pid \u00e9s la c\u00e0rrega r\u00e0pida?<span class=\"ez-toc-section-end\"><\/span><\/h2>\n\n\n\n<p>L&#8217;\u00fanic l\u00edmit per a la c\u00e0rrega r\u00e0pida de CC \u00e9s el sistema de gesti\u00f3 de la bateria de l&#8217;autom\u00f2bil, o BMS, que \u00e9s un programari que controla el rendiment de la bateria.<\/p>\n\n\n\n<p>Gr\u00e0cies al BMS, es poden aconseguir taxes de c\u00e0rrega r\u00e0pides optimitzant les condicions de c\u00e0rrega quan la bateria est\u00e0 entre el 20% i el 80% de la seva capacitat.<\/p>\n\n\n\n<p>\u00c9s aqu\u00ed on els fabricants de vehicles el\u00e8ctrics tenen l&#8217;oportunitat d&#8217;aconseguir taxes de c\u00e0rrega d&#8217;autom\u00f2bils molt m\u00e9s r\u00e0pides.<\/p>\n\n\n\n<h3 class=\"wp-block-heading\"><span class=\"ez-toc-section\" id=\"Consell_per_a_vehicles_electrics\"><\/span>Consell per a vehicles el\u00e8ctrics<span class=\"ez-toc-section-end\"><\/span><\/h3>\n\n\n\n<p>Les bateries es degraden m\u00e9s r\u00e0pidament amb cicles freq\u00fcents entre 0% i 100% de capacitat. Si volem mantenir la salut de la bateria durant el major temps possible, evitem carregar-la al 100% i esgotar-la del tot abans de recarregar.<\/p>\n\n\n\n<p><strong style=\"color: var(--global-palette4); font-family: var(--global-body-font-family);\">\u00c9s molt millor mantenir el vehicle mig ple durant la major part de la conducci\u00f3 .<\/strong><\/p>\n\n\n<div class=\"wp-block-image\">\n<figure class=\"aligncenter\"><img loading=\"lazy\" decoding=\"async\" width=\"980\" height=\"560\" src=\"https:\/\/www.signum.cat\/wp-content\/uploads\/2021\/03\/bmw-i3.jpg\" alt=\"Bmw i3 - Signum\" class=\"wp-image-1741\" srcset=\"https:\/\/www.signum.cat\/wp-content\/uploads\/2021\/03\/bmw-i3.jpg 980w, https:\/\/www.signum.cat\/wp-content\/uploads\/2021\/03\/bmw-i3-300x171.jpg 300w, https:\/\/www.signum.cat\/wp-content\/uploads\/2021\/03\/bmw-i3-768x439.jpg 768w\" sizes=\"(max-width: 980px) 100vw, 980px\" \/><\/figure><\/div>\n\n\n<p class=\"has-text-align-left\"><strong>La velocitat de c\u00e0rrega r\u00e0pida del BMW i3<\/strong>, com tots els cotxes el\u00e8ctrics, dep\u00e8n de la mida de la bateria, el seu estat de c\u00e0rrega i la temperatura ambient. Fins i tot si el carregador r\u00e0pid pot lliurar 50 kW, la taxa real de c\u00e0rrega sol ser menor que aix\u00f2.<\/p>\n\n\n\n<h2 class=\"wp-block-heading\"><span class=\"ez-toc-section\" id=\"Estacions_de_carrega_rapida_de_CC\"><\/span>Estacions de c\u00e0rrega r\u00e0pida de CC<span class=\"ez-toc-section-end\"><\/span><\/h2>\n\n\n\n<p>Actualment a Europa hi ha disponibles punts de rec\u00e0rrega que poden admetre taxes de c\u00e0rrega de 24 a 50 kW, i la taxa de c\u00e0rrega m\u00e0xima permesa per a molts models VE \u00e9s d&#8217;aproximadament 50 kW. <a href=\"https:\/\/www.electromaps.com\/mapa\" target=\"_blank\" rel=\"noopener\">(Veure mapa)<\/a>.<\/p>\n\n\n\n<p>Tenint en compte les condicions imperfectes de la bateria, la taxa de c\u00e0rrega mitjana real \u00e9s al voltant de 43 kW per a una estaci\u00f3 de 50 kW, cosa que equival a guanyar uns 150km d&#8217;abast en 30 minuts de c\u00e0rrega.<\/p>\n\n\n\n<p>Tot i que hi ha diverses plataformes de c\u00e0rrega de vehicles el\u00e8ctrics que competeixen avui al mercat, la xarxa patentada de <strong>supercarregadors de Tesla<\/strong> s&#8217;ha destacat per l&#8217;abund\u00e0ncia i la pot\u00e8ncia de l&#8217;estaci\u00f3.<\/p>\n\n\n\n<h2 class=\"wp-block-heading\"><span class=\"ez-toc-section\" id=\"Els_supercarregadors_de_Tesla\"><\/span>Els supercarregadors de Tesla<span class=\"ez-toc-section-end\"><\/span><\/h2>\n\n\n<div class=\"wp-block-image\">\n<figure class=\"aligncenter\"><img loading=\"lazy\" decoding=\"async\" width=\"980\" height=\"560\" src=\"https:\/\/www.signum.cat\/wp-content\/uploads\/2021\/03\/Supercargadores-TESLA-Signum.jpg\" alt=\"Supercarregadors TESLA - Signum\" class=\"wp-image-1739\" srcset=\"https:\/\/www.signum.cat\/wp-content\/uploads\/2021\/03\/Supercargadores-TESLA-Signum.jpg 980w, https:\/\/www.signum.cat\/wp-content\/uploads\/2021\/03\/Supercargadores-TESLA-Signum-300x171.jpg 300w, https:\/\/www.signum.cat\/wp-content\/uploads\/2021\/03\/Supercargadores-TESLA-Signum-768x439.jpg 768w\" sizes=\"(max-width: 980px) 100vw, 980px\" \/><\/figure><\/div>\n\n\n<p>Els <a href=\"https:\/\/www.tesla.com\/ca_ES\/supercharger\" target=\"_blank\" rel=\"noopener\">Tesla Superchargers<\/a> poden lliurar fins a 150 kW de pot\u00e8ncia, i estan millorant perqu\u00e8 Tesla pot realitzar millores al BMS <a href=\"https:\/\/www.signum.cat\/inmotica-y-automatizacion-de-instalaciones\/\" target=\"_blank\" rel=\"noopener\"><strong>(Building Manager System )<\/strong><\/a> dels seus &#8220;autom\u00f2bils&#8221; a trav\u00e9s d&#8217;actualitzacions peri\u00f2diques de programari.<\/p>\n\n\n\n<p>S&#8217;espera que la <a href=\"https:\/\/www.diariomotor.com\/noticia\/los-superchargers-v3-de-tesla-ya-estan-en-europa-pero-aun-no-en-espana\/\" target=\"_blank\" rel=\"noopener\">tercera generaci\u00f3 de Superchargers<\/a> sigui capa\u00e7 de carregar a una velocitat de 250 kW, que \u00e9s suficient per afegir 120km d&#8217;abast en 5 minuts de c\u00e0rrega o m\u00e9s de 320km de abast en 30 minuts.<\/p>\n\n\n\n<p>Els fabricants d&#8217;autom\u00f2bils tradicionals estan dissenyant els seus autom\u00f2bils tenint en compte la r\u00e0pida evoluci\u00f3 de la c\u00e0rrega r\u00e0pida de CC.<\/p>\n\n\n\n<p>El <strong>Audi e-tron, un SUV el\u00e8ctric<\/strong> de luxe que rivalitza amb Tesla, t\u00e9 una velocitat m\u00e0xima de 150 kW per a c\u00e0rrega r\u00e0pida de CC.<\/p>\n\n\n\n<p>A la classe que no \u00e9s de luxe, el Nissan LEAF Plus 2019 \u00e9s capa\u00e7 de carregar al voltant de 70 kW, amb una taxa m\u00e0xima de 100 kW; aix\u00f2 \u00e9s dues vegades m\u00e9s r\u00e0pid que la versi\u00f3 normal del LEAF 2019.<\/p>\n\n\n\n<p>At\u00e8s que els fabricants d&#8217;autom\u00f2bils tradicionals no tenen les seves pr\u00f2pies xarxes de c\u00e0rrega, no hi ha gaires estacions disponibles per carregar a velocitats superiors a 50 kW.<\/p>\n\n\n\n<p>\u00c9s un bon senyal que els <strong>models VE<\/strong> seran compatibles amb estacions de c\u00e0rrega r\u00e0pida de CC encara m\u00e9s r\u00e0pides, ja que apareixeran en m\u00e9s abund\u00e0ncia en els propers anys.<\/p>\n\n\n\n<figure class=\"wp-block-embed is-type-wp-embed is-provider-signum wp-block-embed-signum\"><div class=\"wp-block-embed__wrapper\">\n<blockquote class=\"wp-embedded-content\" data-secret=\"B5Iv4hyVvJ\"><a href=\"https:\/\/www.signum.cat\/ca\/carregar-el-cotxe-electric-amb-panells-solars\/\">Carregar el Cotxe El\u00e8ctric amb Panells Solars<\/a><\/blockquote><iframe class=\"wp-embedded-content\" sandbox=\"allow-scripts\" security=\"restricted\" style=\"position: absolute; clip: rect(1px, 1px, 1px, 1px);\" title=\"\u00abCarregar el Cotxe El\u00e8ctric amb Panells Solars\u00bb \u2014 SIGNUM\" src=\"https:\/\/www.signum.cat\/ca\/carregar-el-cotxe-electric-amb-panells-solars\/embed\/#?secret=xn4b8NMFmb#?secret=B5Iv4hyVvJ\" data-secret=\"B5Iv4hyVvJ\" width=\"600\" height=\"338\" frameborder=\"0\" marginwidth=\"0\" marginheight=\"0\" scrolling=\"no\"><\/iframe>\n<\/div><\/figure>\n\n\n\n<h2 class=\"wp-block-heading\"><span class=\"ez-toc-section\" id=\"Quin_es_el_futur_de_la_CC\"><\/span>Quin \u00e9s el futur de la CC?<span class=\"ez-toc-section-end\"><\/span><\/h2>\n\n\n<div class=\"wp-block-image\">\n<figure class=\"aligncenter\"><img loading=\"lazy\" decoding=\"async\" width=\"980\" height=\"560\" src=\"https:\/\/www.signum.cat\/wp-content\/uploads\/2021\/03\/Cargadores-electricos-Marcas.jpg\" alt=\"Carregadors C\u00e0rrega R\u00e0pida\" class=\"wp-image-1745\" srcset=\"https:\/\/www.signum.cat\/wp-content\/uploads\/2021\/03\/Cargadores-electricos-Marcas.jpg 980w, https:\/\/www.signum.cat\/wp-content\/uploads\/2021\/03\/Cargadores-electricos-Marcas-300x171.jpg 300w, https:\/\/www.signum.cat\/wp-content\/uploads\/2021\/03\/Cargadores-electricos-Marcas-768x439.jpg 768w\" sizes=\"(max-width: 980px) 100vw, 980px\" \/><\/figure><\/div>\n\n\n<p>Si la c\u00e0rrega r\u00e0pida torna significativament m\u00e9s r\u00e0pida, els autom\u00f2bils necessiten grans paquets de bateries per suportar m\u00e9s de 600km d&#8217;autonomia?<\/p>\n\n\n\n<p>La visi\u00f3 de <a href=\"https:\/\/www.automotor-france.com\/es\/noticias\/automotive-news-noticias\/lucid-motors-el-nou-fabricant-de-vehiculos-electricos-de-luxe\/ #:~:text=Aquest%20model%20tindre%C3%A1%20un%20cost,venda%20a%20mitjans%20de%202021.\" target=\"_blank\" rel=\"noopener\">Lucid, un nou fabricant d&#8217;autom\u00f2bils el\u00e8ctrics<\/a> iniciat per un exempleat de Tesla, es basa en bateries petites de 30 kWh, una <strong>efici\u00e8ncia ultra alta i estacions generalitzades de 350 kW<\/strong>.<\/p>\n\n\n\n<p>Ser\u00e0 un moviment que duran a terme entre finals del mateix any i el 2022.<\/p>\n\n\n\n<p>Tan r\u00e0pid com la ind\u00fastria est\u00e0 creixent, no \u00e9s clar quant de temps prendria aquest aven\u00e7 o com de cost\u00f3s seria desenvolupar la infraestructura necess\u00e0ria per fer possible aquesta visi\u00f3.<\/p>\n\n\n\n<p>A curt termini, cal prioritzar la instal\u00b7laci\u00f3 de noves estacions de CC al llarg de les autopistes amb molt de tr\u00e0nsit per adaptar-se a la conducci\u00f3 de llargues dist\u00e0ncies.<\/p>\n\n\n\n<p>Els <a href=\"https:\/\/www.abb-conversations.com\/ca\/2020\/09\/autonomia-para-la-tranquilidad-de-los-conductores-de-vehiculos-electricos-la-preocupacion-es- un-record-lluny\/\" target=\"_blank\" rel=\"noopener\">dades recopilades dels conductors poden ajudar a instal\u00b7lar carregadors r\u00e0pids de CC<\/a> de manera estrat\u00e8gica per millorar l&#8217;acc\u00e9s a la c\u00e0rrega sobre la marxa i aprofitar al m\u00e0xim els d\u00f2lars d&#8217;inversi\u00f3 a les ciutats.<\/p>\n\n\n\n<p>Per\u00f2 si un conductor t\u00e9 opcions de f\u00e0cil acc\u00e9s per a la c\u00e0rrega de Nivell 2 al seu lloc de treball, centre comercial o al gimn\u00e0s, la conveni\u00e8ncia pot calmar l&#8217;ansietat per l&#8217;abast sense haver d&#8217;invertir en tants carregadors r\u00e0pids de CC costosos.<\/p>\n\n\n\n<blockquote class=\"wp-block-quote\">\n<p><em>La c\u00e0rrega r\u00e0pida de CC \u00e9s la millor manera de competir amb el temps <\/em><em>de prove\u00efment de 5 minuts d&#8217;un autom\u00f2bil a benzina.<\/em><\/p>\n<\/blockquote>\n\n\n\n<p>\u00c9s una comoditat que molts conductors no poden sacrificar, de manera que una rec\u00e0rrega m\u00e9s abundant far\u00e0 que sigui m\u00e9s dif\u00edcil justificar l&#8217;\u00fas de benzina.<\/p>\n\n\n\n<p>Tot i aix\u00ed, els viatges llargs per carretera constitueixen una petita part dels quil\u00f2metres de conducci\u00f3, i la majoria dels conductors de vehicles el\u00e8ctrics continuaran trobant la c\u00e0rrega a casa m\u00e9s convenient.<\/p>\n","protected":false},"excerpt":{"rendered":"<p>Si augmentar la capacitat de la bateria \u00e9s fonamental per assolir una autonomia de m\u00e9s de 400 quil\u00f2metres, llavors la c\u00e0rrega r\u00e0pida de corrent continu \u00e9s la pot\u00e8ncia real per donar una segona vida als vehicles el\u00e8ctrics. Em quedar\u00e9 sense&#8230;<\/p>\n","protected":false},"author":2,"featured_media":1719,"comment_status":"closed","ping_status":"closed","sticky":false,"template":"","format":"standard","meta":{"_kad_post_transparent":"","_kad_post_title":"","_kad_post_layout":"","_kad_post_sidebar_id":"","_kad_post_content_style":"","_kad_post_vertical_padding":"","_kad_post_feature":"","_kad_post_feature_position":"","_kad_post_header":false,"_kad_post_footer":false,"footnotes":"","_joinchat":[]},"categories":[55],"tags":[],"yoast_head":"<!-- This site is optimized with the Yoast SEO plugin v21.7 - https:\/\/yoast.com\/wordpress\/plugins\/seo\/ -->\n<title>La c\u00e0rrega r\u00e0pida en vehicles el\u00e8ctrics - SIGNUM<\/title>\n<meta name=\"description\" content=\"La c\u00e0rrega r\u00e0pida en vehicles el\u00e8ctrics ens permet fer trajectes sempre que es disposi d&#039;una infraestructura de c\u00e0rrega adequada.\" \/>\n<meta name=\"robots\" content=\"index, follow, max-snippet:-1, max-image-preview:large, max-video-preview:-1\" \/>\n<link rel=\"canonical\" href=\"https:\/\/www.signum.cat\/ca\/la-carrega-rapida-en-vehicles-electrics\/\" \/>\n<meta property=\"og:locale\" content=\"ca_ES\" \/>\n<meta property=\"og:type\" content=\"article\" \/>\n<meta property=\"og:title\" content=\"La c\u00e0rrega r\u00e0pida en vehicles el\u00e8ctrics - SIGNUM\" \/>\n<meta property=\"og:description\" content=\"La c\u00e0rrega r\u00e0pida en vehicles el\u00e8ctrics ens permet fer trajectes sempre que es disposi d&#039;una infraestructura de c\u00e0rrega adequada.\" \/>\n<meta property=\"og:url\" content=\"https:\/\/www.signum.cat\/ca\/la-carrega-rapida-en-vehicles-electrics\/\" \/>\n<meta property=\"og:site_name\" content=\"SIGNUM\" \/>\n<meta property=\"article:published_time\" content=\"2023-06-20T07:18:52+00:00\" \/>\n<meta property=\"article:modified_time\" content=\"2023-06-20T07:20:06+00:00\" \/>\n<meta property=\"og:image\" content=\"https:\/\/www.signum.cat\/wp-content\/uploads\/2021\/03\/Cargadores-rapidos-para-vehiculos-electricos-Signum.jpg\" \/>\n\t<meta property=\"og:image:width\" content=\"980\" \/>\n\t<meta property=\"og:image:height\" content=\"560\" \/>\n\t<meta property=\"og:image:type\" content=\"image\/jpeg\" \/>\n<meta name=\"author\" content=\"Signum\" \/>\n<meta name=\"twitter:card\" content=\"summary_large_image\" \/>\n<meta name=\"twitter:label1\" content=\"Written by\" \/>\n\t<meta name=\"twitter:data1\" content=\"Signum\" \/>\n\t<meta name=\"twitter:label2\" content=\"Est. reading time\" \/>\n\t<meta name=\"twitter:data2\" content=\"8 minutes\" \/>\n<script type=\"application\/ld+json\" class=\"yoast-schema-graph\">{\"@context\":\"https:\/\/schema.org\",\"@graph\":[{\"@type\":\"Article\",\"@id\":\"https:\/\/www.signum.cat\/ca\/la-carrega-rapida-en-vehicles-electrics\/#article\",\"isPartOf\":{\"@id\":\"https:\/\/www.signum.cat\/ca\/la-carrega-rapida-en-vehicles-electrics\/\"},\"author\":{\"name\":\"Signum\",\"@id\":\"https:\/\/www.signum.cat\/#\/schema\/person\/c2e78202a3b382edd9e2930aac0b4def\"},\"headline\":\"La c\u00e0rrega r\u00e0pida en vehicles el\u00e8ctrics\",\"datePublished\":\"2023-06-20T07:18:52+00:00\",\"dateModified\":\"2023-06-20T07:20:06+00:00\",\"mainEntityOfPage\":{\"@id\":\"https:\/\/www.signum.cat\/ca\/la-carrega-rapida-en-vehicles-electrics\/\"},\"wordCount\":1473,\"publisher\":{\"@id\":\"https:\/\/www.signum.cat\/#organization\"},\"articleSection\":[\"Carregadors r\u00e0pids\"],\"inLanguage\":\"ca-ES\"},{\"@type\":\"WebPage\",\"@id\":\"https:\/\/www.signum.cat\/ca\/la-carrega-rapida-en-vehicles-electrics\/\",\"url\":\"https:\/\/www.signum.cat\/ca\/la-carrega-rapida-en-vehicles-electrics\/\",\"name\":\"La c\u00e0rrega r\u00e0pida en vehicles el\u00e8ctrics - SIGNUM\",\"isPartOf\":{\"@id\":\"https:\/\/www.signum.cat\/#website\"},\"datePublished\":\"2023-06-20T07:18:52+00:00\",\"dateModified\":\"2023-06-20T07:20:06+00:00\",\"description\":\"La c\u00e0rrega r\u00e0pida en vehicles el\u00e8ctrics ens permet fer trajectes sempre que es disposi d'una infraestructura de c\u00e0rrega adequada.\",\"breadcrumb\":{\"@id\":\"https:\/\/www.signum.cat\/ca\/la-carrega-rapida-en-vehicles-electrics\/#breadcrumb\"},\"inLanguage\":\"ca-ES\",\"potentialAction\":[{\"@type\":\"ReadAction\",\"target\":[\"https:\/\/www.signum.cat\/ca\/la-carrega-rapida-en-vehicles-electrics\/\"]}]},{\"@type\":\"BreadcrumbList\",\"@id\":\"https:\/\/www.signum.cat\/ca\/la-carrega-rapida-en-vehicles-electrics\/#breadcrumb\",\"itemListElement\":[{\"@type\":\"ListItem\",\"position\":1,\"name\":\"Portada\",\"item\":\"https:\/\/www.signum.cat\/ca\/\"},{\"@type\":\"ListItem\",\"position\":2,\"name\":\"La c\u00e0rrega r\u00e0pida en vehicles el\u00e8ctrics\"}]},{\"@type\":\"WebSite\",\"@id\":\"https:\/\/www.signum.cat\/#website\",\"url\":\"https:\/\/www.signum.cat\/\",\"name\":\"SIGNUM\",\"description\":\"Electricidad, dom\u00f3tica e inm\u00f3tica\",\"publisher\":{\"@id\":\"https:\/\/www.signum.cat\/#organization\"},\"potentialAction\":[{\"@type\":\"SearchAction\",\"target\":{\"@type\":\"EntryPoint\",\"urlTemplate\":\"https:\/\/www.signum.cat\/?s={search_term_string}\"},\"query-input\":\"required name=search_term_string\"}],\"inLanguage\":\"ca-ES\"},{\"@type\":\"Organization\",\"@id\":\"https:\/\/www.signum.cat\/#organization\",\"name\":\"SIGNUM\",\"url\":\"https:\/\/www.signum.cat\/\",\"logo\":{\"@type\":\"ImageObject\",\"inLanguage\":\"ca-ES\",\"@id\":\"https:\/\/www.signum.cat\/#\/schema\/logo\/image\/\",\"url\":\"https:\/\/www.signum.cat\/wp-content\/uploads\/2021\/02\/Logo-SIGNUM-Favicon-1.png\",\"contentUrl\":\"https:\/\/www.signum.cat\/wp-content\/uploads\/2021\/02\/Logo-SIGNUM-Favicon-1.png\",\"width\":80,\"height\":73,\"caption\":\"SIGNUM\"},\"image\":{\"@id\":\"https:\/\/www.signum.cat\/#\/schema\/logo\/image\/\"}},{\"@type\":\"Person\",\"@id\":\"https:\/\/www.signum.cat\/#\/schema\/person\/c2e78202a3b382edd9e2930aac0b4def\",\"name\":\"Signum\"}]}<\/script>\n<!-- \/ Yoast SEO plugin. -->","yoast_head_json":{"title":"La c\u00e0rrega r\u00e0pida en vehicles el\u00e8ctrics - SIGNUM","description":"La c\u00e0rrega r\u00e0pida en vehicles el\u00e8ctrics ens permet fer trajectes sempre que es disposi d'una infraestructura de c\u00e0rrega adequada.","robots":{"index":"index","follow":"follow","max-snippet":"max-snippet:-1","max-image-preview":"max-image-preview:large","max-video-preview":"max-video-preview:-1"},"canonical":"https:\/\/www.signum.cat\/ca\/la-carrega-rapida-en-vehicles-electrics\/","og_locale":"ca_ES","og_type":"article","og_title":"La c\u00e0rrega r\u00e0pida en vehicles el\u00e8ctrics - SIGNUM","og_description":"La c\u00e0rrega r\u00e0pida en vehicles el\u00e8ctrics ens permet fer trajectes sempre que es disposi d'una infraestructura de c\u00e0rrega adequada.","og_url":"https:\/\/www.signum.cat\/ca\/la-carrega-rapida-en-vehicles-electrics\/","og_site_name":"SIGNUM","article_published_time":"2023-06-20T07:18:52+00:00","article_modified_time":"2023-06-20T07:20:06+00:00","og_image":[{"width":980,"height":560,"url":"https:\/\/www.signum.cat\/wp-content\/uploads\/2021\/03\/Cargadores-rapidos-para-vehiculos-electricos-Signum.jpg","type":"image\/jpeg"}],"author":"Signum","twitter_card":"summary_large_image","twitter_misc":{"Written by":"Signum","Est. reading time":"8 minutes"},"schema":{"@context":"https:\/\/schema.org","@graph":[{"@type":"Article","@id":"https:\/\/www.signum.cat\/ca\/la-carrega-rapida-en-vehicles-electrics\/#article","isPartOf":{"@id":"https:\/\/www.signum.cat\/ca\/la-carrega-rapida-en-vehicles-electrics\/"},"author":{"name":"Signum","@id":"https:\/\/www.signum.cat\/#\/schema\/person\/c2e78202a3b382edd9e2930aac0b4def"},"headline":"La c\u00e0rrega r\u00e0pida en vehicles el\u00e8ctrics","datePublished":"2023-06-20T07:18:52+00:00","dateModified":"2023-06-20T07:20:06+00:00","mainEntityOfPage":{"@id":"https:\/\/www.signum.cat\/ca\/la-carrega-rapida-en-vehicles-electrics\/"},"wordCount":1473,"publisher":{"@id":"https:\/\/www.signum.cat\/#organization"},"articleSection":["Carregadors r\u00e0pids"],"inLanguage":"ca-ES"},{"@type":"WebPage","@id":"https:\/\/www.signum.cat\/ca\/la-carrega-rapida-en-vehicles-electrics\/","url":"https:\/\/www.signum.cat\/ca\/la-carrega-rapida-en-vehicles-electrics\/","name":"La c\u00e0rrega r\u00e0pida en vehicles el\u00e8ctrics - SIGNUM","isPartOf":{"@id":"https:\/\/www.signum.cat\/#website"},"datePublished":"2023-06-20T07:18:52+00:00","dateModified":"2023-06-20T07:20:06+00:00","description":"La c\u00e0rrega r\u00e0pida en vehicles el\u00e8ctrics ens permet fer trajectes sempre que es disposi d'una infraestructura de c\u00e0rrega adequada.","breadcrumb":{"@id":"https:\/\/www.signum.cat\/ca\/la-carrega-rapida-en-vehicles-electrics\/#breadcrumb"},"inLanguage":"ca-ES","potentialAction":[{"@type":"ReadAction","target":["https:\/\/www.signum.cat\/ca\/la-carrega-rapida-en-vehicles-electrics\/"]}]},{"@type":"BreadcrumbList","@id":"https:\/\/www.signum.cat\/ca\/la-carrega-rapida-en-vehicles-electrics\/#breadcrumb","itemListElement":[{"@type":"ListItem","position":1,"name":"Portada","item":"https:\/\/www.signum.cat\/ca\/"},{"@type":"ListItem","position":2,"name":"La c\u00e0rrega r\u00e0pida en vehicles el\u00e8ctrics"}]},{"@type":"WebSite","@id":"https:\/\/www.signum.cat\/#website","url":"https:\/\/www.signum.cat\/","name":"SIGNUM","description":"Electricidad, dom\u00f3tica e inm\u00f3tica","publisher":{"@id":"https:\/\/www.signum.cat\/#organization"},"potentialAction":[{"@type":"SearchAction","target":{"@type":"EntryPoint","urlTemplate":"https:\/\/www.signum.cat\/?s={search_term_string}"},"query-input":"required name=search_term_string"}],"inLanguage":"ca-ES"},{"@type":"Organization","@id":"https:\/\/www.signum.cat\/#organization","name":"SIGNUM","url":"https:\/\/www.signum.cat\/","logo":{"@type":"ImageObject","inLanguage":"ca-ES","@id":"https:\/\/www.signum.cat\/#\/schema\/logo\/image\/","url":"https:\/\/www.signum.cat\/wp-content\/uploads\/2021\/02\/Logo-SIGNUM-Favicon-1.png","contentUrl":"https:\/\/www.signum.cat\/wp-content\/uploads\/2021\/02\/Logo-SIGNUM-Favicon-1.png","width":80,"height":73,"caption":"SIGNUM"},"image":{"@id":"https:\/\/www.signum.cat\/#\/schema\/logo\/image\/"}},{"@type":"Person","@id":"https:\/\/www.signum.cat\/#\/schema\/person\/c2e78202a3b382edd9e2930aac0b4def","name":"Signum"}]}},"_links":{"self":[{"href":"https:\/\/www.signum.cat\/ca\/wp-json\/wp\/v2\/posts\/3610"}],"collection":[{"href":"https:\/\/www.signum.cat\/ca\/wp-json\/wp\/v2\/posts"}],"about":[{"href":"https:\/\/www.signum.cat\/ca\/wp-json\/wp\/v2\/types\/post"}],"author":[{"embeddable":true,"href":"https:\/\/www.signum.cat\/ca\/wp-json\/wp\/v2\/users\/2"}],"replies":[{"embeddable":true,"href":"https:\/\/www.signum.cat\/ca\/wp-json\/wp\/v2\/comments?post=3610"}],"version-history":[{"count":2,"href":"https:\/\/www.signum.cat\/ca\/wp-json\/wp\/v2\/posts\/3610\/revisions"}],"predecessor-version":[{"id":3612,"href":"https:\/\/www.signum.cat\/ca\/wp-json\/wp\/v2\/posts\/3610\/revisions\/3612"}],"wp:featuredmedia":[{"embeddable":true,"href":"https:\/\/www.signum.cat\/ca\/wp-json\/wp\/v2\/media\/1719"}],"wp:attachment":[{"href":"https:\/\/www.signum.cat\/ca\/wp-json\/wp\/v2\/media?parent=3610"}],"wp:term":[{"taxonomy":"category","embeddable":true,"href":"https:\/\/www.signum.cat\/ca\/wp-json\/wp\/v2\/categories?post=3610"},{"taxonomy":"post_tag","embeddable":true,"href":"https:\/\/www.signum.cat\/ca\/wp-json\/wp\/v2\/tags?post=3610"}],"curies":[{"name":"wp","href":"https:\/\/api.w.org\/{rel}","templated":true}]}}