{"id":3699,"date":"2023-09-28T11:39:08","date_gmt":"2023-09-28T09:39:08","guid":{"rendered":"https:\/\/www.signum.cat\/com-il%c2%b7luminar-una-cuina-de-manera-funcional-i-atractiva\/"},"modified":"2023-09-28T11:55:57","modified_gmt":"2023-09-28T09:55:57","slug":"com-il%c2%b7luminar-una-cuina","status":"publish","type":"post","link":"https:\/\/www.signum.cat\/ca\/com-il%c2%b7luminar-una-cuina\/","title":{"rendered":"Com il\u00b7luminar una cuina de manera funcional i atractiva"},"content":{"rendered":"\n<p><p>La il\u00b7luminaci\u00f3 d&#8217;una cuina \u00e9s un aspecte essencial del disseny d&#8217;interiors i pot marcar la difer\u00e8ncia entre un <strong>espai funcional i atractiu o un d&#8217;inc\u00f2mode i poc pr\u00e0ctic<\/strong>. Quan es tracta de com il\u00b7luminar una cuina, \u00e9s crucial considerar una s\u00e8rie de factors clau per aprofitar al m\u00e0xim aquest important espai a la llar.<\/p><\/p>\n\n\n\n<p><p>Avui volem mostrar i <strong>explorar estrat\u00e8gies i consells efectius per aconseguir una il\u00b7luminaci\u00f3 \u00f2ptima<\/strong> <strong>en una cuina<\/strong>.<\/p><\/p>\n\n\n\n<div id=\"ez-toc-container\" class=\"ez-toc-v2_0_61 counter-hierarchy ez-toc-counter ez-toc-grey ez-toc-container-direction\">\n<p class=\"ez-toc-title\"><\/p>\n<label for=\"ez-toc-cssicon-toggle-item-69f1d5e782972\" class=\"ez-toc-cssicon-toggle-label\"><span class=\"\"><span class=\"eztoc-hide\" style=\"display:none;\">Toggle<\/span><span class=\"ez-toc-icon-toggle-span\"><svg style=\"fill: #999;color:#999\" xmlns=\"http:\/\/www.w3.org\/2000\/svg\" class=\"list-377408\" width=\"20px\" height=\"20px\" viewBox=\"0 0 24 24\" fill=\"none\"><path d=\"M6 6H4v2h2V6zm14 0H8v2h12V6zM4 11h2v2H4v-2zm16 0H8v2h12v-2zM4 16h2v2H4v-2zm16 0H8v2h12v-2z\" fill=\"currentColor\"><\/path><\/svg><svg style=\"fill: #999;color:#999\" class=\"arrow-unsorted-368013\" xmlns=\"http:\/\/www.w3.org\/2000\/svg\" width=\"10px\" height=\"10px\" viewBox=\"0 0 24 24\" version=\"1.2\" baseProfile=\"tiny\"><path d=\"M18.2 9.3l-6.2-6.3-6.2 6.3c-.2.2-.3.4-.3.7s.1.5.3.7c.2.2.4.3.7.3h11c.3 0 .5-.1.7-.3.2-.2.3-.5.3-.7s-.1-.5-.3-.7zM5.8 14.7l6.2 6.3 6.2-6.3c.2-.2.3-.5.3-.7s-.1-.5-.3-.7c-.2-.2-.4-.3-.7-.3h-11c-.3 0-.5.1-.7.3-.2.2-.3.5-.3.7s.1.5.3.7z\"\/><\/svg><\/span><\/span><\/label><input type=\"checkbox\"  id=\"ez-toc-cssicon-toggle-item-69f1d5e782972\"  aria-label=\"Toggle\" \/><nav><ul class='ez-toc-list ez-toc-list-level-1 ' ><li class='ez-toc-page-1 ez-toc-heading-level-2'><a class=\"ez-toc-link ez-toc-heading-1\" href=\"https:\/\/www.signum.cat\/ca\/com-il%c2%b7luminar-una-cuina\/#Planificacio_de_com_il%C2%B7luminar_una_cuina\" title=\"Planificaci\u00f3 de com il\u00b7luminar una cuina\">Planificaci\u00f3 de com il\u00b7luminar una cuina<\/a><ul class='ez-toc-list-level-3' ><li class='ez-toc-heading-level-3'><a class=\"ez-toc-link ez-toc-heading-2\" href=\"https:\/\/www.signum.cat\/ca\/com-il%c2%b7luminar-una-cuina\/#Llum_ambiental\" title=\"Llum ambiental\">Llum ambiental<\/a><\/li><li class='ez-toc-page-1 ez-toc-heading-level-3'><a class=\"ez-toc-link ez-toc-heading-3\" href=\"https:\/\/www.signum.cat\/ca\/com-il%c2%b7luminar-una-cuina\/#Llum_de_tasca\" title=\"Llum de tasca\">Llum de tasca<\/a><\/li><li class='ez-toc-page-1 ez-toc-heading-level-3'><a class=\"ez-toc-link ez-toc-heading-4\" href=\"https:\/\/www.signum.cat\/ca\/com-il%c2%b7luminar-una-cuina\/#Llum_accent\" title=\"Llum accent\">Llum accent<\/a><\/li><li class='ez-toc-page-1 ez-toc-heading-level-3'><a class=\"ez-toc-link ez-toc-heading-5\" href=\"https:\/\/www.signum.cat\/ca\/com-il%c2%b7luminar-una-cuina\/#Finestres_i_llum_natural\" title=\"Finestres i llum natural\">Finestres i llum natural<\/a><\/li><li class='ez-toc-page-1 ez-toc-heading-level-3'><a class=\"ez-toc-link ez-toc-heading-6\" href=\"https:\/\/www.signum.cat\/ca\/com-il%c2%b7luminar-una-cuina\/#Temperatura_de_color\" title=\"Temperatura de color\">Temperatura de color<\/a><\/li><li class='ez-toc-page-1 ez-toc-heading-level-3'><a class=\"ez-toc-link ez-toc-heading-7\" href=\"https:\/\/www.signum.cat\/ca\/com-il%c2%b7luminar-una-cuina\/#Distribucio_de_la_il%C2%B7luminacio\" title=\"Distribuci\u00f3 de la il\u00b7luminaci\u00f3\">Distribuci\u00f3 de la il\u00b7luminaci\u00f3<\/a><\/li><li class='ez-toc-page-1 ez-toc-heading-level-3'><a class=\"ez-toc-link ez-toc-heading-8\" href=\"https:\/\/www.signum.cat\/ca\/com-il%c2%b7luminar-una-cuina\/#Control_intel%C2%B7ligent\" title=\"Control intel\u00b7ligent\">Control intel\u00b7ligent<\/a><\/li><\/ul><\/li><li class='ez-toc-page-1 ez-toc-heading-level-2'><a class=\"ez-toc-link ez-toc-heading-9\" href=\"https:\/\/www.signum.cat\/ca\/com-il%c2%b7luminar-una-cuina\/#Estrategies_de_com_il%C2%B7luminar_una_cuina_de_manera_intel%C2%B7ligent\" title=\"Estrat\u00e8gies de com il\u00b7luminar una cuina de manera intel\u00b7ligent\">Estrat\u00e8gies de com il\u00b7luminar una cuina de manera intel\u00b7ligent<\/a><ul class='ez-toc-list-level-3' ><li class='ez-toc-heading-level-3'><a class=\"ez-toc-link ez-toc-heading-10\" href=\"https:\/\/www.signum.cat\/ca\/com-il%c2%b7luminar-una-cuina\/#Il%C2%B7luminacio_sota_els_gabinets\" title=\"Il\u00b7luminaci\u00f3 sota els gabinets\">Il\u00b7luminaci\u00f3 sota els gabinets<\/a><\/li><li class='ez-toc-page-1 ez-toc-heading-level-3'><a class=\"ez-toc-link ez-toc-heading-11\" href=\"https:\/\/www.signum.cat\/ca\/com-il%c2%b7luminar-una-cuina\/#Lampades_penjants_suspeses\" title=\"L\u00e0mpades penjants suspeses\">L\u00e0mpades penjants suspeses<\/a><\/li><li class='ez-toc-page-1 ez-toc-heading-level-3'><a class=\"ez-toc-link ez-toc-heading-12\" href=\"https:\/\/www.signum.cat\/ca\/com-il%c2%b7luminar-una-cuina\/#Llum_natural\" title=\"Llum natural\">Llum natural<\/a><\/li><li class='ez-toc-page-1 ez-toc-heading-level-3'><a class=\"ez-toc-link ez-toc-heading-13\" href=\"https:\/\/www.signum.cat\/ca\/com-il%c2%b7luminar-una-cuina\/#Reguladors_dintensitat_Dimmers\" title=\"Reguladors d&#8217;intensitat (Dimmers)\">Reguladors d&#8217;intensitat (Dimmers)<\/a><\/li><li class='ez-toc-page-1 ez-toc-heading-level-3'><a class=\"ez-toc-link ez-toc-heading-14\" href=\"https:\/\/www.signum.cat\/ca\/com-il%c2%b7luminar-una-cuina\/#Manteniment_regular\" title=\"Manteniment regular\">Manteniment regular<\/a><\/li><\/ul><\/li><li class='ez-toc-page-1 ez-toc-heading-level-2'><a class=\"ez-toc-link ez-toc-heading-15\" href=\"https:\/\/www.signum.cat\/ca\/com-il%c2%b7luminar-una-cuina\/#En_conclusio_com_il%C2%B7luminar_una_cuina\" title=\"En conclusi\u00f3, com il\u00b7luminar una cuina\">En conclusi\u00f3, com il\u00b7luminar una cuina<\/a><\/li><\/ul><\/nav><\/div>\n<h2 class=\"wp-block-heading\"><span class=\"ez-toc-section\" id=\"Planificacio_de_com_il%C2%B7luminar_una_cuina\"><\/span>Planificaci\u00f3 de com il\u00b7luminar una cuina<span class=\"ez-toc-section-end\"><\/span><\/h2>\n\n\n\n<p>Abans d&#8217;embarcar-se a l&#8217;<strong>elecci\u00f3 de llumin\u00e0ries i bombetes<\/strong>, \u00e9s fonamental fer una planificaci\u00f3 adequada. Preneu-vos el temps necessari per avaluar les necessitats d&#8217;il\u00b7luminaci\u00f3 de la cuina.<\/p>\n\n\n\n<p>Aix\u00f2 inclou considerar les \u00e0rees de treball, les <strong>zones de preparaci\u00f3 d&#8217;aliments i les \u00e0rees de menjador<\/strong> si se&#8217;n tenen.<\/p>\n\n\n\n<p><p>Hem d&#8217;observar la distribuci\u00f3 dels mobles i electrodom\u00e8stics per determinar on es requereix una <strong>il\u00b7luminaci\u00f3 m\u00e9s intensa i on pot ser m\u00e9s suau<\/strong>. Una planificaci\u00f3 acurada servir\u00e0 com a base s\u00f2lida per al disseny de lesquema dil\u00b7luminaci\u00f3.<\/p><\/p>\n\n\n\n<h3 class=\"wp-block-heading\"><span class=\"ez-toc-section\" id=\"Llum_ambiental\"><\/span>Llum ambiental<span class=\"ez-toc-section-end\"><\/span><\/h3>\n\n\n\n<p><p>La llum ambiental \u00e9s el punt de partida per il\u00b7luminar una cuina. Aquest tipus de <strong>il\u00b7luminaci\u00f3 proporciona una base uniforme i suau a tot l&#8217;espai<\/strong>.<\/p><\/p>\n\n\n<div class=\"wp-block-image\">\n<figure class=\"aligncenter size-full\"><img loading=\"lazy\" decoding=\"async\" width=\"900\" height=\"600\" src=\"https:\/\/www.signum.cat\/wp-content\/uploads\/2023\/09\/Como-Iluminar-una-cocina-con-Iluminacion-natural-.jpg\" alt=\"Com Il\u00b7luminar una cuina amb Il\u00b7luminaci\u00f3 natural\" class=\"wp-image-3687\" srcset=\"https:\/\/www.signum.cat\/wp-content\/uploads\/2023\/09\/Como-Iluminar-una-cocina-con-Iluminacion-natural-.jpg 900w, https:\/\/www.signum.cat\/wp-content\/uploads\/2023\/09\/Como-Iluminar-una-cocina-con-Iluminacion-natural--300x200.jpg 300w, https:\/\/www.signum.cat\/wp-content\/uploads\/2023\/09\/Como-Iluminar-una-cocina-con-Iluminacion-natural--768x512.jpg 768w\" sizes=\"(max-width: 900px) 100vw, 900px\" \/><\/figure><\/div>\n\n\n<p>Es pot aconseguir mitjan\u00e7ant <strong>l\u00e0mpades de sostre encastades, plafons o fins i tot tires de llums LED<\/strong> instal\u00b7lades al per\u00edmetre de l&#8217;habitaci\u00f3.<\/p>\n\n\n\n<p>Optar per fonts de llum ambiental regulables per tenir control sobre la intensitat segons l&#8217;ocasi\u00f3. Aix\u00f2 permet crear un ambient acollidor durant els \u00e0pats i una il\u00b7luminaci\u00f3 m\u00e9s brillant i funcional en preparar aliments.<\/p>\n\n\n\n<h3 class=\"wp-block-heading\"><span class=\"ez-toc-section\" id=\"Llum_de_tasca\"><\/span>Llum de tasca<span class=\"ez-toc-section-end\"><\/span><\/h3>\n\n\n\n<p><p>La llum de tasca \u00e9s essencial per il\u00b7luminar \u00e0rees espec\u00edfiques on es fan activitats com tallar, cuinar o rentar els plats. En aquest sentit, les <strong>llums encastades sota els gabinets superiors s\u00f3n una excel\u00b7lent elecci\u00f3.<\/strong><\/p><\/p>\n\n\n\n<blockquote class=\"wp-block-quote\">\n<p><p><em>La tecnologia LED \u00e9s especialment \u00fatil en aquest cas, ja que <strong>proporciona una llum clara i enfocada,<\/strong> a m\u00e9s de ser altament eficient en termes energ\u00e8tics.<\/em><\/p><\/p>\n<\/blockquote>\n\n\n\n<figure class=\"wp-block-embed is-type-wp-embed is-provider-signum wp-block-embed-signum\"><div class=\"wp-block-embed__wrapper\">\n<blockquote class=\"wp-embedded-content\" data-secret=\"SldaBldUQi\"><a href=\"https:\/\/www.signum.cat\/ca\/avantatges-de-la-il%c2%b7luminacio-led-a-casa\/\">Avantatges de la il\u00b7luminaci\u00f3 LED a casa<\/a><\/blockquote><iframe class=\"wp-embedded-content\" sandbox=\"allow-scripts\" security=\"restricted\" style=\"position: absolute; clip: rect(1px, 1px, 1px, 1px);\" title=\"\u00abAvantatges de la il\u00b7luminaci\u00f3 LED a casa\u00bb \u2014 SIGNUM\" src=\"https:\/\/www.signum.cat\/ca\/avantatges-de-la-il%c2%b7luminacio-led-a-casa\/embed\/#?secret=84tZIizyk5#?secret=SldaBldUQi\" data-secret=\"SldaBldUQi\" width=\"600\" height=\"338\" frameborder=\"0\" marginwidth=\"0\" marginheight=\"0\" scrolling=\"no\"><\/iframe>\n<\/div><figcaption class=\"wp-element-caption\">&nbsp;<br><a href=\"https:\/\/www.signum.cat\/ca\/avantatges-de-la-il%c2%b7luminacio-led-a-casa\/\">Beneficis de la il\u00b7luminaci\u00f3 en un habitatge<\/a><\/figcaption><\/figure>\n\n\n\n<p>Tamb\u00e9 podem considerar l&#8217;\u00fas de llums penjants sobre una illa o taulell, cosa que afegeix un toc d&#8217;estil a la cuina, a m\u00e9s d&#8217;una il\u00b7luminaci\u00f3 funcional.<\/p>\n\n\n\n<h3 class=\"wp-block-heading\"><span class=\"ez-toc-section\" id=\"Llum_accent\"><\/span>Llum accent<span class=\"ez-toc-section-end\"><\/span><\/h3>\n\n\n\n<p><p>Aquest tipus de llum afegeix inter\u00e8s visual i destaca elements decoratius a la cuina. Si es tenen <em>estants oberts, obres d&#8217;art o elements arquitect\u00f2nics <\/em>que volem ressaltar, considerem la instal\u00b7laci\u00f3 de focus o llums direccionals. Aix\u00f2 no sols millora l&#8217;est\u00e8tica de la cuina, sin\u00f3 que tamb\u00e9 crea un ambient acollidor.<\/p><\/p>\n\n\n\n<h3 class=\"wp-block-heading\"><span class=\"ez-toc-section\" id=\"Finestres_i_llum_natural\"><\/span>Finestres i llum natural<span class=\"ez-toc-section-end\"><\/span><\/h3>\n\n\n\n<p>Aprofitar al m\u00e0xim la llum natural a la cuina. Les finestres grans i ben posicionades poden omplir l&#8217;espai amb llum durant el dia. Si dissenyem una cuina des de zero, pensem en la ubicaci\u00f3 de les finestres per maximitzar l&#8217;entrada de llum natural.<\/p>\n\n\n\n<p><p>Pel que fa a la privadesa, <strong>es pot optar per cortines o persianes que permetin controlar la quantitat de llum<\/strong> que entra. A m\u00e9s, l&#8217;\u00fas de vidre a gabinets i portes pot ajudar a fer que la llum natural s&#8217;estengui per tota l&#8217;habitaci\u00f3.<\/p><\/p>\n\n\n\n<h3 class=\"wp-block-heading\"><span class=\"ez-toc-section\" id=\"Temperatura_de_color\"><\/span>Temperatura de color<span class=\"ez-toc-section-end\"><\/span><\/h3>\n\n\n\n<p><p>La temperatura de color de les bombetes \u00e9s un aspecte important que cal considerar. <strong>Les bombetes LED ofereixen una \u00e0mplia gamma d&#8217;opcions<\/strong> de temperatura de color, des de c\u00e0lides (tons grocs) fins a fredes (tons blaus).<\/p><\/p>\n\n\n<div class=\"wp-block-image\">\n<figure class=\"aligncenter size-full\"><img loading=\"lazy\" decoding=\"async\" width=\"900\" height=\"600\" src=\"https:\/\/www.signum.cat\/wp-content\/uploads\/2023\/09\/Distribucion-de-la-iluminacion-en-una-cocina.jpg\" alt=\"Distribuci\u00f3 de la il\u00b7luminaci\u00f3 en una cuina\" class=\"wp-image-3689\" srcset=\"https:\/\/www.signum.cat\/wp-content\/uploads\/2023\/09\/Distribucion-de-la-iluminacion-en-una-cocina.jpg 900w, https:\/\/www.signum.cat\/wp-content\/uploads\/2023\/09\/Distribucion-de-la-iluminacion-en-una-cocina-300x200.jpg 300w, https:\/\/www.signum.cat\/wp-content\/uploads\/2023\/09\/Distribucion-de-la-iluminacion-en-una-cocina-768x512.jpg 768w\" sizes=\"(max-width: 900px) 100vw, 900px\" \/><\/figure><\/div>\n\n\n<p>L&#8217;elecci\u00f3 dep\u00e8n en gran manera de la vostra prefer\u00e8ncia personal i de l&#8217;ambient que vulgueu crear. En general, es recomana una <strong>temperatura de color c\u00e0lida (al voltant de 2700-3000 Kelvin)<\/strong> per a la il\u00b7luminaci\u00f3 general i d&#8217;accent en una cuina, ja que crea un ambient acollidor i agradable.<\/p>\n\n\n\n<h3 class=\"wp-block-heading\"><span class=\"ez-toc-section\" id=\"Distribucio_de_la_il%C2%B7luminacio\"><\/span>Distribuci\u00f3 de la il\u00b7luminaci\u00f3<span class=\"ez-toc-section-end\"><\/span><\/h3>\n\n\n\n<p>La distribuci\u00f3 de la il\u00b7luminaci\u00f3 \u00e9s crucial per aconseguir un ambient uniformement il\u00b7luminat. Evitem les ombres molestes a les \u00e0rees de treball col\u00b7locant els llums de tasca de manera equitativa.<\/p>\n\n\n\n<p>A m\u00e9s, ajustar l&#8217;al\u00e7ada dels llums penjants per evitar enlluernaments i assegurar-se que la llum es distribueixi de manera uniforme.<\/p>\n\n\n\n<h3 class=\"wp-block-heading\"><span class=\"ez-toc-section\" id=\"Control_intel%C2%B7ligent\"><\/span>Control intel\u00b7ligent<span class=\"ez-toc-section-end\"><\/span><\/h3>\n\n\n\n<p>Per a una m\u00e0xima flexibilitat, considerem la implementaci\u00f3 d&#8217;un <a href=\"https:\/\/www.signum.cat\/ca\/instal%c2%b7lacions-domotiques\/\">sistema de control dom\u00f2tic<\/a> per il\u00b7luminar la cuina o la resta de l&#8217;habitatge. Aix\u00f2 us permetr\u00e0 ajustar la intensitat i el to de la llum segons les necessitats i prefer\u00e8ncies en qualsevol moment.<\/p>\n\n\n\n<p>Tamb\u00e9 es pot programar la il\u00b7luminaci\u00f3 per crear escenes espec\u00edfiques, com una il\u00b7luminaci\u00f3 m\u00e9s t\u00e8nue durant el sopar o una llum brillant per cuinar.<\/p>\n\n\n\n<h2 class=\"wp-block-heading\"><span class=\"ez-toc-section\" id=\"Estrategies_de_com_il%C2%B7luminar_una_cuina_de_manera_intel%C2%B7ligent\"><\/span>Estrat\u00e8gies de com il\u00b7luminar una cuina de manera intel\u00b7ligent<span class=\"ez-toc-section-end\"><\/span><\/h2>\n\n\n\n<figure class=\"wp-block-image size-full\"><img loading=\"lazy\" decoding=\"async\" width=\"900\" height=\"600\" src=\"https:\/\/www.signum.cat\/wp-content\/uploads\/2023\/09\/Iluminacion-en-el-Interior-en-una-cocina.jpg\" alt=\"Il\u00b7luminaci\u00f3-a-l'Interior-en-una-cuina\" class=\"wp-image-3683\" srcset=\"https:\/\/www.signum.cat\/wp-content\/uploads\/2023\/09\/Iluminacion-en-el-Interior-en-una-cocina.jpg 900w, https:\/\/www.signum.cat\/wp-content\/uploads\/2023\/09\/Iluminacion-en-el-Interior-en-una-cocina-300x200.jpg 300w, https:\/\/www.signum.cat\/wp-content\/uploads\/2023\/09\/Iluminacion-en-el-Interior-en-una-cocina-768x512.jpg 768w\" sizes=\"(max-width: 900px) 100vw, 900px\" \/><\/figure>\n\n\n\n<p>Ara que has planificat la il\u00b7luminaci\u00f3 de la teva cuina, \u00e9s hora de posar en pr\u00e0ctica algunes estrat\u00e8gies per aconseguir una cuina ben il\u00b7luminada i funcional:<\/p>\n\n\n\n<h3 class=\"wp-block-heading\"><span class=\"ez-toc-section\" id=\"Il%C2%B7luminacio_sota_els_gabinets\"><\/span>Il\u00b7luminaci\u00f3 sota els gabinets<span class=\"ez-toc-section-end\"><\/span><\/h3>\n\n\n\n<p>Col\u00b7locar tires de llums LED sota els gabinets superiors \u00e9s una excel\u00b7lent manera de proporcionar una il\u00b7luminaci\u00f3 de tasca efectiva al taulell. Aix\u00f2 elimina les ombres i millora la visibilitat mentre cuines.<\/p>\n\n\n\n<h3 class=\"wp-block-heading\"><span class=\"ez-toc-section\" id=\"Lampades_penjants_suspeses\"><\/span>L\u00e0mpades penjants suspeses<span class=\"ez-toc-section-end\"><\/span><\/h3>\n\n\n\n<p>Les l\u00e0mpades penjants sobre una illa o una taula de menjador poden servir com a elements decoratius i proporcionar una il\u00b7luminaci\u00f3 d&#8217;accent. Assegureu-vos que estiguin a l&#8217;altura adequada per evitar enlluernaments.<\/p>\n\n\n\n<h3 class=\"wp-block-heading\"><span class=\"ez-toc-section\" id=\"Llum_natural\"><\/span>Llum natural<span class=\"ez-toc-section-end\"><\/span><\/h3>\n\n\n\n<p>Aprofita al m\u00e0xim la llum natural a la teva cuina. Si \u00e9s possible, utilitza cortines o persianes que permetin el pas de la llum durant el dia. Aix\u00f2 no nom\u00e9s estalvia energia, sin\u00f3 que tamb\u00e9 crea un ambient agradable.<\/p>\n\n\n\n<h3 class=\"wp-block-heading\"><span class=\"ez-toc-section\" id=\"Reguladors_dintensitat_Dimmers\"><\/span>Reguladors d&#8217;intensitat (Dimmers)<span class=\"ez-toc-section-end\"><\/span><\/h3>\n\n\n<div class=\"wp-block-image\">\n<figure class=\"aligncenter size-full\"><img loading=\"lazy\" decoding=\"async\" width=\"900\" height=\"600\" src=\"https:\/\/www.signum.cat\/wp-content\/uploads\/2023\/09\/Reguladores-de-Iluminacion-en-el-Interior-en-una-cocina.jpg\" alt=\"Reguladors d'Il\u00b7luminaci\u00f3\" class=\"wp-image-3685\" srcset=\"https:\/\/www.signum.cat\/wp-content\/uploads\/2023\/09\/Reguladores-de-Iluminacion-en-el-Interior-en-una-cocina.jpg 900w, https:\/\/www.signum.cat\/wp-content\/uploads\/2023\/09\/Reguladores-de-Iluminacion-en-el-Interior-en-una-cocina-300x200.jpg 300w, https:\/\/www.signum.cat\/wp-content\/uploads\/2023\/09\/Reguladores-de-Iluminacion-en-el-Interior-en-una-cocina-768x512.jpg 768w\" sizes=\"(max-width: 900px) 100vw, 900px\" \/><\/figure><\/div>\n\n\n<p>Instal\u00b7la reguladors d&#8217;intensitat a les llums per tenir un control total sobre la quantitat de llum en diferents moments del dia i per a diverses activitats. Els <a href=\"https:\/\/www.siraled.com\/categoria\/reguladores-luz-dimmers\/\" target=\"_blank\" rel=\"noreferrer noopener\">dimmers<\/a> us permeten ajustar la il\u00b7luminaci\u00f3 segons les vostres necessitats.<\/p>\n\n\n\n<h3 class=\"wp-block-heading\"><span class=\"ez-toc-section\" id=\"Manteniment_regular\"><\/span>Manteniment regular<span class=\"ez-toc-section-end\"><\/span><\/h3>\n\n\n\n<p>No oblideu el manteniment del sistema d&#8217;il\u00b7luminaci\u00f3. Netejar les llumin\u00e0ries i canviar les bombetes quan calgui per garantir un funcionament \u00f2ptim.<\/p>\n\n\n\n<p>Un sistema d&#8217;il\u00b7luminaci\u00f3 ben mantingut no nom\u00e9s llueix millor, sin\u00f3 que tamb\u00e9 \u00e9s m\u00e9s segur i m\u00e9s eficient des del punt de vista energ\u00e8tic.<\/p>\n\n\n\n<h2 class=\"wp-block-heading\"><span class=\"ez-toc-section\" id=\"En_conclusio_com_il%C2%B7luminar_una_cuina\"><\/span>En conclusi\u00f3, com il\u00b7luminar una cuina<span class=\"ez-toc-section-end\"><\/span><\/h2>\n\n\n\n<p>\u00c9s un proc\u00e9s que combina funcionalitat i disseny. Una planificaci\u00f3 acurada i la consideraci\u00f3 de diversos tipus d&#8217;il\u00b7luminaci\u00f3, com l&#8217;ambiental, la de tasca i la d&#8217;accent, s\u00f3n essencials per aconseguir un ambient funcional i atractiu a la cuina.<\/p>\n\n\n\n<p>L&#8217;elecci\u00f3 de tecnologia LED, la temperatura de color adequada i la implementaci\u00f3 d&#8217;un control intel\u00b7ligent poden portar la il\u00b7luminaci\u00f3 de la cuina al seg\u00fcent nivell.<\/p>\n\n\n\n<p>No subestimem el poder d&#8217;una il\u00b7luminaci\u00f3 ben planificada per transformar l&#8217;espai culinari en un lloc acollidor i eficient.<\/p>\n","protected":false},"excerpt":{"rendered":"<p>La il\u00b7luminaci\u00f3 d&#8217;una cuina \u00e9s un aspecte essencial del disseny d&#8217;interiors i pot marcar la difer\u00e8ncia entre un espai funcional i atractiu o un d&#8217;inc\u00f2mode i poc pr\u00e0ctic. Quan es tracta de com il\u00b7luminar una cuina, \u00e9s crucial considerar una&#8230;<\/p>\n","protected":false},"author":2,"featured_media":3681,"comment_status":"closed","ping_status":"closed","sticky":false,"template":"","format":"standard","meta":{"_kad_post_transparent":"","_kad_post_title":"","_kad_post_layout":"","_kad_post_sidebar_id":"","_kad_post_content_style":"","_kad_post_vertical_padding":"","_kad_post_feature":"","_kad_post_feature_position":"","_kad_post_header":false,"_kad_post_footer":false,"footnotes":"","_joinchat":[]},"categories":[60,61],"tags":[],"yoast_head":"<!-- This site is optimized with the Yoast SEO plugin v21.7 - https:\/\/yoast.com\/wordpress\/plugins\/seo\/ -->\n<title>Com il\u00b7luminar una cuina de manera funcional i atractiva<\/title>\n<meta name=\"description\" content=\"Descobreix al nostre article com il\u00b7luminar una cuina, amb trucs i consells d&#039;il\u00b7luminaci\u00f3 per aconseguir un espai acollidor i funcional.\" \/>\n<meta name=\"robots\" content=\"index, follow, max-snippet:-1, max-image-preview:large, max-video-preview:-1\" \/>\n<link rel=\"canonical\" href=\"https:\/\/www.signum.cat\/ca\/com-il\u00b7luminar-una-cuina\/\" \/>\n<meta property=\"og:locale\" content=\"ca_ES\" \/>\n<meta property=\"og:type\" content=\"article\" \/>\n<meta property=\"og:title\" content=\"Com il\u00b7luminar una cuina de manera funcional i atractiva\" \/>\n<meta property=\"og:description\" content=\"Descobreix al nostre article com il\u00b7luminar una cuina, amb trucs i consells d&#039;il\u00b7luminaci\u00f3 per aconseguir un espai acollidor i funcional.\" \/>\n<meta property=\"og:url\" content=\"https:\/\/www.signum.cat\/ca\/com-il\u00b7luminar-una-cuina\/\" \/>\n<meta property=\"og:site_name\" content=\"SIGNUM\" \/>\n<meta property=\"article:published_time\" content=\"2023-09-28T09:39:08+00:00\" \/>\n<meta property=\"article:modified_time\" content=\"2023-09-28T09:55:57+00:00\" \/>\n<meta property=\"og:image\" content=\"https:\/\/www.signum.cat\/wp-content\/uploads\/2023\/09\/Como-Iluminar-una-Cocina.jpg\" \/>\n\t<meta property=\"og:image:width\" content=\"900\" \/>\n\t<meta property=\"og:image:height\" content=\"600\" \/>\n\t<meta property=\"og:image:type\" content=\"image\/jpeg\" \/>\n<meta name=\"author\" content=\"Signum\" \/>\n<meta name=\"twitter:card\" content=\"summary_large_image\" \/>\n<meta name=\"twitter:label1\" content=\"Written by\" \/>\n\t<meta name=\"twitter:data1\" content=\"Signum\" \/>\n\t<meta name=\"twitter:label2\" content=\"Est. reading time\" \/>\n\t<meta name=\"twitter:data2\" content=\"6 minutes\" \/>\n<script type=\"application\/ld+json\" class=\"yoast-schema-graph\">{\"@context\":\"https:\/\/schema.org\",\"@graph\":[{\"@type\":\"Article\",\"@id\":\"https:\/\/www.signum.cat\/ca\/com-il%c2%b7luminar-una-cuina\/#article\",\"isPartOf\":{\"@id\":\"https:\/\/www.signum.cat\/ca\/com-il%c2%b7luminar-una-cuina\/\"},\"author\":{\"name\":\"Signum\",\"@id\":\"https:\/\/www.signum.cat\/#\/schema\/person\/c2e78202a3b382edd9e2930aac0b4def\"},\"headline\":\"Com il\u00b7luminar una cuina de manera funcional i atractiva\",\"datePublished\":\"2023-09-28T09:39:08+00:00\",\"dateModified\":\"2023-09-28T09:55:57+00:00\",\"mainEntityOfPage\":{\"@id\":\"https:\/\/www.signum.cat\/ca\/com-il%c2%b7luminar-una-cuina\/\"},\"wordCount\":1128,\"publisher\":{\"@id\":\"https:\/\/www.signum.cat\/#organization\"},\"articleSection\":[\"Consells\",\"il\u00b7luminaci\u00f3\"],\"inLanguage\":\"ca-ES\"},{\"@type\":\"WebPage\",\"@id\":\"https:\/\/www.signum.cat\/ca\/com-il%c2%b7luminar-una-cuina\/\",\"url\":\"https:\/\/www.signum.cat\/ca\/com-il%c2%b7luminar-una-cuina\/\",\"name\":\"Com il\u00b7luminar una cuina de manera funcional i atractiva\",\"isPartOf\":{\"@id\":\"https:\/\/www.signum.cat\/#website\"},\"datePublished\":\"2023-09-28T09:39:08+00:00\",\"dateModified\":\"2023-09-28T09:55:57+00:00\",\"description\":\"Descobreix al nostre article com il\u00b7luminar una cuina, amb trucs i consells d'il\u00b7luminaci\u00f3 per aconseguir un espai acollidor i funcional.\",\"breadcrumb\":{\"@id\":\"https:\/\/www.signum.cat\/ca\/com-il%c2%b7luminar-una-cuina\/#breadcrumb\"},\"inLanguage\":\"ca-ES\",\"potentialAction\":[{\"@type\":\"ReadAction\",\"target\":[\"https:\/\/www.signum.cat\/ca\/com-il%c2%b7luminar-una-cuina\/\"]}]},{\"@type\":\"BreadcrumbList\",\"@id\":\"https:\/\/www.signum.cat\/ca\/com-il%c2%b7luminar-una-cuina\/#breadcrumb\",\"itemListElement\":[{\"@type\":\"ListItem\",\"position\":1,\"name\":\"Portada\",\"item\":\"https:\/\/www.signum.cat\/ca\/\"},{\"@type\":\"ListItem\",\"position\":2,\"name\":\"Com il\u00b7luminar una cuina de manera funcional i atractiva\"}]},{\"@type\":\"WebSite\",\"@id\":\"https:\/\/www.signum.cat\/#website\",\"url\":\"https:\/\/www.signum.cat\/\",\"name\":\"SIGNUM\",\"description\":\"Electricidad, dom\u00f3tica e inm\u00f3tica\",\"publisher\":{\"@id\":\"https:\/\/www.signum.cat\/#organization\"},\"potentialAction\":[{\"@type\":\"SearchAction\",\"target\":{\"@type\":\"EntryPoint\",\"urlTemplate\":\"https:\/\/www.signum.cat\/?s={search_term_string}\"},\"query-input\":\"required name=search_term_string\"}],\"inLanguage\":\"ca-ES\"},{\"@type\":\"Organization\",\"@id\":\"https:\/\/www.signum.cat\/#organization\",\"name\":\"SIGNUM\",\"url\":\"https:\/\/www.signum.cat\/\",\"logo\":{\"@type\":\"ImageObject\",\"inLanguage\":\"ca-ES\",\"@id\":\"https:\/\/www.signum.cat\/#\/schema\/logo\/image\/\",\"url\":\"https:\/\/www.signum.cat\/wp-content\/uploads\/2021\/02\/Logo-SIGNUM-Favicon-1.png\",\"contentUrl\":\"https:\/\/www.signum.cat\/wp-content\/uploads\/2021\/02\/Logo-SIGNUM-Favicon-1.png\",\"width\":80,\"height\":73,\"caption\":\"SIGNUM\"},\"image\":{\"@id\":\"https:\/\/www.signum.cat\/#\/schema\/logo\/image\/\"}},{\"@type\":\"Person\",\"@id\":\"https:\/\/www.signum.cat\/#\/schema\/person\/c2e78202a3b382edd9e2930aac0b4def\",\"name\":\"Signum\"}]}<\/script>\n<!-- \/ Yoast SEO plugin. -->","yoast_head_json":{"title":"Com il\u00b7luminar una cuina de manera funcional i atractiva","description":"Descobreix al nostre article com il\u00b7luminar una cuina, amb trucs i consells d'il\u00b7luminaci\u00f3 per aconseguir un espai acollidor i funcional.","robots":{"index":"index","follow":"follow","max-snippet":"max-snippet:-1","max-image-preview":"max-image-preview:large","max-video-preview":"max-video-preview:-1"},"canonical":"https:\/\/www.signum.cat\/ca\/com-il\u00b7luminar-una-cuina\/","og_locale":"ca_ES","og_type":"article","og_title":"Com il\u00b7luminar una cuina de manera funcional i atractiva","og_description":"Descobreix al nostre article com il\u00b7luminar una cuina, amb trucs i consells d'il\u00b7luminaci\u00f3 per aconseguir un espai acollidor i funcional.","og_url":"https:\/\/www.signum.cat\/ca\/com-il\u00b7luminar-una-cuina\/","og_site_name":"SIGNUM","article_published_time":"2023-09-28T09:39:08+00:00","article_modified_time":"2023-09-28T09:55:57+00:00","og_image":[{"width":900,"height":600,"url":"https:\/\/www.signum.cat\/wp-content\/uploads\/2023\/09\/Como-Iluminar-una-Cocina.jpg","type":"image\/jpeg"}],"author":"Signum","twitter_card":"summary_large_image","twitter_misc":{"Written by":"Signum","Est. reading time":"6 minutes"},"schema":{"@context":"https:\/\/schema.org","@graph":[{"@type":"Article","@id":"https:\/\/www.signum.cat\/ca\/com-il%c2%b7luminar-una-cuina\/#article","isPartOf":{"@id":"https:\/\/www.signum.cat\/ca\/com-il%c2%b7luminar-una-cuina\/"},"author":{"name":"Signum","@id":"https:\/\/www.signum.cat\/#\/schema\/person\/c2e78202a3b382edd9e2930aac0b4def"},"headline":"Com il\u00b7luminar una cuina de manera funcional i atractiva","datePublished":"2023-09-28T09:39:08+00:00","dateModified":"2023-09-28T09:55:57+00:00","mainEntityOfPage":{"@id":"https:\/\/www.signum.cat\/ca\/com-il%c2%b7luminar-una-cuina\/"},"wordCount":1128,"publisher":{"@id":"https:\/\/www.signum.cat\/#organization"},"articleSection":["Consells","il\u00b7luminaci\u00f3"],"inLanguage":"ca-ES"},{"@type":"WebPage","@id":"https:\/\/www.signum.cat\/ca\/com-il%c2%b7luminar-una-cuina\/","url":"https:\/\/www.signum.cat\/ca\/com-il%c2%b7luminar-una-cuina\/","name":"Com il\u00b7luminar una cuina de manera funcional i atractiva","isPartOf":{"@id":"https:\/\/www.signum.cat\/#website"},"datePublished":"2023-09-28T09:39:08+00:00","dateModified":"2023-09-28T09:55:57+00:00","description":"Descobreix al nostre article com il\u00b7luminar una cuina, amb trucs i consells d'il\u00b7luminaci\u00f3 per aconseguir un espai acollidor i funcional.","breadcrumb":{"@id":"https:\/\/www.signum.cat\/ca\/com-il%c2%b7luminar-una-cuina\/#breadcrumb"},"inLanguage":"ca-ES","potentialAction":[{"@type":"ReadAction","target":["https:\/\/www.signum.cat\/ca\/com-il%c2%b7luminar-una-cuina\/"]}]},{"@type":"BreadcrumbList","@id":"https:\/\/www.signum.cat\/ca\/com-il%c2%b7luminar-una-cuina\/#breadcrumb","itemListElement":[{"@type":"ListItem","position":1,"name":"Portada","item":"https:\/\/www.signum.cat\/ca\/"},{"@type":"ListItem","position":2,"name":"Com il\u00b7luminar una cuina de manera funcional i atractiva"}]},{"@type":"WebSite","@id":"https:\/\/www.signum.cat\/#website","url":"https:\/\/www.signum.cat\/","name":"SIGNUM","description":"Electricidad, dom\u00f3tica e inm\u00f3tica","publisher":{"@id":"https:\/\/www.signum.cat\/#organization"},"potentialAction":[{"@type":"SearchAction","target":{"@type":"EntryPoint","urlTemplate":"https:\/\/www.signum.cat\/?s={search_term_string}"},"query-input":"required name=search_term_string"}],"inLanguage":"ca-ES"},{"@type":"Organization","@id":"https:\/\/www.signum.cat\/#organization","name":"SIGNUM","url":"https:\/\/www.signum.cat\/","logo":{"@type":"ImageObject","inLanguage":"ca-ES","@id":"https:\/\/www.signum.cat\/#\/schema\/logo\/image\/","url":"https:\/\/www.signum.cat\/wp-content\/uploads\/2021\/02\/Logo-SIGNUM-Favicon-1.png","contentUrl":"https:\/\/www.signum.cat\/wp-content\/uploads\/2021\/02\/Logo-SIGNUM-Favicon-1.png","width":80,"height":73,"caption":"SIGNUM"},"image":{"@id":"https:\/\/www.signum.cat\/#\/schema\/logo\/image\/"}},{"@type":"Person","@id":"https:\/\/www.signum.cat\/#\/schema\/person\/c2e78202a3b382edd9e2930aac0b4def","name":"Signum"}]}},"_links":{"self":[{"href":"https:\/\/www.signum.cat\/ca\/wp-json\/wp\/v2\/posts\/3699"}],"collection":[{"href":"https:\/\/www.signum.cat\/ca\/wp-json\/wp\/v2\/posts"}],"about":[{"href":"https:\/\/www.signum.cat\/ca\/wp-json\/wp\/v2\/types\/post"}],"author":[{"embeddable":true,"href":"https:\/\/www.signum.cat\/ca\/wp-json\/wp\/v2\/users\/2"}],"replies":[{"embeddable":true,"href":"https:\/\/www.signum.cat\/ca\/wp-json\/wp\/v2\/comments?post=3699"}],"version-history":[{"count":3,"href":"https:\/\/www.signum.cat\/ca\/wp-json\/wp\/v2\/posts\/3699\/revisions"}],"predecessor-version":[{"id":3703,"href":"https:\/\/www.signum.cat\/ca\/wp-json\/wp\/v2\/posts\/3699\/revisions\/3703"}],"wp:featuredmedia":[{"embeddable":true,"href":"https:\/\/www.signum.cat\/ca\/wp-json\/wp\/v2\/media\/3681"}],"wp:attachment":[{"href":"https:\/\/www.signum.cat\/ca\/wp-json\/wp\/v2\/media?parent=3699"}],"wp:term":[{"taxonomy":"category","embeddable":true,"href":"https:\/\/www.signum.cat\/ca\/wp-json\/wp\/v2\/categories?post=3699"},{"taxonomy":"post_tag","embeddable":true,"href":"https:\/\/www.signum.cat\/ca\/wp-json\/wp\/v2\/tags?post=3699"}],"curies":[{"name":"wp","href":"https:\/\/api.w.org\/{rel}","templated":true}]}}