{"id":3774,"date":"2023-11-07T18:13:17","date_gmt":"2023-11-07T17:13:17","guid":{"rendered":"https:\/\/www.signum.cat\/certificats-deficiencia-energetica-importancia-i-necessitat\/"},"modified":"2023-11-07T18:18:00","modified_gmt":"2023-11-07T17:18:00","slug":"certificats-deficiencia-energetica-importancia-i-necessitat","status":"publish","type":"post","link":"https:\/\/www.signum.cat\/ca\/certificats-deficiencia-energetica-importancia-i-necessitat\/","title":{"rendered":"Certificats d&#8217;efici\u00e8ncia energ\u00e8tica: import\u00e0ncia i necessitat"},"content":{"rendered":"\n<p>Els certificats d&#8217;efici\u00e8ncia energ\u00e8tica s\u00f3n documents fonamentals en l&#8217;\u00e0mbit de <strong>construcci\u00f3 i edificaci\u00f3<\/strong>. Proporcionen una avaluaci\u00f3 detallada de l&#8217;efici\u00e8ncia energ\u00e8tica d&#8217;un edifici, una part d&#8217;aquest, o fins i tot d&#8217;un habitatge individual.<\/p>\n\n\n\n<div id=\"ez-toc-container\" class=\"ez-toc-v2_0_61 counter-hierarchy ez-toc-counter ez-toc-grey ez-toc-container-direction\">\n<p class=\"ez-toc-title\"><\/p>\n<label for=\"ez-toc-cssicon-toggle-item-69f1d762e7e59\" class=\"ez-toc-cssicon-toggle-label\"><span class=\"\"><span class=\"eztoc-hide\" style=\"display:none;\">Toggle<\/span><span class=\"ez-toc-icon-toggle-span\"><svg style=\"fill: #999;color:#999\" xmlns=\"http:\/\/www.w3.org\/2000\/svg\" class=\"list-377408\" width=\"20px\" height=\"20px\" viewBox=\"0 0 24 24\" fill=\"none\"><path d=\"M6 6H4v2h2V6zm14 0H8v2h12V6zM4 11h2v2H4v-2zm16 0H8v2h12v-2zM4 16h2v2H4v-2zm16 0H8v2h12v-2z\" fill=\"currentColor\"><\/path><\/svg><svg style=\"fill: #999;color:#999\" class=\"arrow-unsorted-368013\" xmlns=\"http:\/\/www.w3.org\/2000\/svg\" width=\"10px\" height=\"10px\" viewBox=\"0 0 24 24\" version=\"1.2\" baseProfile=\"tiny\"><path d=\"M18.2 9.3l-6.2-6.3-6.2 6.3c-.2.2-.3.4-.3.7s.1.5.3.7c.2.2.4.3.7.3h11c.3 0 .5-.1.7-.3.2-.2.3-.5.3-.7s-.1-.5-.3-.7zM5.8 14.7l6.2 6.3 6.2-6.3c.2-.2.3-.5.3-.7s-.1-.5-.3-.7c-.2-.2-.4-.3-.7-.3h-11c-.3 0-.5.1-.7.3-.2.2-.3.5-.3.7s.1.5.3.7z\"\/><\/svg><\/span><\/span><\/label><input type=\"checkbox\"  id=\"ez-toc-cssicon-toggle-item-69f1d762e7e59\"  aria-label=\"Toggle\" \/><nav><ul class='ez-toc-list ez-toc-list-level-1 ' ><li class='ez-toc-page-1 ez-toc-heading-level-2'><a class=\"ez-toc-link ez-toc-heading-1\" href=\"https:\/\/www.signum.cat\/ca\/certificats-deficiencia-energetica-importancia-i-necessitat\/#Per_que_son_necessaris_aquests_certificats\" title=\"Per qu\u00e8 s\u00f3n necessaris aquests certificats?\">Per qu\u00e8 s\u00f3n necessaris aquests certificats?<\/a><\/li><li class='ez-toc-page-1 ez-toc-heading-level-2'><a class=\"ez-toc-link ez-toc-heading-2\" href=\"https:\/\/www.signum.cat\/ca\/certificats-deficiencia-energetica-importancia-i-necessitat\/#Contingut_dels_certificats_deficiencia_energetica\" title=\"Contingut dels certificats d&#8217;efici\u00e8ncia energ\u00e8tica\">Contingut dels certificats d&#8217;efici\u00e8ncia energ\u00e8tica<\/a><\/li><li class='ez-toc-page-1 ez-toc-heading-level-2'><a class=\"ez-toc-link ez-toc-heading-3\" href=\"https:\/\/www.signum.cat\/ca\/certificats-deficiencia-energetica-importancia-i-necessitat\/#Letiqueta_deficiencia_energetica\" title=\"L&#8217;etiqueta d&#8217;efici\u00e8ncia energ\u00e8tica\">L&#8217;etiqueta d&#8217;efici\u00e8ncia energ\u00e8tica<\/a><\/li><li class='ez-toc-page-1 ez-toc-heading-level-2'><a class=\"ez-toc-link ez-toc-heading-4\" href=\"https:\/\/www.signum.cat\/ca\/certificats-deficiencia-energetica-importancia-i-necessitat\/#Recomanacions_per_millorar_leficiencia_energetica\" title=\"Recomanacions per millorar l&#8217;efici\u00e8ncia energ\u00e8tica\">Recomanacions per millorar l&#8217;efici\u00e8ncia energ\u00e8tica<\/a><\/li><li class='ez-toc-page-1 ez-toc-heading-level-2'><a class=\"ez-toc-link ez-toc-heading-5\" href=\"https:\/\/www.signum.cat\/ca\/certificats-deficiencia-energetica-importancia-i-necessitat\/#Leficiencia_energetica_a_ledificacio\" title=\"L&#8217;efici\u00e8ncia energ\u00e8tica a l&#8217;edificaci\u00f3\">L&#8217;efici\u00e8ncia energ\u00e8tica a l&#8217;edificaci\u00f3<\/a><ul class='ez-toc-list-level-3' ><li class='ez-toc-heading-level-3'><a class=\"ez-toc-link ez-toc-heading-6\" href=\"https:\/\/www.signum.cat\/ca\/certificats-deficiencia-energetica-importancia-i-necessitat\/#Percentatge_de_consum_energetic_a_edificis\" title=\"Percentatge de consum energ\u00e8tic a edificis\">Percentatge de consum energ\u00e8tic a edificis<\/a><\/li><li class='ez-toc-page-1 ez-toc-heading-level-3'><a class=\"ez-toc-link ez-toc-heading-7\" href=\"https:\/\/www.signum.cat\/ca\/certificats-deficiencia-energetica-importancia-i-necessitat\/#Augment_a_la_demanda_de_certificats_deficiencia_energetica\" title=\"Augment a la demanda de certificats d&#8217;efici\u00e8ncia energ\u00e8tica\">Augment a la demanda de certificats d&#8217;efici\u00e8ncia energ\u00e8tica<\/a><\/li><li class='ez-toc-page-1 ez-toc-heading-level-3'><a class=\"ez-toc-link ez-toc-heading-8\" href=\"https:\/\/www.signum.cat\/ca\/certificats-deficiencia-energetica-importancia-i-necessitat\/#Qualificacio_deficiencia_energetica_i_estalvi_potencial\" title=\"Qualificaci\u00f3 d&#8217;efici\u00e8ncia energ\u00e8tica i estalvi potencial\">Qualificaci\u00f3 d&#8217;efici\u00e8ncia energ\u00e8tica i estalvi potencial<\/a><\/li><li class='ez-toc-page-1 ez-toc-heading-level-3'><a class=\"ez-toc-link ez-toc-heading-9\" href=\"https:\/\/www.signum.cat\/ca\/certificats-deficiencia-energetica-importancia-i-necessitat\/#Diversitat_de_sistemes_de_certificacio\" title=\"Diversitat de sistemes de certificaci\u00f3\">Diversitat de sistemes de certificaci\u00f3<\/a><\/li><\/ul><\/li><li class='ez-toc-page-1 ez-toc-heading-level-2'><a class=\"ez-toc-link ez-toc-heading-10\" href=\"https:\/\/www.signum.cat\/ca\/certificats-deficiencia-energetica-importancia-i-necessitat\/#Automatitzacio_dedificis_i_habitatges_en_leficiencia_energetica\" title=\"Automatitzaci\u00f3 d&#8217;edificis i habitatges en l&#8217;efici\u00e8ncia energ\u00e8tica\">Automatitzaci\u00f3 d&#8217;edificis i habitatges en l&#8217;efici\u00e8ncia energ\u00e8tica<\/a><ul class='ez-toc-list-level-3' ><li class='ez-toc-heading-level-3'><a class=\"ez-toc-link ez-toc-heading-11\" href=\"https:\/\/www.signum.cat\/ca\/certificats-deficiencia-energetica-importancia-i-necessitat\/#Eficiencia_energetica_i_automatitzacio\" title=\"Efici\u00e8ncia energ\u00e8tica i automatitzaci\u00f3\">Efici\u00e8ncia energ\u00e8tica i automatitzaci\u00f3<\/a><\/li><li class='ez-toc-page-1 ez-toc-heading-level-3'><a class=\"ez-toc-link ez-toc-heading-12\" href=\"https:\/\/www.signum.cat\/ca\/certificats-deficiencia-energetica-importancia-i-necessitat\/#Impacte_als_certificats_deficiencia_energetica\" title=\"Impacte als certificats d&#8217;efici\u00e8ncia energ\u00e8tica\">Impacte als certificats d&#8217;efici\u00e8ncia energ\u00e8tica<\/a><\/li><li class='ez-toc-page-1 ez-toc-heading-level-3'><a class=\"ez-toc-link ez-toc-heading-13\" href=\"https:\/\/www.signum.cat\/ca\/certificats-deficiencia-energetica-importancia-i-necessitat\/#Exemples_dautomatitzacio\" title=\"Exemples d&#8217;automatitzaci\u00f3\">Exemples d&#8217;automatitzaci\u00f3<\/a><\/li><li class='ez-toc-page-1 ez-toc-heading-level-3'><a class=\"ez-toc-link ez-toc-heading-14\" href=\"https:\/\/www.signum.cat\/ca\/certificats-deficiencia-energetica-importancia-i-necessitat\/#Sostenibilitat_i_futur\" title=\"Sostenibilitat i futur\">Sostenibilitat i futur<\/a><\/li><\/ul><\/li><li class='ez-toc-page-1 ez-toc-heading-level-2'><a class=\"ez-toc-link ez-toc-heading-15\" href=\"https:\/\/www.signum.cat\/ca\/certificats-deficiencia-energetica-importancia-i-necessitat\/#En_resum\" title=\"En resum\">En resum<\/a><\/li><\/ul><\/nav><\/div>\n<h2 class=\"wp-block-heading\"><span class=\"ez-toc-section\" id=\"Per_que_son_necessaris_aquests_certificats\"><\/span>Per qu\u00e8 s\u00f3n necessaris aquests certificats?<span class=\"ez-toc-section-end\"><\/span><\/h2>\n\n\n\n<p>Des del 2007, \u00e9s obligatori disposar d&#8217;un Certificat d&#8217;Efici\u00e8ncia Energ\u00e8tica per als edificis de nova construcci\u00f3, i el 2013 es va ampliar aquest requisit a la majoria dels edificis existents.<\/p>\n\n\n\n<p>Aquesta normativa <strong>\u00e9s part de les pol\u00edtiques europees i nacionals per reduir el consum d&#8217;energia<\/strong> i les emissions de carboni al sector de l&#8217;edificaci\u00f3. No complir aquesta obligaci\u00f3 pot resultar en sancions legals.<\/p>\n\n\n\n<h2 class=\"wp-block-heading\"><span class=\"ez-toc-section\" id=\"Contingut_dels_certificats_deficiencia_energetica\"><\/span>Contingut dels certificats d&#8217;efici\u00e8ncia energ\u00e8tica<span class=\"ez-toc-section-end\"><\/span><\/h2>\n\n\n\n<p>Els certificats defici\u00e8ncia energ\u00e8tica contenen informaci\u00f3 crucial sobre les caracter\u00edstiques energ\u00e8tiques d&#8217;un edifici o habitatge.<\/p>\n\n\n\n<p>Aix\u00f2 inclou l&#8217;efici\u00e8ncia de l&#8217;envolupant t\u00e8rmica, <a href=\"https:\/\/www.signum.cat\/ca\/calefaccio-a-barcelona\/\">instal\u00b7lacions de calefacci\u00f3<\/a> i refrigeraci\u00f3, <em>sistemes d&#8217;il\u00b7luminaci\u00f3, condicions d&#8217;ocupaci\u00f3, aix\u00ed com el confort t\u00e8rmic, lum\u00ednic i la qualitat de l&#8217;aire interior<\/em>. Tamb\u00e9 determinen el nivell de consum energ\u00e8tic i atorguen una qualificaci\u00f3 d&#8217;efici\u00e8ncia energ\u00e8tica.<\/p>\n\n\n\n<h2 class=\"wp-block-heading\"><span class=\"ez-toc-section\" id=\"Letiqueta_deficiencia_energetica\"><\/span>L&#8217;etiqueta d&#8217;efici\u00e8ncia energ\u00e8tica<span class=\"ez-toc-section-end\"><\/span><\/h2>\n\n\n\n<p>La qualificaci\u00f3 d&#8217;efici\u00e8ncia energ\u00e8tica s&#8217;expressa a trav\u00e9s de l&#8217;etiqueta <strong>d&#8217;efici\u00e8ncia energ\u00e8tica de l&#8217;edifici, que<\/strong> <strong>abasta 7 categories<\/strong>, des de l&#8217;A (<em>m\u00e0xima efici\u00e8ncia)<\/em> fins a la G (<em>m\u00ednima efici\u00e8ncia<\/em>).<\/p>\n\n\n<div class=\"wp-block-image\">\n<figure class=\"aligncenter size-full is-resized\"><img loading=\"lazy\" decoding=\"async\" width=\"900\" height=\"600\" src=\"https:\/\/www.signum.cat\/wp-content\/uploads\/2023\/10\/Etiqueta-de-eficiencia-energetica-del-edificio.jpg\" alt=\"Etiqueta d'efici\u00e8ncia energ\u00e8tica de l'edifici\" class=\"wp-image-3751\" style=\"aspect-ratio:1.5;width:611px;height:auto\" srcset=\"https:\/\/www.signum.cat\/wp-content\/uploads\/2023\/10\/Etiqueta-de-eficiencia-energetica-del-edificio.jpg 900w, https:\/\/www.signum.cat\/wp-content\/uploads\/2023\/10\/Etiqueta-de-eficiencia-energetica-del-edificio-300x200.jpg 300w, https:\/\/www.signum.cat\/wp-content\/uploads\/2023\/10\/Etiqueta-de-eficiencia-energetica-del-edificio-768x512.jpg 768w\" sizes=\"(max-width: 900px) 100vw, 900px\" \/><figcaption class=\"wp-element-caption\"><strong>Etiqueta d&#8217;efici\u00e8ncia energ\u00e8tica de l&#8217;edifici<\/strong><\/figcaption><\/figure><\/div>\n\n\n<p>Aquesta etiqueta <strong>proporciona informaci\u00f3 clara i comprensible<\/strong> sobre l&#8217;efici\u00e8ncia energ\u00e8tica d&#8217;un edifici i el consum estimat.<\/p>\n\n\n\n<h2 class=\"wp-block-heading\"><span class=\"ez-toc-section\" id=\"Recomanacions_per_millorar_leficiencia_energetica\"><\/span>Recomanacions per millorar l&#8217;efici\u00e8ncia energ\u00e8tica<span class=\"ez-toc-section-end\"><\/span><\/h2>\n\n\n\n<p>A m\u00e9s a m\u00e9s de la qualificaci\u00f3, el Certificat d&#8217;Efici\u00e8ncia Energ\u00e8tica inclou recomanacions per optimitzar l&#8217;efici\u00e8ncia energ\u00e8tica dels edificis existents.<\/p>\n\n\n\n<p>Aquests suggeriments s\u00f3n valuosos per als propietaris, ja que poden portar a una millor qualificaci\u00f3 i, en \u00faltima inst\u00e0ncia, estalvis significatius al <a href=\"https:\/\/www.signum.cat\/ca\/10-consells-per-estalviar-en-el-consum-de-llum\/\">consum de la llum<\/a>.<\/p>\n\n\n\n<figure class=\"wp-block-embed is-type-wp-embed is-provider-signum wp-block-embed-signum\"><div class=\"wp-block-embed__wrapper\">\n<blockquote class=\"wp-embedded-content\" data-secret=\"WLsxlH8zbu\"><a href=\"https:\/\/www.signum.cat\/ahorrar-consumo-de-luz\/\">10 consejos para ahorrar en el consumo de luz<\/a><\/blockquote><iframe class=\"wp-embedded-content\" sandbox=\"allow-scripts\" security=\"restricted\" style=\"position: absolute; clip: rect(1px, 1px, 1px, 1px);\" title=\"\u00ab10 consejos para ahorrar en el consumo de luz\u00bb \u2014 SIGNUM\" src=\"https:\/\/www.signum.cat\/ahorrar-consumo-de-luz\/embed\/#?secret=3uYET51djU#?secret=WLsxlH8zbu\" data-secret=\"WLsxlH8zbu\" width=\"600\" height=\"338\" frameborder=\"0\" marginwidth=\"0\" marginheight=\"0\" scrolling=\"no\"><\/iframe>\n<\/div><figcaption class=\"wp-element-caption\">Consells per estalviar a la factura de la llum<\/figcaption><\/figure>\n\n\n\n<h2 class=\"wp-block-heading\"><span class=\"ez-toc-section\" id=\"Leficiencia_energetica_a_ledificacio\"><\/span>L&#8217;efici\u00e8ncia energ\u00e8tica a l&#8217;edificaci\u00f3<span class=\"ez-toc-section-end\"><\/span><\/h2>\n\n\n\n<p>L&#8217;efici\u00e8ncia energ\u00e8tica a l&#8217;edificaci\u00f3 \u00e9s un factor cr\u00edtic en la recerca d&#8217;un futur m\u00e9s sostenible i respectu\u00f3s amb el medi ambient. L&#8217;obtenci\u00f3 de Certificats d&#8217;Efici\u00e8ncia Energ\u00e8tica exerceix un paper fonamental en aquesta direcci\u00f3.<\/p>\n\n\n\n<p>A continuaci\u00f3, es presenten algunes dades d&#8217;inter\u00e8s relacionades amb l&#8217;efici\u00e8ncia energ\u00e8tica a l&#8217;edificaci\u00f3 i els percentatges clau associats.<\/p>\n\n\n\n<h3 class=\"wp-block-heading\"><span class=\"ez-toc-section\" id=\"Percentatge_de_consum_energetic_a_edificis\"><\/span>Percentatge de consum energ\u00e8tic a edificis<span class=\"ez-toc-section-end\"><\/span><\/h3>\n\n\n\n<p>Segons dades de l&#8217;<a href=\"https:\/\/energia.gob.es\/REI\/relacions-energ\u00e8tiques-internacionals\/organismes-internacionals\/Pagines\/ag\u00e8ncia-internacional-energia.aspx\" target=\"_blank\" rel=\"noreferrer noopener\">Ag\u00e8ncia Internacional d&#8217;Energia<\/a> (AIE), <strong>els edificis representen aproximadament el 40% del consum energ\u00e8tic mundial<\/strong>. Aix\u00f2 subratlla la import\u00e0ncia de millorar l&#8217;efici\u00e8ncia energ\u00e8tica en aquest sector per reduir <strong>la petjada ambiental i els costos operatius<\/strong>.<\/p>\n\n\n\n<h3 class=\"wp-block-heading\"><span class=\"ez-toc-section\" id=\"Augment_a_la_demanda_de_certificats_deficiencia_energetica\"><\/span>Augment a la demanda de certificats d&#8217;efici\u00e8ncia energ\u00e8tica<span class=\"ez-toc-section-end\"><\/span><\/h3>\n\n\n\n<p>Des de la introducci\u00f3 de l&#8217;obligaci\u00f3 d&#8217;obtenir Certificats d&#8217;Efici\u00e8ncia Energ\u00e8tica a edificis el 2007, la demanda ha augmentat significativament.<\/p>\n\n\n\n<p>El 2013, la regulaci\u00f3 es va ampliar per incloure la majoria dels edificis existents, fet que va resultar en un increment notable en l&#8217;emissi\u00f3 d&#8217;aquests certificats.<\/p>\n\n\n\n<p>A m\u00e9s, amb la promulgaci\u00f3 d&#8217;<a href=\"https:\/\/www.boe.es\/buscar\/doc.php?id=BOE-A-2021-9176\" target=\"_blank\" rel=\"noreferrer noopener nofollow\">El Reial decret 390\/2021 el juny del 2021<\/a> s&#8217;ha ampliat encara m\u00e9s el nombre d&#8217;edificis que requereixen aquests certificats, incloent-hi l&#8217;obligaci\u00f3 de mostrar p\u00fablicament l&#8217;etiqueta d&#8217;efici\u00e8ncia energ\u00e8tica en immobles que es posen a la venda o el lloguer.<\/p>\n\n\n\n<h3 class=\"wp-block-heading\"><span class=\"ez-toc-section\" id=\"Qualificacio_deficiencia_energetica_i_estalvi_potencial\"><\/span>Qualificaci\u00f3 d&#8217;efici\u00e8ncia energ\u00e8tica i estalvi potencial<span class=\"ez-toc-section-end\"><\/span><\/h3>\n\n\n\n<p>L&#8217;etiqueta d&#8217;efici\u00e8ncia energ\u00e8tica ofereix una informaci\u00f3 valuosa a propietaris i compradors.<\/p>\n\n\n\n<p>Un estudi realitzat per <a href=\"https:\/\/www.idae.es\/ahorra-energia\" target=\"_blank\" rel=\"noreferrer noopener nofollow\">Institut per a la Diversificaci\u00f3 i Estalvi d&#8217;Energia<\/a> (IDAE) assenyala que passar d&#8217;una qualificaci\u00f3 G a una qualificaci\u00f3 C, per exemple, <strong>pot suposar un estalvi de fins al 50% a la factura d&#8217;energia.<\/strong><\/p>\n\n\n\n<h3 class=\"wp-block-heading\"><span class=\"ez-toc-section\" id=\"Diversitat_de_sistemes_de_certificacio\"><\/span>Diversitat de sistemes de certificaci\u00f3<span class=\"ez-toc-section-end\"><\/span><\/h3>\n\n\n\n<p>El Ministeri d&#8217;Ind\u00fastria ha aprovat diversos sistemes per a l&#8217;emissi\u00f3 de Certificats d&#8217;Efici\u00e8ncia Energ\u00e8tica, com <strong>CE3, CE3X, HULC i CERMA<\/strong>. Aix\u00f2 garanteix la flexibilitat i l&#8217;adaptaci\u00f3 a diferents tipus d&#8217;edificis i situacions.<\/p>\n\n\n<div class=\"wp-block-image\">\n<figure class=\"aligncenter size-full is-resized\"><img loading=\"lazy\" decoding=\"async\" width=\"900\" height=\"600\" src=\"https:\/\/www.signum.cat\/wp-content\/uploads\/2023\/10\/Certificacion-Energetica-actualizado-desde-el-Ministerio-de-Industria.jpg\" alt=\"Certificaci\u00f3 Energ\u00e8tica actualitzat des del Ministeri d'Ind\u00fastria\" class=\"wp-image-3753\" style=\"aspect-ratio:1.5;width:660px;height:auto\" srcset=\"https:\/\/www.signum.cat\/wp-content\/uploads\/2023\/10\/Certificacion-Energetica-actualizado-desde-el-Ministerio-de-Industria.jpg 900w, https:\/\/www.signum.cat\/wp-content\/uploads\/2023\/10\/Certificacion-Energetica-actualizado-desde-el-Ministerio-de-Industria-300x200.jpg 300w, https:\/\/www.signum.cat\/wp-content\/uploads\/2023\/10\/Certificacion-Energetica-actualizado-desde-el-Ministerio-de-Industria-768x512.jpg 768w\" sizes=\"(max-width: 900px) 100vw, 900px\" \/><figcaption class=\"wp-element-caption\"><a href=\"https:\/\/www.n2eco.es\/2016\/06\/12\/nueva-version-ce3x-2-3-ce3-y-lider-calener\/\" target=\"_blank\" rel=\"noreferrer noopener nofollow\">Certificaci\u00f3 Energ\u00e8tica actualitzada des del Ministeri d&#8217;Ind\u00fastria<\/a><\/figcaption><\/figure><\/div>\n\n\n<p>Aquestes dades i percentatges subratllen la import\u00e0ncia creixent de l&#8217;efici\u00e8ncia energ\u00e8tica en l&#8217;edificaci\u00f3 i la necessitat de complir les regulacions vigents per contribuir a<strong>&nbsp;l&#8217;estalvi d&#8217;energia i la reducci\u00f3 d&#8217;emissions de carboni<\/strong> al sector de la construcci\u00f3.<\/p>\n\n\n\n<h2 class=\"wp-block-heading\"><span class=\"ez-toc-section\" id=\"Automatitzacio_dedificis_i_habitatges_en_leficiencia_energetica\"><\/span>Automatitzaci\u00f3 d&#8217;edificis i habitatges en l&#8217;efici\u00e8ncia energ\u00e8tica<span class=\"ez-toc-section-end\"><\/span><\/h2>\n\n\n\n<p>La combinaci\u00f3 d&#8217;ambdues tecnologies contribueix de manera considerable a la reducci\u00f3 del consum d&#8217;energia i, per tant, a una qualificaci\u00f3 energ\u00e8tica millor dels immobles.<\/p>\n\n\n\n<p>A continuaci\u00f3, s&#8217;explorar\u00e0 la import\u00e0ncia de l&#8217;automatitzaci\u00f3 en el context de l&#8217;efici\u00e8ncia energ\u00e8tica i els certificats d&#8217;efici\u00e8ncia energ\u00e8tica.<\/p>\n\n\n\n<h3 class=\"wp-block-heading\"><span class=\"ez-toc-section\" id=\"Eficiencia_energetica_i_automatitzacio\"><\/span>Efici\u00e8ncia energ\u00e8tica i automatitzaci\u00f3<span class=\"ez-toc-section-end\"><\/span><\/h3>\n\n\n\n<p><a href=\"https:\/\/www.signum.cat\/ca\/automatitzacio-dedificis\/\">L&#8217;automatitzaci\u00f3 d&#8217;edificis<\/a> i habitatges implica l&#8217;\u00fas de tecnologies avan\u00e7ades per controlar i gestionar sistemes com la calefacci\u00f3, la refrigeraci\u00f3, la il\u00b7luminaci\u00f3 i altres dispositius el\u00e8ctrics de manera intel\u00b7ligent i eficient.<\/p>\n\n\n<div class=\"wp-block-image\">\n<figure class=\"aligncenter size-full\"><img loading=\"lazy\" decoding=\"async\" width=\"900\" height=\"600\" src=\"https:\/\/www.signum.cat\/wp-content\/uploads\/2023\/10\/Automatizacion-de-edificios.jpg\" alt=\"Automatitzaci\u00f3 d'edificis\" class=\"wp-image-3755\" srcset=\"https:\/\/www.signum.cat\/wp-content\/uploads\/2023\/10\/Automatizacion-de-edificios.jpg 900w, https:\/\/www.signum.cat\/wp-content\/uploads\/2023\/10\/Automatizacion-de-edificios-300x200.jpg 300w, https:\/\/www.signum.cat\/wp-content\/uploads\/2023\/10\/Automatizacion-de-edificios-768x512.jpg 768w\" sizes=\"(max-width: 900px) 100vw, 900px\" \/><\/figure><\/div>\n\n\n<p>Aix\u00f2 permet adaptar el consum d&#8217;energia a les necessitats reals dels ocupants i a les condicions ambientals, minimitzant el malbaratament d&#8217;energia.<\/p>\n\n\n\n<h3 class=\"wp-block-heading\"><span class=\"ez-toc-section\" id=\"Impacte_als_certificats_deficiencia_energetica\"><\/span>Impacte als certificats d&#8217;efici\u00e8ncia energ\u00e8tica<span class=\"ez-toc-section-end\"><\/span><\/h3>\n\n\n\n<p>En optimitzar l&#8217;\u00fas de l&#8217;energia, els sistemes automatitzats poden elevar la qualificaci\u00f3 d&#8217;un edifici, fins i tot en edificis existents.<\/p>\n\n\n\n<p>Aix\u00f2 es tradueix en una etiqueta d&#8217;efici\u00e8ncia energ\u00e8tica m\u00e9s alta, cosa que alhora pot augmentar el valor de la propietat i reduir els costos operatius al llarg del temps.<\/p>\n\n\n\n<h3 class=\"wp-block-heading\"><span class=\"ez-toc-section\" id=\"Exemples_dautomatitzacio\"><\/span>Exemples d&#8217;automatitzaci\u00f3<span class=\"ez-toc-section-end\"><\/span><\/h3>\n\n\n\n<p>Els <a href=\"https:\/\/www.signum.cat\/ca\/automatitzacio-de-la-llar-val-la-pena\/\">sistemes d&#8217;automatitzaci\u00f3 a la llar<\/a> poden incloure <strong>term\u00f2stats intel\u00b7ligents <\/strong>que ajusten la temperatura segons la pres\u00e8ncia de persones i les condicions clim\u00e0tiques, <strong>sensors<strong> de llum&nbsp;<\/strong><\/strong>que regulen la il\u00b7luminaci\u00f3 en funci\u00f3 de la llum natural,<strong> i <strong>sistemes de gesti\u00f3 energ\u00e8tica que<\/strong><\/strong>&nbsp;permeten als propietaris monitorar i controlar el consum d&#8217;energia en temps real.<\/p>\n\n\n\n<figure class=\"wp-block-embed is-type-wp-embed is-provider-signum wp-block-embed-signum\"><div class=\"wp-block-embed__wrapper\">\n<blockquote class=\"wp-embedded-content\" data-secret=\"HkQrMvLk1A\"><a href=\"https:\/\/www.signum.cat\/sistemas-domoticos\/\">Sistemas dom\u00f3ticos en casa: 30 ideas para domotizar tu hogar<\/a><\/blockquote><iframe class=\"wp-embedded-content\" sandbox=\"allow-scripts\" security=\"restricted\" style=\"position: absolute; clip: rect(1px, 1px, 1px, 1px);\" title=\"\u00abSistemas dom\u00f3ticos en casa: 30 ideas para domotizar tu hogar\u00bb \u2014 SIGNUM\" src=\"https:\/\/www.signum.cat\/sistemas-domoticos\/embed\/#?secret=4Cz7ABxXCR#?secret=HkQrMvLk1A\" data-secret=\"HkQrMvLk1A\" width=\"600\" height=\"338\" frameborder=\"0\" marginwidth=\"0\" marginheight=\"0\" scrolling=\"no\"><\/iframe>\n<\/div><figcaption class=\"wp-element-caption\">Idees per instal\u00b7lar sistemes de dom\u00f2tica en un habitatge<\/figcaption><\/figure>\n\n\n\n<p>La dom\u00f2tica pot integrar dispositius intel\u00b7ligents com electrodom\u00e8stics eficients i sistemes de gesti\u00f3 d&#8217;energia en una xarxa coherent per a un control encara m\u00e9s avan\u00e7at.<\/p>\n\n\n\n<h3 class=\"wp-block-heading\"><span class=\"ez-toc-section\" id=\"Sostenibilitat_i_futur\"><\/span>Sostenibilitat i futur<span class=\"ez-toc-section-end\"><\/span><\/h3>\n\n\n\n<p>L&#8217;automatitzaci\u00f3 en edificis i habitatges no nom\u00e9s millora l&#8217;<a href=\"https:\/\/www.signum.cat\/ca\/eficiencia-energetica-un-futur-mes-sostenible\/\">efici\u00e8ncia&nbsp;energ\u00e8tica<\/a>, sin\u00f3 que tamb\u00e9 contribueix a la sostenibilitat i la reducci\u00f3 d&#8217;emissions de carboni.<\/p>\n\n\n\n<p>A mesura que avan\u00e7a la tecnologia, la implementaci\u00f3 dels <a href=\"https:\/\/www.signum.cat\/ca\/implementacio-de-sistemes-de-gestio-dedificis-bms\/\">sistemes de gesti\u00f3 d&#8217;edificis BMS, <\/a>s&#8217;est\u00e0 convertint en un est\u00e0ndard en la construcci\u00f3 moderna i en la renovaci\u00f3 d&#8217;edificis existents.<\/p>\n\n\n\n<blockquote class=\"wp-block-quote\">\n<p><em>La combinaci\u00f3 de l&#8217;automatitzaci\u00f3 amb els Certificats d&#8217;Efici\u00e8ncia Energ\u00e8tica representa un enfocament integral per abordar els reptes energ\u00e8tics i ambientals<\/em>.<\/p>\n<\/blockquote>\n\n\n\n<p>Aquesta sinergia entre tecnologia i certificaci\u00f3 energ\u00e8tica \u00e9s essencial per a <strong>construir un futur m\u00e9s sostenible i eficient<\/strong> en termes energ\u00e8tics al sector de l&#8217;edificaci\u00f3.<\/p>\n\n\n\n<h2 class=\"wp-block-heading\"><span class=\"ez-toc-section\" id=\"En_resum\"><\/span>En resum<span class=\"ez-toc-section-end\"><\/span><\/h2>\n\n\n\n<p>Els Certificats d&#8217;Efici\u00e8ncia Energ\u00e8tica s\u00f3n documents essencials que <em>brinden informaci\u00f3 detallada sobre el rendiment energ\u00e8tic d&#8217;un edifici<\/em>.<\/p>\n\n\n\n<p>S\u00f3n necessaris per complir les regulacions i pol\u00edtiques energ\u00e8tiques, i contenen dades valuoses per a propietaris i compradors en la cerca d&#8217;una edificaci\u00f3 m\u00e9s eficient i sostenible.<\/p>\n","protected":false},"excerpt":{"rendered":"<p>Els certificats d&#8217;efici\u00e8ncia energ\u00e8tica s\u00f3n documents fonamentals en l&#8217;\u00e0mbit de construcci\u00f3 i edificaci\u00f3. Proporcionen una avaluaci\u00f3 detallada de l&#8217;efici\u00e8ncia energ\u00e8tica d&#8217;un edifici, una part d&#8217;aquest, o fins i tot d&#8217;un habitatge individual. Per qu\u00e8 s\u00f3n necessaris aquests certificats? Des del&#8230;<\/p>\n","protected":false},"author":2,"featured_media":3758,"comment_status":"closed","ping_status":"closed","sticky":false,"template":"","format":"standard","meta":{"_kad_post_transparent":"","_kad_post_title":"","_kad_post_layout":"","_kad_post_sidebar_id":"","_kad_post_content_style":"","_kad_post_vertical_padding":"","_kad_post_feature":"","_kad_post_feature_position":"","_kad_post_header":false,"_kad_post_footer":false,"footnotes":"","_joinchat":[]},"categories":[32],"tags":[],"yoast_head":"<!-- This site is optimized with the Yoast SEO plugin v21.7 - https:\/\/yoast.com\/wordpress\/plugins\/seo\/ -->\n<title>Certificats d&#039;efici\u00e8ncia energ\u00e8tica: import\u00e0ncia i necessitat<\/title>\n<meta name=\"description\" content=\"Certificats d&#039;Efici\u00e8ncia Energ\u00e8tica: la clau per avaluar i millorar l&#039;efici\u00e8ncia d&#039;edificis. Coneixeu-ne l&#039;impacte i estalvieu energia.\" \/>\n<meta name=\"robots\" content=\"index, follow, max-snippet:-1, max-image-preview:large, max-video-preview:-1\" \/>\n<link rel=\"canonical\" href=\"https:\/\/www.signum.cat\/ca\/certificats-deficiencia-energetica-importancia-i-necessitat\/\" \/>\n<meta property=\"og:locale\" content=\"ca_ES\" \/>\n<meta property=\"og:type\" content=\"article\" \/>\n<meta property=\"og:title\" content=\"Certificats d&#039;efici\u00e8ncia energ\u00e8tica: import\u00e0ncia i necessitat\" \/>\n<meta property=\"og:description\" content=\"Certificats d&#039;Efici\u00e8ncia Energ\u00e8tica: la clau per avaluar i millorar l&#039;efici\u00e8ncia d&#039;edificis. Coneixeu-ne l&#039;impacte i estalvieu energia.\" \/>\n<meta property=\"og:url\" content=\"https:\/\/www.signum.cat\/ca\/certificats-deficiencia-energetica-importancia-i-necessitat\/\" \/>\n<meta property=\"og:site_name\" content=\"SIGNUM\" \/>\n<meta property=\"article:published_time\" content=\"2023-11-07T17:13:17+00:00\" \/>\n<meta property=\"article:modified_time\" content=\"2023-11-07T17:18:00+00:00\" \/>\n<meta property=\"og:image\" content=\"https:\/\/www.signum.cat\/wp-content\/uploads\/2023\/10\/Certificados-de-eficiencia-energetica-en-edificios.jpg\" \/>\n\t<meta property=\"og:image:width\" content=\"900\" \/>\n\t<meta property=\"og:image:height\" content=\"600\" \/>\n\t<meta property=\"og:image:type\" content=\"image\/jpeg\" \/>\n<meta name=\"author\" content=\"Signum\" \/>\n<meta name=\"twitter:card\" content=\"summary_large_image\" \/>\n<meta name=\"twitter:label1\" content=\"Written by\" \/>\n\t<meta name=\"twitter:data1\" content=\"Signum\" \/>\n\t<meta name=\"twitter:label2\" content=\"Est. reading time\" \/>\n\t<meta name=\"twitter:data2\" content=\"6 minutes\" \/>\n<script type=\"application\/ld+json\" class=\"yoast-schema-graph\">{\"@context\":\"https:\/\/schema.org\",\"@graph\":[{\"@type\":\"Article\",\"@id\":\"https:\/\/www.signum.cat\/ca\/certificats-deficiencia-energetica-importancia-i-necessitat\/#article\",\"isPartOf\":{\"@id\":\"https:\/\/www.signum.cat\/ca\/certificats-deficiencia-energetica-importancia-i-necessitat\/\"},\"author\":{\"name\":\"Signum\",\"@id\":\"https:\/\/www.signum.cat\/#\/schema\/person\/c2e78202a3b382edd9e2930aac0b4def\"},\"headline\":\"Certificats d&#8217;efici\u00e8ncia energ\u00e8tica: import\u00e0ncia i necessitat\",\"datePublished\":\"2023-11-07T17:13:17+00:00\",\"dateModified\":\"2023-11-07T17:18:00+00:00\",\"mainEntityOfPage\":{\"@id\":\"https:\/\/www.signum.cat\/ca\/certificats-deficiencia-energetica-importancia-i-necessitat\/\"},\"wordCount\":1153,\"publisher\":{\"@id\":\"https:\/\/www.signum.cat\/#organization\"},\"articleSection\":[\"L'Efici\u00e8ncia Energ\u00e8tica\"],\"inLanguage\":\"ca-ES\"},{\"@type\":\"WebPage\",\"@id\":\"https:\/\/www.signum.cat\/ca\/certificats-deficiencia-energetica-importancia-i-necessitat\/\",\"url\":\"https:\/\/www.signum.cat\/ca\/certificats-deficiencia-energetica-importancia-i-necessitat\/\",\"name\":\"Certificats d'efici\u00e8ncia energ\u00e8tica: import\u00e0ncia i necessitat\",\"isPartOf\":{\"@id\":\"https:\/\/www.signum.cat\/#website\"},\"datePublished\":\"2023-11-07T17:13:17+00:00\",\"dateModified\":\"2023-11-07T17:18:00+00:00\",\"description\":\"Certificats d'Efici\u00e8ncia Energ\u00e8tica: la clau per avaluar i millorar l'efici\u00e8ncia d'edificis. Coneixeu-ne l'impacte i estalvieu energia.\",\"breadcrumb\":{\"@id\":\"https:\/\/www.signum.cat\/ca\/certificats-deficiencia-energetica-importancia-i-necessitat\/#breadcrumb\"},\"inLanguage\":\"ca-ES\",\"potentialAction\":[{\"@type\":\"ReadAction\",\"target\":[\"https:\/\/www.signum.cat\/ca\/certificats-deficiencia-energetica-importancia-i-necessitat\/\"]}]},{\"@type\":\"BreadcrumbList\",\"@id\":\"https:\/\/www.signum.cat\/ca\/certificats-deficiencia-energetica-importancia-i-necessitat\/#breadcrumb\",\"itemListElement\":[{\"@type\":\"ListItem\",\"position\":1,\"name\":\"Portada\",\"item\":\"https:\/\/www.signum.cat\/ca\/\"},{\"@type\":\"ListItem\",\"position\":2,\"name\":\"Certificats d&#8217;efici\u00e8ncia energ\u00e8tica: import\u00e0ncia i necessitat\"}]},{\"@type\":\"WebSite\",\"@id\":\"https:\/\/www.signum.cat\/#website\",\"url\":\"https:\/\/www.signum.cat\/\",\"name\":\"SIGNUM\",\"description\":\"Electricidad, dom\u00f3tica e inm\u00f3tica\",\"publisher\":{\"@id\":\"https:\/\/www.signum.cat\/#organization\"},\"potentialAction\":[{\"@type\":\"SearchAction\",\"target\":{\"@type\":\"EntryPoint\",\"urlTemplate\":\"https:\/\/www.signum.cat\/?s={search_term_string}\"},\"query-input\":\"required name=search_term_string\"}],\"inLanguage\":\"ca-ES\"},{\"@type\":\"Organization\",\"@id\":\"https:\/\/www.signum.cat\/#organization\",\"name\":\"SIGNUM\",\"url\":\"https:\/\/www.signum.cat\/\",\"logo\":{\"@type\":\"ImageObject\",\"inLanguage\":\"ca-ES\",\"@id\":\"https:\/\/www.signum.cat\/#\/schema\/logo\/image\/\",\"url\":\"https:\/\/www.signum.cat\/wp-content\/uploads\/2021\/02\/Logo-SIGNUM-Favicon-1.png\",\"contentUrl\":\"https:\/\/www.signum.cat\/wp-content\/uploads\/2021\/02\/Logo-SIGNUM-Favicon-1.png\",\"width\":80,\"height\":73,\"caption\":\"SIGNUM\"},\"image\":{\"@id\":\"https:\/\/www.signum.cat\/#\/schema\/logo\/image\/\"}},{\"@type\":\"Person\",\"@id\":\"https:\/\/www.signum.cat\/#\/schema\/person\/c2e78202a3b382edd9e2930aac0b4def\",\"name\":\"Signum\"}]}<\/script>\n<!-- \/ Yoast SEO plugin. -->","yoast_head_json":{"title":"Certificats d'efici\u00e8ncia energ\u00e8tica: import\u00e0ncia i necessitat","description":"Certificats d'Efici\u00e8ncia Energ\u00e8tica: la clau per avaluar i millorar l'efici\u00e8ncia d'edificis. Coneixeu-ne l'impacte i estalvieu energia.","robots":{"index":"index","follow":"follow","max-snippet":"max-snippet:-1","max-image-preview":"max-image-preview:large","max-video-preview":"max-video-preview:-1"},"canonical":"https:\/\/www.signum.cat\/ca\/certificats-deficiencia-energetica-importancia-i-necessitat\/","og_locale":"ca_ES","og_type":"article","og_title":"Certificats d'efici\u00e8ncia energ\u00e8tica: import\u00e0ncia i necessitat","og_description":"Certificats d'Efici\u00e8ncia Energ\u00e8tica: la clau per avaluar i millorar l'efici\u00e8ncia d'edificis. Coneixeu-ne l'impacte i estalvieu energia.","og_url":"https:\/\/www.signum.cat\/ca\/certificats-deficiencia-energetica-importancia-i-necessitat\/","og_site_name":"SIGNUM","article_published_time":"2023-11-07T17:13:17+00:00","article_modified_time":"2023-11-07T17:18:00+00:00","og_image":[{"width":900,"height":600,"url":"https:\/\/www.signum.cat\/wp-content\/uploads\/2023\/10\/Certificados-de-eficiencia-energetica-en-edificios.jpg","type":"image\/jpeg"}],"author":"Signum","twitter_card":"summary_large_image","twitter_misc":{"Written by":"Signum","Est. reading time":"6 minutes"},"schema":{"@context":"https:\/\/schema.org","@graph":[{"@type":"Article","@id":"https:\/\/www.signum.cat\/ca\/certificats-deficiencia-energetica-importancia-i-necessitat\/#article","isPartOf":{"@id":"https:\/\/www.signum.cat\/ca\/certificats-deficiencia-energetica-importancia-i-necessitat\/"},"author":{"name":"Signum","@id":"https:\/\/www.signum.cat\/#\/schema\/person\/c2e78202a3b382edd9e2930aac0b4def"},"headline":"Certificats d&#8217;efici\u00e8ncia energ\u00e8tica: import\u00e0ncia i necessitat","datePublished":"2023-11-07T17:13:17+00:00","dateModified":"2023-11-07T17:18:00+00:00","mainEntityOfPage":{"@id":"https:\/\/www.signum.cat\/ca\/certificats-deficiencia-energetica-importancia-i-necessitat\/"},"wordCount":1153,"publisher":{"@id":"https:\/\/www.signum.cat\/#organization"},"articleSection":["L'Efici\u00e8ncia Energ\u00e8tica"],"inLanguage":"ca-ES"},{"@type":"WebPage","@id":"https:\/\/www.signum.cat\/ca\/certificats-deficiencia-energetica-importancia-i-necessitat\/","url":"https:\/\/www.signum.cat\/ca\/certificats-deficiencia-energetica-importancia-i-necessitat\/","name":"Certificats d'efici\u00e8ncia energ\u00e8tica: import\u00e0ncia i necessitat","isPartOf":{"@id":"https:\/\/www.signum.cat\/#website"},"datePublished":"2023-11-07T17:13:17+00:00","dateModified":"2023-11-07T17:18:00+00:00","description":"Certificats d'Efici\u00e8ncia Energ\u00e8tica: la clau per avaluar i millorar l'efici\u00e8ncia d'edificis. Coneixeu-ne l'impacte i estalvieu energia.","breadcrumb":{"@id":"https:\/\/www.signum.cat\/ca\/certificats-deficiencia-energetica-importancia-i-necessitat\/#breadcrumb"},"inLanguage":"ca-ES","potentialAction":[{"@type":"ReadAction","target":["https:\/\/www.signum.cat\/ca\/certificats-deficiencia-energetica-importancia-i-necessitat\/"]}]},{"@type":"BreadcrumbList","@id":"https:\/\/www.signum.cat\/ca\/certificats-deficiencia-energetica-importancia-i-necessitat\/#breadcrumb","itemListElement":[{"@type":"ListItem","position":1,"name":"Portada","item":"https:\/\/www.signum.cat\/ca\/"},{"@type":"ListItem","position":2,"name":"Certificats d&#8217;efici\u00e8ncia energ\u00e8tica: import\u00e0ncia i necessitat"}]},{"@type":"WebSite","@id":"https:\/\/www.signum.cat\/#website","url":"https:\/\/www.signum.cat\/","name":"SIGNUM","description":"Electricidad, dom\u00f3tica e inm\u00f3tica","publisher":{"@id":"https:\/\/www.signum.cat\/#organization"},"potentialAction":[{"@type":"SearchAction","target":{"@type":"EntryPoint","urlTemplate":"https:\/\/www.signum.cat\/?s={search_term_string}"},"query-input":"required name=search_term_string"}],"inLanguage":"ca-ES"},{"@type":"Organization","@id":"https:\/\/www.signum.cat\/#organization","name":"SIGNUM","url":"https:\/\/www.signum.cat\/","logo":{"@type":"ImageObject","inLanguage":"ca-ES","@id":"https:\/\/www.signum.cat\/#\/schema\/logo\/image\/","url":"https:\/\/www.signum.cat\/wp-content\/uploads\/2021\/02\/Logo-SIGNUM-Favicon-1.png","contentUrl":"https:\/\/www.signum.cat\/wp-content\/uploads\/2021\/02\/Logo-SIGNUM-Favicon-1.png","width":80,"height":73,"caption":"SIGNUM"},"image":{"@id":"https:\/\/www.signum.cat\/#\/schema\/logo\/image\/"}},{"@type":"Person","@id":"https:\/\/www.signum.cat\/#\/schema\/person\/c2e78202a3b382edd9e2930aac0b4def","name":"Signum"}]}},"_links":{"self":[{"href":"https:\/\/www.signum.cat\/ca\/wp-json\/wp\/v2\/posts\/3774"}],"collection":[{"href":"https:\/\/www.signum.cat\/ca\/wp-json\/wp\/v2\/posts"}],"about":[{"href":"https:\/\/www.signum.cat\/ca\/wp-json\/wp\/v2\/types\/post"}],"author":[{"embeddable":true,"href":"https:\/\/www.signum.cat\/ca\/wp-json\/wp\/v2\/users\/2"}],"replies":[{"embeddable":true,"href":"https:\/\/www.signum.cat\/ca\/wp-json\/wp\/v2\/comments?post=3774"}],"version-history":[{"count":3,"href":"https:\/\/www.signum.cat\/ca\/wp-json\/wp\/v2\/posts\/3774\/revisions"}],"predecessor-version":[{"id":3778,"href":"https:\/\/www.signum.cat\/ca\/wp-json\/wp\/v2\/posts\/3774\/revisions\/3778"}],"wp:featuredmedia":[{"embeddable":true,"href":"https:\/\/www.signum.cat\/ca\/wp-json\/wp\/v2\/media\/3758"}],"wp:attachment":[{"href":"https:\/\/www.signum.cat\/ca\/wp-json\/wp\/v2\/media?parent=3774"}],"wp:term":[{"taxonomy":"category","embeddable":true,"href":"https:\/\/www.signum.cat\/ca\/wp-json\/wp\/v2\/categories?post=3774"},{"taxonomy":"post_tag","embeddable":true,"href":"https:\/\/www.signum.cat\/ca\/wp-json\/wp\/v2\/tags?post=3774"}],"curies":[{"name":"wp","href":"https:\/\/api.w.org\/{rel}","templated":true}]}}